{"id":631,"date":"2026-04-24T08:28:59","date_gmt":"2026-04-24T06:28:59","guid":{"rendered":"https:\/\/semmelweis.hu\/zoldegyetem\/?p=631"},"modified":"2026-04-24T08:28:59","modified_gmt":"2026-04-24T06:28:59","slug":"fold-napja-a-semmelweis-egyetem-ovodajaban","status":"publish","type":"post","link":"https:\/\/semmelweis.hu\/zoldegyetem\/2026\/04\/24\/fold-napja-a-semmelweis-egyetem-ovodajaban\/","title":{"rendered":"F\u00d6LD NAPJA A SEMMELWEIS EGYETEM \u00d3VOD\u00c1J\u00c1BAN"},"content":{"rendered":"<p style=\"text-align: justify\">Az idei F\u00f6ld napj\u00e1hoz kapcsol\u00f3d\u00f3 \u00f3vodai projekt a csal\u00e1dokat is \u201emegmozd\u00edtotta\u201d. Bevonva a sz\u00fcl\u0151ket a programba k\u00e9rt\u00fck, hogy gyermekeikkel b\u00e1rmilyen term\u00e9szeti jelens\u00e9ghez, id\u0151j\u00e1r\u00e1shoz, meg\u00fajul\u00f3 energi\u00e1hoz kapcsol\u00f3d\u00f3 makettet k\u00e9sz\u00edtsenek otthon k\u00f6z\u00f6sen, figyelve az \u00fajrahasznos\u00edt\u00e1s fontoss\u00e1g\u00e1ra, \u00e9s besz\u00e9lgessenek a gyerekekkel a k\u00e9sz\u00edtett makettr\u0151l, mivel az alkot\u00e1sokat \u0151k mutatt\u00e1k be t\u00e1rsaiknak a saj\u00e1t szavaikkal, \u00e9s a k\u00eds\u00e9rleteket is \u0151k jelen\u00edtett\u00e9k meg.<\/p>\n<p style=\"text-align: justify\">Az alkot\u00e1sok \u00e9rkez\u00e9s\u00e9t a F\u00f6ld napj\u00e1ra v\u00e1rtuk. Meglepett benn\u00fcnket a sokf\u00e9le \u00f6tlet, mellyel k\u00e9sz\u00fcltek a gyerekek. Volt, aki egy vulk\u00e1n kit\u00f6r\u00e9s\u00e9t mutatta be k\u00eds\u00e9rlettel, volt, aki mini sz\u00e9ler\u0151m\u0171vet k\u00e9sz\u00edtett, akadt, aki a pillang\u00f3k \u00e9letciklus\u00e1t k\u00e9sz\u00edtette el, de v\u00edztiszt\u00edt\u00f3 berendez\u00e9st \u00e9s v\u00edzer\u0151m\u0171vet is l\u00e1thattunk, illetve saj\u00e1t k\u00e9sz\u00edt\u00e9s\u0171 t\u00e1rsasj\u00e1t\u00e9kkal is k\u00e9sz\u00fcltek. Sz\u00e1mtalan szebbn\u00e9l-szebb bemutat\u00f3t hallottunk a gyerekekt\u0151l, saj\u00e1t szavaikkal ismertetve makettj\u00fck l\u00e9nyeg\u00e9t, melyekkel \u0151k maguk ny\u00fajtottak egym\u00e1snak gazdag ismereteket a k\u00f6rnyezetv\u00e9delemr\u0151l, a meg\u00fajul\u00f3 energia fontoss\u00e1g\u00e1r\u00f3l, a term\u00e9szeti-\u00e9s id\u0151j\u00e1r\u00e1si jelens\u00e9gek hasznoss\u00e1g\u00e1r\u00f3l \u00e9s k\u00f6vetkezm\u00e9nyeir\u0151l, k\u00f6rnyezet\u00fcnk tiszt\u00e1ntart\u00e1s\u00e1r\u00f3l, hullad\u00e9kok szelekt\u00edv gy\u0171jt\u00e9s\u00e9r\u0151l, \u00e9s az \u00e9l\u0151vil\u00e1gunk soksz\u00edn\u0171s\u00e9g\u00e9r\u0151l.<\/p>\n<p style=\"text-align: justify\">A bemutat\u00f3k ut\u00e1n a Z\u00f6ld Egyetem munkat\u00e1rsai \u00e1ltal k\u00edn\u00e1lt j\u00e1t\u00e9kos ismeretszerz\u0151 programok k\u00f6vetkeztek, melyek egyik r\u00e9sze az ehet\u0151 n\u00f6v\u00e9nyekr\u0151l ny\u00fajtott ismeretet minden \u00e9rz\u00e9kszervet bevonva, a m\u00e1sik programon pedig term\u00e9seket, vir\u00e1gokat csoportos\u00edtottak a megadott szempontoknak megfelel\u0151en az elrejtett k\u00e9pes kincsek megtal\u00e1l\u00e1sa ut\u00e1n, \u00e9s \u00f6sszehasonl\u00edt\u00e1sokkal \u00e9rz\u00e9keltett\u00e9k a szinte egyforma n\u00f6v\u00e9nyek k\u00f6zti apr\u00f3 hasonl\u00f3s\u00e1gokat \u00e9s k\u00fcl\u00f6nbs\u00e9geket. Az \u00e9lm\u00e9nyekben \u00e9s ismeretekben gazdag programok ut\u00e1n kertsz\u00e9p\u00edt\u00e9ssel, vir\u00e1g\u00fcltet\u00e9ssel z\u00e1rtuk a d\u00e9lel\u0151tt\u00f6t, illetve a gyermekek alkot\u00e1saib\u00f3l ki\u00e1ll\u00edt\u00e1st rendezt\u00fcnk be, melyet minden \u00f3vod\u00e1nkba l\u00e1togat\u00f3 megtekinthet a bej\u00e1rati folyos\u00f3n.<\/p>\n<p><img loading=\"lazy\" decoding=\"async\" class=\"alignnone wp-image-632\" style=\"text-align: justify\" src=\"https:\/\/semmelweis.hu\/zoldegyetem\/files\/2026\/04\/Foldnapja-03-300x400.jpg\" alt=\"\" width=\"200\" height=\"267\" srcset=\"https:\/\/semmelweis.hu\/zoldegyetem\/files\/2026\/04\/Foldnapja-03-300x400.jpg 300w, https:\/\/semmelweis.hu\/zoldegyetem\/files\/2026\/04\/Foldnapja-03-768x1024.jpg 768w, https:\/\/semmelweis.hu\/zoldegyetem\/files\/2026\/04\/Foldnapja-03-1152x1536.jpg 1152w, https:\/\/semmelweis.hu\/zoldegyetem\/files\/2026\/04\/Foldnapja-03-753x1004.jpg 753w, https:\/\/semmelweis.hu\/zoldegyetem\/files\/2026\/04\/Foldnapja-03.jpg 1536w\" sizes=\"auto, (max-width: 200px) 100vw, 200px\" \/>\u00a0<img loading=\"lazy\" decoding=\"async\" class=\"alignnone wp-image-634\" style=\"font-size: 1rem;text-align: justify\" src=\"https:\/\/semmelweis.hu\/zoldegyetem\/files\/2026\/04\/Foldnap-02-300x400.jpg\" alt=\"\" width=\"200\" height=\"267\" srcset=\"https:\/\/semmelweis.hu\/zoldegyetem\/files\/2026\/04\/Foldnap-02-300x400.jpg 300w, https:\/\/semmelweis.hu\/zoldegyetem\/files\/2026\/04\/Foldnap-02-768x1024.jpg 768w, https:\/\/semmelweis.hu\/zoldegyetem\/files\/2026\/04\/Foldnap-02-1152x1536.jpg 1152w, https:\/\/semmelweis.hu\/zoldegyetem\/files\/2026\/04\/Foldnap-02-753x1004.jpg 753w, https:\/\/semmelweis.hu\/zoldegyetem\/files\/2026\/04\/Foldnap-02.jpg 1536w\" sizes=\"auto, (max-width: 200px) 100vw, 200px\" \/> <img loading=\"lazy\" decoding=\"async\" class=\"alignnone wp-image-633\" style=\"font-size: 1rem;text-align: justify\" src=\"https:\/\/semmelweis.hu\/zoldegyetem\/files\/2026\/04\/Foldnapja-01-300x400.jpg\" alt=\"\" width=\"200\" height=\"267\" srcset=\"https:\/\/semmelweis.hu\/zoldegyetem\/files\/2026\/04\/Foldnapja-01-300x400.jpg 300w, https:\/\/semmelweis.hu\/zoldegyetem\/files\/2026\/04\/Foldnapja-01-768x1024.jpg 768w, https:\/\/semmelweis.hu\/zoldegyetem\/files\/2026\/04\/Foldnapja-01-1152x1536.jpg 1152w, https:\/\/semmelweis.hu\/zoldegyetem\/files\/2026\/04\/Foldnapja-01-753x1004.jpg 753w, https:\/\/semmelweis.hu\/zoldegyetem\/files\/2026\/04\/Foldnapja-01.jpg 1536w\" sizes=\"auto, (max-width: 200px) 100vw, 200px\" \/><\/p>\n<p style=\"text-align: justify\">K\u00f6sz\u00f6nj\u00fck a Z\u00f6ld Egyetem munkat\u00e1rsainak a sz\u00ednes foglalkoz\u00e1sokat, az egyetem kert\u00e9szet\u00e9nek a vir\u00e1gpal\u00e1nt\u00e1kat \u00e9s a sz\u00fcl\u0151knek is, hogy akt\u00edv, seg\u00edt\u0151 r\u00e9szv\u00e9tel\u00fckkel lehet\u0151v\u00e9 tett\u00e9k, hogy az \u00f3vod\u00e1ban az idei \u00e9v F\u00f6ld napi tematikus d\u00e9lel\u0151ttje felejthetetlen \u00e9s hasznos tud\u00e1ssal teli \u00e9lm\u00e9nny\u00e9 v\u00e1ljon a gyermekek sz\u00e1m\u00e1ra! \u00a0<\/p>\n<p style=\"text-align: justify\">\u00a0<\/p>\n<p style=\"text-align: justify\">G\u00e1l Edit<\/p>\n<p style=\"text-align: justify\">int\u00e9zm\u00e9nyvezet\u0151<\/p>\n","protected":false},"excerpt":{"rendered":"<p>Az idei F\u00f6ld napj\u00e1hoz kapcsol\u00f3d\u00f3 \u00f3vodai projekt a csal\u00e1dokat is \u201emegmozd\u00edtotta\u201d. Bevonva a sz\u00fcl\u0151ket a programba k\u00e9rt\u00fck, hogy gyermekeikkel b\u00e1rmilyen term\u00e9szeti jelens\u00e9ghez, id\u0151j\u00e1r\u00e1shoz, meg\u00fajul\u00f3 energi\u00e1hoz kapcsol\u00f3d\u00f3 makettet k\u00e9sz\u00edtsenek otthon k\u00f6z\u00f6sen, figyelve az \u00fajrahasznos\u00edt\u00e1s fontoss\u00e1g\u00e1ra, \u00e9s besz\u00e9lgessenek a gyerekekkel a k\u00e9sz\u00edtett makettr\u0151l, mivel az alkot\u00e1sokat \u0151k mutatt\u00e1k be t\u00e1rsaiknak a saj\u00e1t szavaikkal, \u00e9s a k\u00eds\u00e9rleteket is &hellip;<\/p>\n","protected":false},"author":102027,"featured_media":632,"comment_status":"closed","ping_status":"closed","sticky":false,"template":"","format":"standard","meta":{"_acf_changed":false,"footnotes":""},"categories":[1],"tags":[29,30,28,3],"class_list":["post-631","post","type-post","status-publish","format-standard","has-post-thumbnail","hentry","category-hirek","tag-fold-napja","tag-ovoda","tag-szemleletformalas","tag-zold-egyetem"],"acf":[],"_links":{"self":[{"href":"https:\/\/semmelweis.hu\/zoldegyetem\/wp-json\/wp\/v2\/posts\/631","targetHints":{"allow":["GET"]}}],"collection":[{"href":"https:\/\/semmelweis.hu\/zoldegyetem\/wp-json\/wp\/v2\/posts"}],"about":[{"href":"https:\/\/semmelweis.hu\/zoldegyetem\/wp-json\/wp\/v2\/types\/post"}],"author":[{"embeddable":true,"href":"https:\/\/semmelweis.hu\/zoldegyetem\/wp-json\/wp\/v2\/users\/102027"}],"replies":[{"embeddable":true,"href":"https:\/\/semmelweis.hu\/zoldegyetem\/wp-json\/wp\/v2\/comments?post=631"}],"version-history":[{"count":5,"href":"https:\/\/semmelweis.hu\/zoldegyetem\/wp-json\/wp\/v2\/posts\/631\/revisions"}],"predecessor-version":[{"id":639,"href":"https:\/\/semmelweis.hu\/zoldegyetem\/wp-json\/wp\/v2\/posts\/631\/revisions\/639"}],"wp:featuredmedia":[{"embeddable":true,"href":"https:\/\/semmelweis.hu\/zoldegyetem\/wp-json\/wp\/v2\/media\/632"}],"wp:attachment":[{"href":"https:\/\/semmelweis.hu\/zoldegyetem\/wp-json\/wp\/v2\/media?parent=631"}],"wp:term":[{"taxonomy":"category","embeddable":true,"href":"https:\/\/semmelweis.hu\/zoldegyetem\/wp-json\/wp\/v2\/categories?post=631"},{"taxonomy":"post_tag","embeddable":true,"href":"https:\/\/semmelweis.hu\/zoldegyetem\/wp-json\/wp\/v2\/tags?post=631"}],"curies":[{"name":"wp","href":"https:\/\/api.w.org\/{rel}","templated":true}]}}