{"id":2302,"date":"2026-09-03T14:18:18","date_gmt":"2026-09-03T12:18:18","guid":{"rendered":"https:\/\/semmelweis.hu\/vizilabda\/?p=2302"},"modified":"2026-09-03T14:18:55","modified_gmt":"2026-09-03T12:18:55","slug":"holnap-hazai-szombat-szonyi-szerda-sziget","status":"publish","type":"post","link":"https:\/\/semmelweis.hu\/vizilabda\/2026\/09\/03\/holnap-hazai-szombat-szonyi-szerda-sziget\/","title":{"rendered":"Holnap Hazai &#8211; Szombat Sz\u0151nyi &#8211; Szerda Sziget"},"content":{"rendered":"<div class=\"keretes w-100\">\n<p>A csoportk\u00f6r ut\u00e1n az egyenes kies\u00e9ses szakaszban, pontosabban a Magyar Kupa negyedd\u00f6nt\u0151j\u00e9ben l\u00e1thatjuk a feln\u0151tt OB1-es sr\u00e1cokat!\u00a0<\/p>\n<\/div>\n<p>A p\u00e9ntek esti meccsre<em> S\u00f6ri<\/em> &#8211; <strong>T\u00f3th Krist\u00f3f<\/strong> &#8211; invit\u00e1lt meg mindenkit. <strong>V\u00e1mosi Bertold<\/strong> bekk\u00fcnk bizakod\u00f3, <strong>Csap\u00f3 Miki<\/strong> pedig egy neh\u00e9z meccset v\u00e1r, aminek neki kell menni teljes er\u0151bedob\u00e1ssal. A szombati visszav\u00e1g\u00f3t k\u00f6vet\u0151en azonban azonnal pihen\u0151re vonul a csapat, hiszen szerd\u00e1n &#8211; azaz szeptembert 9-\u00e9n m\u00e1r a Haj\u00f3sban k\u00fczd\u00fcnk meg az UVSE fiataljai ellen. <em>Nyenye<\/em> &#8211; <strong>Besenyei \u00c1ron<\/strong> &#8211; balkezes\u00fcnket k\u00e9rdezt\u00fck arr\u00f3l, milyen lesz a volt csapata ellen medenc\u00e9be ugrani:<\/p>\n<div class=\"html-div xdj266r x14z9mp xat24cr x1lziwak xexx8yu xyri2b x18d9i69 x1c1uobl x6ikm8r x10wlt62\">\n<div class=\"html-div xdj266r x14z9mp xat24cr x1lziwak x14ctfv x13sv91t x6ikm8r x10wlt62 xerhiuh x1pn3fxy x10zy8in xm9bcq3 x1n2onr6 x1vjfegm x1k4qllp x1mzt3pk x13faqbe x1xr0vuk x1jm4cbz x114wg8e xrrpcnn x14rx4xb x13fuv20 x18b5jzi x1q0q8m5 x1t7ytsu x19livfd x1h2krnu x3p3xfz xet2kk3 xaymx6s x1lu5o8o x1ou5ly4 xofb2d2\" role=\"presentation\">\n<blockquote>\n<p class=\"html-div xexx8yu xyri2b x18d9i69 x1c1uobl x1gslohp x14z9mp x12nagc x1lziwak x1yc453h x126k92a x18lvrbx\" dir=\"auto\">&#8222;Mindenki tudja milyen fontos, hogy j\u00f3l kezdj\u00fck a szezont \u00e9s nincs enn\u00e9l jobb ellenf\u00e9l mint az UVSE a mindig p\u00f6rg\u0151s j\u00e1t\u00e9k\u00e1val amivel borsot tud t\u00f6rni a pap\u00edron es\u00e9lyesebb csapatok orra al\u00e1. Nagyon izgatott vagyok hisz el\u0151sz\u00f6r fogok ellen\u00fck j\u00e1tszani \u00e9letembe t\u00e9t meccsen, de mindent megfogunk tenni hogy elhozzuk a 3 pontot!&#8221;<\/p>\n<\/blockquote>\n<\/div>\n<\/div>\n<figure id=\"attachment_2303\" aria-describedby=\"caption-attachment-2303\" style=\"width: 753px\" class=\"wp-caption aligncenter\"><a href=\"https:\/\/semmelweis.hu\/vizilabda\/files\/2026\/09\/P1000810.jpg\"><img loading=\"lazy\" decoding=\"async\" class=\"wp-image-2303 size-large\" src=\"https:\/\/semmelweis.hu\/vizilabda\/files\/2026\/09\/P1000810-1024x682.jpg\" alt=\"Besenyei \u00c1ron az els\u0151 vizes edz\u00e9sen - 2026 - K\u00f3nya Ferenc (Semmelweis OSC)\" width=\"753\" height=\"502\" srcset=\"https:\/\/semmelweis.hu\/vizilabda\/files\/2026\/09\/P1000810-1024x682.jpg 1024w, https:\/\/semmelweis.hu\/vizilabda\/files\/2026\/09\/P1000810-300x200.jpg 300w, https:\/\/semmelweis.hu\/vizilabda\/files\/2026\/09\/P1000810-768x512.jpg 768w, https:\/\/semmelweis.hu\/vizilabda\/files\/2026\/09\/P1000810-1536x1023.jpg 1536w, https:\/\/semmelweis.hu\/vizilabda\/files\/2026\/09\/P1000810-753x502.jpg 753w, https:\/\/semmelweis.hu\/vizilabda\/files\/2026\/09\/P1000810-203x135.jpg 203w, https:\/\/semmelweis.hu\/vizilabda\/files\/2026\/09\/P1000810.jpg 2048w\" sizes=\"auto, (max-width: 753px) 100vw, 753px\" \/><\/a><figcaption id=\"caption-attachment-2303\" class=\"wp-caption-text\">Besenyei \u00c1ron az els\u0151 vizes edz\u00e9sen &#8211; 2026 &#8211; K\u00f3nya Ferenc (Semmelweis OSC)<\/figcaption><\/figure>\n<p><strong>Sok szeretettel v\u00e1runk minden kedves szurkol\u00f3t a Ny\u00e9ki Imre Uszod\u00e1ban tartand\u00f3 Magyar Kupa negyedd\u00f6nt\u0151 1. m\u00e9rk\u0151z\u00e9s\u00e9re, szombaton a visszav\u00e1g\u00f3ra a BVSC otthon\u00e1ba \u00e9s term\u00e9szetesen az els\u0151 OB1-es fordul\u00f3ra is a szigetre!<\/strong><\/p>\n<p>Kezd\u00e9s: 20:30 (\u00c9rdemes kor\u00e1bban \u00e9rkezni, a b\u00fcf\u00e9 m\u00e1r felk\u00e9sz\u00fclt :))<br \/>\nBel\u00e9p\u0151jegy: 1.500 Ft.\u00a0<\/p>\n","protected":false},"excerpt":{"rendered":"<p>A csoportk\u00f6r ut\u00e1n az egyenes kies\u00e9ses szakaszban, pontosabban a Magyar Kupa negyedd\u00f6nt\u0151j\u00e9ben l\u00e1thatjuk a feln\u0151tt OB1-es sr\u00e1cokat!\u00a0 A p\u00e9ntek esti meccsre S\u00f6ri &#8211; T\u00f3th Krist\u00f3f &#8211; invit\u00e1lt meg mindenkit. V\u00e1mosi Bertold bekk\u00fcnk bizakod\u00f3, Csap\u00f3 Miki pedig egy neh\u00e9z meccset v\u00e1r, aminek neki kell menni teljes er\u0151bedob\u00e1ssal. A szombati visszav\u00e1g\u00f3t k\u00f6vet\u0151en azonban azonnal pihen\u0151re vonul a &hellip;<\/p>\n","protected":false},"author":102504,"featured_media":2304,"comment_status":"closed","ping_status":"closed","sticky":false,"template":"","format":"standard","meta":{"_acf_changed":false,"footnotes":""},"categories":[1,9],"tags":[88,87,89,86,90,22,52],"class_list":["post-2302","post","type-post","status-publish","format-standard","has-post-thumbnail","hentry","category-hirek","category-ob1","tag-aron","tag-besenyei","tag-csapo","tag-magyar-kupa","tag-miklos","tag-ob1","tag-vizilabda"],"acf":[],"_links":{"self":[{"href":"https:\/\/semmelweis.hu\/vizilabda\/wp-json\/wp\/v2\/posts\/2302","targetHints":{"allow":["GET"]}}],"collection":[{"href":"https:\/\/semmelweis.hu\/vizilabda\/wp-json\/wp\/v2\/posts"}],"about":[{"href":"https:\/\/semmelweis.hu\/vizilabda\/wp-json\/wp\/v2\/types\/post"}],"author":[{"embeddable":true,"href":"https:\/\/semmelweis.hu\/vizilabda\/wp-json\/wp\/v2\/users\/102504"}],"replies":[{"embeddable":true,"href":"https:\/\/semmelweis.hu\/vizilabda\/wp-json\/wp\/v2\/comments?post=2302"}],"version-history":[{"count":2,"href":"https:\/\/semmelweis.hu\/vizilabda\/wp-json\/wp\/v2\/posts\/2302\/revisions"}],"predecessor-version":[{"id":2306,"href":"https:\/\/semmelweis.hu\/vizilabda\/wp-json\/wp\/v2\/posts\/2302\/revisions\/2306"}],"wp:featuredmedia":[{"embeddable":true,"href":"https:\/\/semmelweis.hu\/vizilabda\/wp-json\/wp\/v2\/media\/2304"}],"wp:attachment":[{"href":"https:\/\/semmelweis.hu\/vizilabda\/wp-json\/wp\/v2\/media?parent=2302"}],"wp:term":[{"taxonomy":"category","embeddable":true,"href":"https:\/\/semmelweis.hu\/vizilabda\/wp-json\/wp\/v2\/categories?post=2302"},{"taxonomy":"post_tag","embeddable":true,"href":"https:\/\/semmelweis.hu\/vizilabda\/wp-json\/wp\/v2\/tags?post=2302"}],"curies":[{"name":"wp","href":"https:\/\/api.w.org\/{rel}","templated":true}]}}