{"id":2208,"date":"2026-04-24T22:24:03","date_gmt":"2026-04-24T20:24:03","guid":{"rendered":"https:\/\/semmelweis.hu\/vizilabda\/?p=2208"},"modified":"2026-04-24T22:28:01","modified_gmt":"2026-04-24T20:28:01","slug":"semmelweises-nevek-az-aprilis-vegi-utanpotlas-osszetartasokon","status":"publish","type":"post","link":"https:\/\/semmelweis.hu\/vizilabda\/2026\/04\/24\/semmelweises-nevek-az-aprilis-vegi-utanpotlas-osszetartasokon\/","title":{"rendered":"Semmelweises Nevek Az \u00c1prilis V\u00e9gi Ut\u00e1np\u00f3tl\u00e1s \u00d6sszetart\u00e1sokon!"},"content":{"rendered":"<div class=\"w-100 keretes\" style=\"text-align: justify\">A waterpolo.hu \u00e1ltal k\u00f6zz\u00e9tett cikkben olvashattuk, kik azok akik az \u00e1rpilis v\u00e9gi k\u00e9tnapos \u00f6sszetart\u00e1sra kaptak megh\u00edv\u00f3t. A fi\u00fa U18-as v\u00e1logatottnak a j\u00f6v\u0151 h\u00e9t elej\u00e9n a Komj\u00e1diban, m\u00edg a l\u00e1ny U16-osok k\u00e9t k\u00fcl\u00f6nb\u00f6z\u0151 kerettel v\u00edvnak edz\u0151meccseket a holland koroszt\u00e1lyos riv\u00e1lissal j\u00f6v\u0151 h\u00e9t\u0151n a Szigeten.<\/div>\n<div style=\"text-align: justify\">Kar\u00e1csonyi Vazul j\u00e1t\u00e9kosa, <strong>Z\u00e1vodi Johanna<\/strong> az U16-osok k\u00f6z\u00f6tt kap lehet\u0151s\u00e9get, ami nem kis megtiszteltet\u00e9s. Johi az OB I.-ben sem szer\u00e9nykedik, az Als\u00f3h\u00e1zban m\u00e1r 3 g\u00f3ln\u00e1l j\u00e1r!\u00a0<\/div>\n<div>\u00a0<\/div>\n<div>\n<p><strong>L\u00e1ny U16 \u2013 \u00e1prilis 27., Margitsziget<\/strong><\/p>\n<p><i><strong>Program<\/strong><\/i><\/p>\n<p>D\u00e9lel\u0151tti keret: tal\u00e1lkoz\u00f3 9.30 (Haj\u00f3s-aula), edz\u0151m\u00e9rk\u0151z\u00e9s a hollandokkal 10 \u00f3r\u00e1t\u00f3l (Sz\u00e9chy)<\/p>\n<p>D\u00e9lut\u00e1ni keret: tal\u00e1lkoz\u00f3 13.30 (Haj\u00f3s-aula), edz\u0151m\u00e9rk\u0151z\u00e9s a hollandokkal 14 \u00f3r\u00e1t\u00f3l (Sz\u00e9chy)<\/p>\n<\/div>\n<div>\u00a0<\/div>\n<div>\n<figure id=\"attachment_2209\" aria-describedby=\"caption-attachment-2209\" style=\"width: 753px\" class=\"wp-caption aligncenter\"><a href=\"https:\/\/semmelweis.hu\/vizilabda\/files\/2026\/04\/zavodi.jpeg\"><img loading=\"lazy\" decoding=\"async\" class=\"size-large wp-image-2209\" src=\"https:\/\/semmelweis.hu\/vizilabda\/files\/2026\/04\/zavodi-1024x904.jpeg\" alt=\"\" width=\"753\" height=\"665\" srcset=\"https:\/\/semmelweis.hu\/vizilabda\/files\/2026\/04\/zavodi-1024x904.jpeg 1024w, https:\/\/semmelweis.hu\/vizilabda\/files\/2026\/04\/zavodi-300x265.jpeg 300w, https:\/\/semmelweis.hu\/vizilabda\/files\/2026\/04\/zavodi-768x678.jpeg 768w, https:\/\/semmelweis.hu\/vizilabda\/files\/2026\/04\/zavodi-753x665.jpeg 753w, https:\/\/semmelweis.hu\/vizilabda\/files\/2026\/04\/zavodi.jpeg 1440w\" sizes=\"auto, (max-width: 753px) 100vw, 753px\" \/><\/a><figcaption id=\"caption-attachment-2209\" class=\"wp-caption-text\">Johanna, az Orsz\u00e1gos Gyermek Le\u00e1ny csapatunk g\u00f3lv\u00e1g\u00f3ja!<\/figcaption><\/figure>\n<\/div>\n<div style=\"padding-left: 40px\">\u00a0<\/div>\n<div style=\"text-align: justify\">A fi\u00fak k\u00f6z\u00fcl Bisztrits\u00e1nyi D\u00e1vid \u00e9s Petik Attila is b\u00fcszke lehet! Term\u00e9szetesen minden egyes sportol\u00f3nak j\u00e1r a dics\u00e9ret, de ma k\u00e9t j\u00e1t\u00e9kost emeln\u00e9nk ki <strong>Kondor Z\u00e9t\u00e9ny<\/strong> (IFI) \u00e9s <strong>Stogicza Levente<\/strong> (Serd\u00fcl\u0151) szem\u00e9ly\u00e9ben!<\/div>\n<div>\u00a0<\/div>\n<div>\n<p><strong>Fi\u00fa U18 \u2013\u00a0\u00e1prilis 27-28., Komj\u00e1di<\/strong><\/p>\n<p><i><strong>Program<\/strong><\/i><\/p>\n<p>Tal\u00e1lkoz\u00f3: \u00e1prilis 27., 8.30 \u2013 Komj\u00e1di-aula<\/p>\n<p>Edz\u00e9sek: \u00e1prilis 27. \u00e9s 28., 9.00 \u00e9s 13.00 \u00f3r\u00e1t\u00f3l<\/p>\n<\/div>\n<div>\u00a0<\/div>\n<div>\n<figure id=\"attachment_2210\" aria-describedby=\"caption-attachment-2210\" style=\"width: 753px\" class=\"wp-caption aligncenter\"><a href=\"https:\/\/semmelweis.hu\/vizilabda\/files\/2026\/04\/P1448927.jpeg\"><img loading=\"lazy\" decoding=\"async\" class=\"size-large wp-image-2210\" src=\"https:\/\/semmelweis.hu\/vizilabda\/files\/2026\/04\/P1448927-1024x682.jpeg\" alt=\"Kondor Z\u00e9t\u00e9ny az IFI csapatban 22 meccsen 57 g\u00f3ln\u00e1l j\u00e1r!\" width=\"753\" height=\"502\" srcset=\"https:\/\/semmelweis.hu\/vizilabda\/files\/2026\/04\/P1448927-1024x682.jpeg 1024w, https:\/\/semmelweis.hu\/vizilabda\/files\/2026\/04\/P1448927-300x200.jpeg 300w, https:\/\/semmelweis.hu\/vizilabda\/files\/2026\/04\/P1448927-768x512.jpeg 768w, https:\/\/semmelweis.hu\/vizilabda\/files\/2026\/04\/P1448927-1536x1023.jpeg 1536w, https:\/\/semmelweis.hu\/vizilabda\/files\/2026\/04\/P1448927-753x502.jpeg 753w, https:\/\/semmelweis.hu\/vizilabda\/files\/2026\/04\/P1448927-203x135.jpeg 203w, https:\/\/semmelweis.hu\/vizilabda\/files\/2026\/04\/P1448927.jpeg 2048w\" sizes=\"auto, (max-width: 753px) 100vw, 753px\" \/><\/a><figcaption id=\"caption-attachment-2210\" class=\"wp-caption-text\">Kondor Z\u00e9t\u00e9ny az IFI csapatban 22 meccsen 57 g\u00f3ln\u00e1l j\u00e1r!<\/figcaption><\/figure>\n<\/div>\n<p>&nbsp;<\/p>\n<p style=\"text-align: justify\"><strong>Stogicza Levente <\/strong>beh\u00edv\u00e1sa k\u00fcl\u00f6n\u00f6sk\u00e9ppen sz\u00edvmelenget\u0151, hiszen jelenleg a serd\u00fcl\u0151k k\u00f6z\u00f6tt versenyzik! <strong>Gratul\u00e1lunk mindh\u00e1rom sportol\u00f3nak!<\/strong><\/p>\n<figure id=\"attachment_2211\" aria-describedby=\"caption-attachment-2211\" style=\"width: 753px\" class=\"wp-caption aligncenter\"><a href=\"https:\/\/semmelweis.hu\/vizilabda\/files\/2026\/04\/P1438517.jpeg\"><img loading=\"lazy\" decoding=\"async\" class=\"wp-image-2211 size-large\" src=\"https:\/\/semmelweis.hu\/vizilabda\/files\/2026\/04\/P1438517-1024x682.jpeg\" alt=\"Levente 25 Serd\u00fcl\u0151 meccsen 72 g\u00f3lt szerzett, de az IFI-ben is sz\u00e9pen termel, illetve \u0151 is tagja volt a Komj\u00e1di Kupa csapatnak!\" width=\"753\" height=\"502\" srcset=\"https:\/\/semmelweis.hu\/vizilabda\/files\/2026\/04\/P1438517-1024x682.jpeg 1024w, https:\/\/semmelweis.hu\/vizilabda\/files\/2026\/04\/P1438517-300x200.jpeg 300w, https:\/\/semmelweis.hu\/vizilabda\/files\/2026\/04\/P1438517-768x512.jpeg 768w, https:\/\/semmelweis.hu\/vizilabda\/files\/2026\/04\/P1438517-1536x1023.jpeg 1536w, https:\/\/semmelweis.hu\/vizilabda\/files\/2026\/04\/P1438517-753x502.jpeg 753w, https:\/\/semmelweis.hu\/vizilabda\/files\/2026\/04\/P1438517-203x135.jpeg 203w, https:\/\/semmelweis.hu\/vizilabda\/files\/2026\/04\/P1438517.jpeg 2048w\" sizes=\"auto, (max-width: 753px) 100vw, 753px\" \/><\/a><figcaption id=\"caption-attachment-2211\" class=\"wp-caption-text\">Levente 25 Serd\u00fcl\u0151 meccsen 72 g\u00f3lt szerzett, de az IFI-ben is sz\u00e9pen termel, illetve \u0151 is tagja volt a Komj\u00e1di Kupa csapatnak!<\/figcaption><\/figure>\n<p>&nbsp;<\/p>\n<blockquote class=\"wp-embedded-content\" data-secret=\"at0wQOzoee\"><p><a href=\"https:\/\/semmelweis.hu\/vizilabda\/vizilabdazz-a-semmelweis-osc-ben\/\">V\u00edzilabd\u00e1zz a Semmelweis OSC-ben!<\/a><\/p><\/blockquote>\n<p><iframe loading=\"lazy\" class=\"wp-embedded-content\" sandbox=\"allow-scripts\" security=\"restricted\" style=\"position: absolute; visibility: hidden;\" title=\"&#8220;V\u00edzilabd\u00e1zz a Semmelweis OSC-ben!&#8221; &#8212; Semmelweis Egyetem V\u00edzilabda Szakoszt\u00e1ly\" src=\"https:\/\/semmelweis.hu\/vizilabda\/vizilabdazz-a-semmelweis-osc-ben\/embed\/#?secret=9CpT6yWvct#?secret=at0wQOzoee\" data-secret=\"at0wQOzoee\" width=\"600\" height=\"338\" frameborder=\"0\" marginwidth=\"0\" marginheight=\"0\" scrolling=\"no\"><\/iframe><\/p>\n","protected":false},"excerpt":{"rendered":"<p>A waterpolo.hu \u00e1ltal k\u00f6zz\u00e9tett cikkben olvashattuk, kik azok akik az \u00e1rpilis v\u00e9gi k\u00e9tnapos \u00f6sszetart\u00e1sra kaptak megh\u00edv\u00f3t. A fi\u00fa U18-as v\u00e1logatottnak a j\u00f6v\u0151 h\u00e9t elej\u00e9n a Komj\u00e1diban, m\u00edg a l\u00e1ny U16-osok k\u00e9t k\u00fcl\u00f6nb\u00f6z\u0151 kerettel v\u00edvnak edz\u0151meccseket a holland koroszt\u00e1lyos riv\u00e1lissal j\u00f6v\u0151 h\u00e9t\u0151n a Szigeten. Kar\u00e1csonyi Vazul j\u00e1t\u00e9kosa, Z\u00e1vodi Johanna az U16-osok k\u00f6z\u00f6tt kap lehet\u0151s\u00e9get, ami nem &hellip;<\/p>\n","protected":false},"author":102504,"featured_media":2211,"comment_status":"closed","ping_status":"closed","sticky":false,"template":"","format":"standard","meta":{"_acf_changed":false,"footnotes":""},"categories":[1,24,27,26,10],"tags":[],"class_list":["post-2208","post","type-post","status-publish","format-standard","has-post-thumbnail","hentry","category-hirek","category-ifia1","category-leany-orszagos-gyermek","category-serdulo-a1","category-uphirek"],"acf":[],"_links":{"self":[{"href":"https:\/\/semmelweis.hu\/vizilabda\/wp-json\/wp\/v2\/posts\/2208","targetHints":{"allow":["GET"]}}],"collection":[{"href":"https:\/\/semmelweis.hu\/vizilabda\/wp-json\/wp\/v2\/posts"}],"about":[{"href":"https:\/\/semmelweis.hu\/vizilabda\/wp-json\/wp\/v2\/types\/post"}],"author":[{"embeddable":true,"href":"https:\/\/semmelweis.hu\/vizilabda\/wp-json\/wp\/v2\/users\/102504"}],"replies":[{"embeddable":true,"href":"https:\/\/semmelweis.hu\/vizilabda\/wp-json\/wp\/v2\/comments?post=2208"}],"version-history":[{"count":4,"href":"https:\/\/semmelweis.hu\/vizilabda\/wp-json\/wp\/v2\/posts\/2208\/revisions"}],"predecessor-version":[{"id":2215,"href":"https:\/\/semmelweis.hu\/vizilabda\/wp-json\/wp\/v2\/posts\/2208\/revisions\/2215"}],"wp:featuredmedia":[{"embeddable":true,"href":"https:\/\/semmelweis.hu\/vizilabda\/wp-json\/wp\/v2\/media\/2211"}],"wp:attachment":[{"href":"https:\/\/semmelweis.hu\/vizilabda\/wp-json\/wp\/v2\/media?parent=2208"}],"wp:term":[{"taxonomy":"category","embeddable":true,"href":"https:\/\/semmelweis.hu\/vizilabda\/wp-json\/wp\/v2\/categories?post=2208"},{"taxonomy":"post_tag","embeddable":true,"href":"https:\/\/semmelweis.hu\/vizilabda\/wp-json\/wp\/v2\/tags?post=2208"}],"curies":[{"name":"wp","href":"https:\/\/api.w.org\/{rel}","templated":true}]}}