{"id":2671,"date":"2021-01-20T14:43:08","date_gmt":"2021-01-20T13:43:08","guid":{"rendered":"https:\/\/semmelweis.hu\/varosmajor\/?p=2671"},"modified":"2021-03-09T13:52:52","modified_gmt":"2021-03-09T12:52:52","slug":"dr-merkely-belat-valasztotta-a-figyelo-szerkesztosege-a-2020-as-ev-emberenek","status":"publish","type":"post","link":"https:\/\/semmelweis.hu\/varosmajor\/2021\/01\/20\/dr-merkely-belat-valasztotta-a-figyelo-szerkesztosege-a-2020-as-ev-emberenek\/","title":{"rendered":"Dr. Merkely B\u00e9l\u00e1t v\u00e1lasztotta a Figyel\u0151 szerkeszt\u0151s\u00e9ge a 2020-as \u00c9v ember\u00e9nek"},"content":{"rendered":"<p><strong>A koronav\u00edrus elleni v\u00e9dekez\u00e9s sor\u00e1n v\u00e9gzett meghat\u00e1roz\u00f3 szakmai munk\u00e1ja \u00e9s a lakoss\u00e1g t\u00e1j\u00e9koztat\u00e1s\u00e1ban j\u00e1tszott kulcsszerepe elismer\u00e9sek\u00e9nt v\u00e1lasztotta a 2020-as \u00c9v ember\u00e9nek dr. Merkely B\u00e9l\u00e1t, a Semmelweis Egyetem rektor\u00e1t a Figyel\u0151. A szerkeszt\u0151s\u00e9g id\u00e9n hatodik alkalommal \u00edt\u00e9lte oda a d\u00edjat. A rektor az elismer\u00e9s kapcs\u00e1n adott c\u00edmlapos interj\u00faj\u00e1ban besz\u00e9lt egyebek mellett arr\u00f3l is, hogy az optimista forgat\u00f3k\u00f6nyv szerint ny\u00e1r elej\u00e9re \u00e9rhetj\u00fck el a ny\u00e1jimmunit\u00e1s kialakul\u00e1s\u00e1t.<\/strong><\/p>\n<p><img loading=\"lazy\" decoding=\"async\" class=\"alignleft size-medium wp-image-101335\" src=\"https:\/\/semmelweis.hu\/hirek\/files\/2021\/01\/merkely-c\u00edmlap_jo-274x400.jpg\" alt=\"\" width=\"274\" height=\"400\" \/>Dr. Merkely B\u00e9la munk\u00e1j\u00e1nak kiemelked\u0151 fontoss\u00e1ga \u00e9s jelent\u0151s\u00e9ge van a pand\u00e9mi\u00e1s helyzetben, szaktud\u00e1sa mellett a t\u00e1j\u00e9koztat\u00e1s\u00e1ban is kulcsszerepet j\u00e1tszott, ezzel is hozz\u00e1j\u00e1rulva ahhoz, hogy a koronav\u00edrus miatti j\u00e1rv\u00e1nyt tudatosabban v\u00e9szelje \u00e1t a lakoss\u00e1g \u2013 indokolta a lap, hogy mi\u00e9rt a Semmelweis Egyetem rektor\u00e1t v\u00e1lasztott\u00e1k a 2020-as \u00c9v ember\u00e9nek.<\/p>\n<p>A Figyel\u0151 a d\u00edj oda\u00edt\u00e9l\u00e9se alkalm\u00e1b\u00f3l c\u00edmlapinterj\u00fat is k\u00f6z\u00f6l a rektorral. Ebben dr. Merkely B\u00e9la kit\u00e9r egyebek mellett arra is, hogy t\u00edz h\u00f3napja \u00e9l\u00fcnk egy\u00fctt a COVID-19 k\u00f3rokoz\u00f3val, melyr\u0151l egyre t\u00f6bbet tudunk, de m\u00e9g messze nem ismert\u00fck ki teljesen. Az biztos, hogy jelen tud\u00e1sunk szerint a koronav\u00edrus okozza az egyik legink\u00e1bb fert\u0151z\u0151k\u00e9pes fels\u0151l\u00e9g\u00fati megbeteged\u00e9st az ismertek k\u00f6z\u00fcl, mely roppant hat\u00e9konyan haszn\u00e1lja ki immunrendszer\u00fcnk gyenges\u00e9geit \u2013 fogalmaz. Sz\u00f3lt arr\u00f3l is, hogy a ny\u00e1jimmunit\u00e1s akkor alakulhat ki, ha az \u00e1toltott \u00e9s a kor\u00e1bban megfert\u0151z\u0151d\u00f6tt emberek sz\u00e1ma el\u00e9ri a lakoss\u00e1g hatvan sz\u00e1zal\u00e9k\u00e1t, \u00e9s ez eredm\u00e9nyezheti a j\u00e1rv\u00e1ny megsz\u0171n\u00e9s\u00e9t. Optimista forgat\u00f3k\u00f6nyv szerint ezt a ny\u00e1r elej\u00e9re \u00e9rhetj\u00fck el \u2013 tette hozz\u00e1.<\/p>\n<p>Besz\u00e9lt arr\u00f3l is, hogy egyel\u0151re nem tudjuk mi az oka a betegs\u00e9g v\u00e1ltozatos k\u00f3rlefoly\u00e1s\u00e1nak, \u00fagy v\u00e9lte, a v\u00edrus val\u00f3sz\u00edn\u0171leg k\u00f6rnyezeti \u00e9s genetikai hat\u00e1soknak k\u00f6sz\u00f6nhet\u0151en szelekt\u00e1l bizonyos betegcsoportokat, \u00e9s az abban szenved\u0151k eset\u00e9n nagyon s\u00falyos lefoly\u00e1st eredm\u00e9nyez. \u201eAm\u00edg nem alakul ki a ny\u00e1jimmunit\u00e1s, addig mindannyian vesz\u00e9lyben vagyunk, az id\u0151skor, az elh\u00edz\u00e1s, az onkol\u00f3giai betegs\u00e9gek \u00e9s a cukorbetegs\u00e9g mellett a legs\u00falyosabb lefoly\u00e1sa a v\u00edrusfert\u0151z\u00e9snek\u201d \u2013 emelte ki.<\/p>\n<p>Hangs\u00falyozta azt is, ebben a rendk\u00edv\u00fcli helyzetben megmutatkozott az \u00f6sszefog\u00e1s ereje is. \u00a0\u201eRektork\u00e9nt nagyon b\u00fcszke vagyok egyetem\u00fcnk minden dolgoz\u00f3j\u00e1ra, akik a kezdetekt\u0151l kivett\u00e9k a r\u00e9sz\u00fcket a j\u00e1rv\u00e1ny elleni k\u00fczdelemben\u201d \u2013 mondta.<\/p>\n<p>Dobozi P\u00e1lma<br \/>Fot\u00f3: Kov\u00e1cs Attila &#8211; Semmelweis Egyetem (kiemelt k\u00e9p); Figyel\u0151-c\u00edmlap<\/p>\n","protected":false},"excerpt":{"rendered":"<p>A koronav\u00edrus elleni v\u00e9dekez\u00e9s sor\u00e1n v\u00e9gzett meghat\u00e1roz\u00f3 szakmai munk\u00e1ja \u00e9s a lakoss\u00e1g t\u00e1j\u00e9koztat\u00e1s\u00e1ban j\u00e1tszott kulcsszerepe elismer\u00e9sek\u00e9nt v\u00e1lasztotta a 2020-as \u00c9v ember\u00e9nek dr. Merkely B\u00e9l\u00e1t, a Semmelweis Egyetem rektor\u00e1t a Figyel\u0151. A szerkeszt\u0151s\u00e9g id\u00e9n hatodik alkalommal \u00edt\u00e9lte oda a d\u00edjat. A rektor az elismer\u00e9s kapcs\u00e1n adott c\u00edmlapos interj\u00faj\u00e1ban besz\u00e9lt egyebek mellett arr\u00f3l is, hogy az optimista &hellip;<\/p>\n","protected":false},"author":101737,"featured_media":2672,"comment_status":"closed","ping_status":"closed","sticky":false,"template":"","format":"standard","meta":{"_acf_changed":false,"footnotes":""},"categories":[1],"tags":[],"class_list":["post-2671","post","type-post","status-publish","format-standard","has-post-thumbnail","hentry","category-hirek"],"acf":[],"_links":{"self":[{"href":"https:\/\/semmelweis.hu\/varosmajor\/wp-json\/wp\/v2\/posts\/2671","targetHints":{"allow":["GET"]}}],"collection":[{"href":"https:\/\/semmelweis.hu\/varosmajor\/wp-json\/wp\/v2\/posts"}],"about":[{"href":"https:\/\/semmelweis.hu\/varosmajor\/wp-json\/wp\/v2\/types\/post"}],"author":[{"embeddable":true,"href":"https:\/\/semmelweis.hu\/varosmajor\/wp-json\/wp\/v2\/users\/101737"}],"replies":[{"embeddable":true,"href":"https:\/\/semmelweis.hu\/varosmajor\/wp-json\/wp\/v2\/comments?post=2671"}],"version-history":[{"count":2,"href":"https:\/\/semmelweis.hu\/varosmajor\/wp-json\/wp\/v2\/posts\/2671\/revisions"}],"predecessor-version":[{"id":2835,"href":"https:\/\/semmelweis.hu\/varosmajor\/wp-json\/wp\/v2\/posts\/2671\/revisions\/2835"}],"wp:featuredmedia":[{"embeddable":true,"href":"https:\/\/semmelweis.hu\/varosmajor\/wp-json\/wp\/v2\/media\/2672"}],"wp:attachment":[{"href":"https:\/\/semmelweis.hu\/varosmajor\/wp-json\/wp\/v2\/media?parent=2671"}],"wp:term":[{"taxonomy":"category","embeddable":true,"href":"https:\/\/semmelweis.hu\/varosmajor\/wp-json\/wp\/v2\/categories?post=2671"},{"taxonomy":"post_tag","embeddable":true,"href":"https:\/\/semmelweis.hu\/varosmajor\/wp-json\/wp\/v2\/tags?post=2671"}],"curies":[{"name":"wp","href":"https:\/\/api.w.org\/{rel}","templated":true}]}}