{"id":872,"date":"2014-09-05T10:29:11","date_gmt":"2014-09-05T08:29:11","guid":{"rendered":"http:\/\/semmelweis.hu\/urologia\/?p=872"},"modified":"2015-08-25T16:18:01","modified_gmt":"2015-08-25T14:18:01","slug":"idult-hugyholyag-gyulladas","status":"publish","type":"post","link":"https:\/\/semmelweis.hu\/urologia\/2014\/09\/05\/idult-hugyholyag-gyulladas\/","title":{"rendered":"Id\u00fclt h\u00fagyh\u00f3lyag-gyullad\u00e1s"},"content":{"rendered":"<p><strong>Betegs\u00e9g meghat\u00e1roz\u00e1sa: <\/strong>A h\u00fagyh\u00f3lyag elh\u00faz\u00f3d\u00f3 (m\u00e1s n\u00e9ven kr\u00f3nikus, id\u00fclt) gyullad\u00e1sa mely \u00e1ltal\u00e1ban az akut gyullad\u00e1s nem megfelel\u0151 kezel\u00e9se, illetve a vizelet pang\u00e1s\u00e1t el\u0151seg\u00edt\u0151 \u00e1llapotok (prosztata megnagyobbod\u00e1s, h\u00f3lyagfunkci\u00f3 zavar) k\u00f6vetkezt\u00e9ben alakulhat ki.<\/p>\n<p><strong>El\u0151fordul\u00e1s, hajlamos\u00edt\u00f3 t\u00e9nyez\u0151k: <\/strong>A nem komplik\u00e1lt heveny h\u00f3lyaggyullad\u00e1s (cystitis acuta) nem megfelel\u0151 kezel\u00e9se ut\u00e1n a fert\u0151z\u00e9s ki\u00fajulhat, illetve igen ritk\u00e1n \u00e1lland\u00f3sulhat, azaz id\u00fclt h\u00f3lyaggyullad\u00e1s alakulhat ki. A komplik\u00e1lt heveny h\u00f3lyaggyullad\u00e1s gyakrabban alakul id\u00fclt gyullad\u00e1ss\u00e1, ilyenkor \u00e1ltal\u00e1ban k\u00fcl\u00f6nb\u00f6z\u0151 hajlamos\u00edt\u00f3 t\u00e9nyez\u0151k seg\u00edtik a kr\u00f3nikus gyullad\u00e1s kialakul\u00e1s\u00e1t. Leggyakrabban tart\u00f3s vizeletpang\u00e1s (prosztata megnagyobbod\u00e1s, h\u00f3lyagfunkci\u00f3 zavar, anat\u00f3miai elt\u00e9r\u00e9s), h\u00fagy\u00fati k\u00f6vess\u00e9g (vese-, h\u00fagyvezet\u00e9k- vagy h\u00f3lyagk\u0151), kat\u00e9tervisel\u00e9s vagy a k\u00f6rnyez\u0151 szervek (prosztata, h\u00fcvely) gyullad\u00e1sa a kiv\u00e1lt\u00f3 ok.<\/p>\n<p><strong>T\u00fcnetek, panaszok: <\/strong>A kr\u00f3nikus h\u00f3lyaggyullad\u00e1s t\u00fcnetei megegyeznek a heveny gyullad\u00e1s t\u00fcneteivel, azaz a betegek gyakori, s\u00fcrget\u0151 vizel\u00e9si ingerr\u0151l, f\u00e1jdalmas vizel\u00e9sr\u0151l sz\u00e1molnak be. A vizelet \u00e1ltal\u00e1ban zavaros, kellemetlen sz\u00far\u00f3s szag\u00fa, gyakran szemmel l\u00e1that\u00f3an v\u00e9res. Id\u00fclt gyullad\u00e1s eset\u00e9ben azonban a t\u00fcnetek kev\u00e9sb\u00e9 kifejez\u0151ek, s\u0151t el\u0151fordulhat panaszmentes \u00e1llapot is.<\/p>\n<p><strong>Felismer\u00e9s: <\/strong>A kr\u00f3nikus h\u00f3lyaggyullad\u00e1s diagn\u00f3zisa gyakran m\u00e1r a k\u00f3rt\u00f6rt\u00e9net \u00e9s a panaszok ismeret\u00e9ben fel\u00e1ll\u00edthat\u00f3. Kivizsg\u00e1l\u00e1sa sor\u00e1n vizelet\u00fcled\u00e9k \u00e9s vizeletteny\u00e9szt\u00e9si vizsg\u00e1lat sz\u00fcks\u00e9ges. A komplik\u00e1l\u00f3 t\u00e9nyez\u0151k meg\u00edt\u00e9l\u00e9s\u00e9re hasi ultrahang vizsg\u00e1lat v\u00e9gzend\u0151.<\/p>\n<p><strong>Fajt\u00e1k, t\u00edpusok, fokozatok: <\/strong>Id\u00fclt h\u00f3lyaggyullad\u00e1s eset\u00e9n megk\u00fcl\u00f6nb\u00f6ztet\u00fcnk nem specifikus, leggyakrabban E. coli, Klebsiella, Proteus, Staphylococcus vagy Pseudomonas bakt\u00e9riumt\u00f6rzsek \u00e1ltal okozott, illetve ritk\u00e1n specifikus, azaz Mycobacterium \u00e1ltal okozott gyullad\u00e1st, m\u00e1s n\u00e9ven h\u00f3lyagtuberkul\u00f3zist. Az izol\u00e1lt h\u00f3lyagtuberkul\u00f3zis igen ritka, \u00e1ltal\u00e1ban fels\u0151 h\u00fagy\u00fati tuberkul\u00f3zissal j\u00e1r egy\u00fctt.<\/p>\n<p><strong>Nem m\u0171t\u00e9ti, konzervat\u00edv kezel\u00e9s: <\/strong>Az id\u00fclt gyullad\u00e1s ter\u00e1pi\u00e1ja sor\u00e1n c\u00e9lzott (azaz vizeletteny\u00e9szt\u00e9s alapj\u00e1n kiv\u00e1lasztott) antibiotikus kezel\u00e9s sz\u00fcks\u00e9ges. A kezel\u00e9s t\u00f6rt\u00e9nhet sz\u00e1jon \u00e1t szedhet\u0151 vagy intrav\u00e9n\u00e1s antibiotikummal, illetve a h\u00f3lyag antibiotikus \u00f6bl\u00edt\u00e9s\u00e9vel. A ter\u00e1pia id\u0151tartama k\u00f3rokoz\u00f3t\u00f3l \u00e9s hajlamos\u00edt\u00f3 t\u00e9nyez\u0151kt\u0151l f\u00fcgg. Sok esetben a ter\u00e1pia befejezt\u00e9vel sz\u00fcks\u00e9g van elh\u00faz\u00f3d\u00f3, alacsony d\u00f3zis\u00fa prophylaxisra, azaz megel\u0151z\u00e9sre. Ez azt jelenti, hogy a ter\u00e1pi\u00e1s d\u00f3zisn\u00e1l kisebb adagban a beteg napi rendszeress\u00e9ggel, hossz\u00fa t\u00e1von antibiotikumot szed.<\/p>\n<p><strong>M\u0171t\u00e9ti kezel\u00e9s: <\/strong>Kr\u00f3nikus h\u00f3lyaggyullad\u00e1s eset\u00e9ben m\u0171t\u00e9ti kezel\u00e9s nem j\u00f6het sz\u00f3ba. Az id\u00fclt gyullad\u00e1st fenntart\u00f3 t\u00e9nyez\u0151k (pl. h\u00f3lyagk\u00f6vess\u00e9g) m\u0171t\u00e9ti megold\u00e1sa lehets\u00e9ges \u00e9s aj\u00e1nlott.<\/p>\n<p><strong>Orvosi ellen\u0151rz\u00e9sek: <\/strong>Kr\u00f3nikus h\u00f3lyaggyullad\u00e1s fenn\u00e1ll\u00e1s\u00e1n\u00e1l \u00e9s azt k\u00f6vet\u0151en rendszeres, hossz\u00fa t\u00e1v\u00fa urol\u00f3giai kontroll, valamint h\u00e1ziorvosi ellen\u0151rz\u00e9s sz\u00fcks\u00e9ges.<\/p>\n<p><strong>Megel\u0151z\u00e9s: <\/strong>Az id\u00fclt h\u00f3lyaggyullad\u00e1s a kiv\u00e1lt\u00f3 t\u00e9nyez\u0151k (pl. h\u00fagy\u00fati k\u00f6vess\u00e9g, prosztata megnagyobbod\u00e1s) kik\u00fcsz\u00f6b\u00f6l\u00e9s\u00e9vel, kezel\u00e9s\u00e9vel el\u0151zhet\u0151 meg. Amennyiben a kiv\u00e1lt\u00f3 ok nem sz\u00fcntethet\u0151 meg (pl. gerincvel\u0151 s\u00e9r\u00fcl\u00e9s ut\u00e1n kialakult funkci\u00f3zavar) akkor hossz\u00fa t\u00e1v\u00fa gy\u00f3gyszeres megel\u0151z\u00e9s sz\u00fcks\u00e9ges.<\/p>\n","protected":false},"excerpt":{"rendered":"<p>Betegs\u00e9g meghat\u00e1roz\u00e1sa: A h\u00fagyh\u00f3lyag elh\u00faz\u00f3d\u00f3 (m\u00e1s n\u00e9ven kr\u00f3nikus, id\u00fclt) gyullad\u00e1sa mely \u00e1ltal\u00e1ban az akut gyullad\u00e1s nem megfelel\u0151 kezel\u00e9se, illetve a vizelet pang\u00e1s\u00e1t el\u0151seg\u00edt\u0151 \u00e1llapotok (prosztata megnagyobbod\u00e1s, h\u00f3lyagfunkci\u00f3 zavar) k\u00f6vetkezt\u00e9ben alakulhat ki. El\u0151fordul\u00e1s, hajlamos\u00edt\u00f3 t\u00e9nyez\u0151k: A nem komplik\u00e1lt heveny h\u00f3lyaggyullad\u00e1s (cystitis acuta) nem megfelel\u0151 kezel\u00e9se ut\u00e1n a fert\u0151z\u00e9s ki\u00fajulhat, illetve igen ritk\u00e1n \u00e1lland\u00f3sulhat, azaz id\u00fclt h\u00f3lyaggyullad\u00e1s &hellip;<\/p>\n","protected":false},"author":316,"featured_media":0,"comment_status":"open","ping_status":"open","sticky":false,"template":"","format":"standard","meta":{"_acf_changed":false,"footnotes":""},"categories":[782],"tags":[1196,1198,884,1200,1202,1204,1206,1208],"class_list":["post-872","post","type-post","status-publish","format-standard","hentry","category-enciklopedia","tag-cystitis-chronica-hu","tag-e-coli-hu","tag-holyag-hu","tag-klebsiella-hu","tag-mycobacterium-hu","tag-proteus-hu","tag-pseudomonas-hu","tag-staphylococcus-hu"],"acf":[],"_links":{"self":[{"href":"https:\/\/semmelweis.hu\/urologia\/wp-json\/wp\/v2\/posts\/872","targetHints":{"allow":["GET"]}}],"collection":[{"href":"https:\/\/semmelweis.hu\/urologia\/wp-json\/wp\/v2\/posts"}],"about":[{"href":"https:\/\/semmelweis.hu\/urologia\/wp-json\/wp\/v2\/types\/post"}],"author":[{"embeddable":true,"href":"https:\/\/semmelweis.hu\/urologia\/wp-json\/wp\/v2\/users\/316"}],"replies":[{"embeddable":true,"href":"https:\/\/semmelweis.hu\/urologia\/wp-json\/wp\/v2\/comments?post=872"}],"version-history":[{"count":4,"href":"https:\/\/semmelweis.hu\/urologia\/wp-json\/wp\/v2\/posts\/872\/revisions"}],"predecessor-version":[{"id":1131,"href":"https:\/\/semmelweis.hu\/urologia\/wp-json\/wp\/v2\/posts\/872\/revisions\/1131"}],"wp:attachment":[{"href":"https:\/\/semmelweis.hu\/urologia\/wp-json\/wp\/v2\/media?parent=872"}],"wp:term":[{"taxonomy":"category","embeddable":true,"href":"https:\/\/semmelweis.hu\/urologia\/wp-json\/wp\/v2\/categories?post=872"},{"taxonomy":"post_tag","embeddable":true,"href":"https:\/\/semmelweis.hu\/urologia\/wp-json\/wp\/v2\/tags?post=872"}],"curies":[{"name":"wp","href":"https:\/\/api.w.org\/{rel}","templated":true}]}}