{"id":95,"date":"2008-09-22T00:00:00","date_gmt":"2008-09-21T22:00:00","guid":{"rendered":"http:\/\/semmelweis.hu\/ujsag\/ix_evfolyam_9_szam_2008_szeptember_22_folyoirat\/"},"modified":"2018-01-10T14:00:22","modified_gmt":"2018-01-10T13:00:22","slug":"ix_evfolyam_9_szam_2008_szeptember_22_folyoirat","status":"publish","type":"post","link":"https:\/\/semmelweis.hu\/ujsag\/2008\/09\/22\/ix_evfolyam_9_szam_2008_szeptember_22_folyoirat\/","title":{"rendered":"Semmelweis Egyetem \u2013 IX. \u00e9vfolyam, 9. sz\u00e1m \u2013 2008. szeptember 22."},"content":{"rendered":"<p><strong><a href=\"https:\/\/semmelweis.hu\/ujsag\/files\/2015\/12\/ix._evfolyam__9._szam_\u2013_2008._szeptember_22.-2008-09-22.pdf\"><img loading=\"lazy\" decoding=\"async\" class=\"size-full wp-image-422 alignright\" src=\"https:\/\/semmelweis.hu\/ujsag\/files\/2015\/12\/796.jpg\" alt=\"796\" width=\"200\" height=\"282\" \/><\/a>4-5-6. oldal<\/strong><br \/>\n\u00c9vind\u00edt\u00f3 \u00fcnneps\u00e9g\u00a0<br \/>\n A hit \u00e9s a felel\u0151ss\u00e9g szavakat aj\u00e1nlotta els\u0151sorban a legifjabb egyetemi polg\u00e1rok figyelm\u00e9be Tulassay<br \/>\n Tivadar rektor a tan\u00e9vkezdet \u00fcnnep\u00e9n, szeptember 7-\u00e9n. Er\u0151s hit kell a v\u00e1ls\u00e1gb\u00f3l val\u00f3 kil\u00e1bal\u00e1shoz, az \u00fajra\u00e9p\u00edt\u00e9shez, melynek felel\u0151ss\u00e9ge az ifj\u00fas\u00e1g\u00e9, hisz a haza sorsa mindig a fiatalok kez\u00e9ben van. Rektor \u00far azzal a k\u00edv\u00e1nalommal nyitotta ki az els\u0151\u00e9vesek el\u0151tt az egyetem kapuj\u00e1t, hogy tehets\u00e9g\u00fckkel j\u00f3l s\u00e1f\u00e1rkod\u00f3, alkot\u00f3, gondolkod\u00f3 \u00e9s felel\u0151s polg\u00e1rai legyenek majd Magyarorsz\u00e1gnak \u2013 itthon. Az \u00e9vnyit\u00f3n \u00e1tadott kit\u00fcntet\u00e9seket is megtal\u00e1lj\u00e1k ezeken az oldalakon.<br \/>\n <strong>8-9-10-11. oldal<\/strong><br \/>\nSemmelweis Napi \u00fcnneps\u00e9gsorozat\u00a0<br \/>\n Hagyom\u00e1nyainknak megfelel\u0151en \u00fcnneps\u00e9gek sor\u00e1val eml\u00e9kezt\u00fcnk egyetem\u00fcnk n\u00e9vad\u00f3j\u00e1nak 190. sz\u00fclet\u00e9snapj\u00e1ra j\u00falius 1-j\u00e9n. Semmelweis Ign\u00e1c sz\u00fcl\u0151h\u00e1z\u00e1ban, majd a f\u0151\u00e9p\u00fclet udvar\u00e1n l\u00e9v\u0151 szobr\u00e1nak megkoszor\u00faz\u00e1sa is r\u00e9sze volt a megeml\u00e9kez\u00e9snek. Az \u00fcnneps\u00e9gsorozat a NET D\u00edszterm\u00e9ben \u00e9rt v\u00e9get, amely rendezv\u00e9ny egyben az akad\u00e9miai \u00e9v z\u00e1r\u00f3aktusa volt.<br \/>\n <strong>12. oldal<\/strong><br \/>\nPekingi eml\u00e9kek <br \/>\n Augusztus 4-t\u0151l 25-ig Pekingben voltam a XXIX. Ny\u00e1ri Olimpiai J\u00e1t\u00e9kokon, mint a magyar f\u00e9rfi v\u00edzilabda v\u00e1logatott orvosa. Az eredm\u00e9ny ismeret\u00e9ben kaptam a felk\u00e9r\u00e9st egy szubjekt\u00edv hangv\u00e9tel\u0171 \u00edr\u00e1s elk\u00e9sz\u00edt\u00e9s\u00e9re, aminek sz\u00edvesen tettem eleget \u2013 kezdi Pavlik G\u00e1bor az \u00e9lm\u00e9nybesz\u00e1mol\u00f3t.<br \/>\n <strong>13-14. oldal<\/strong><br \/>\n\u00c9p\u00edtkez\u00e9sekr\u0151l, k\u00f6lt\u00f6z\u00e9sekr\u0151l, az egyetem j\u00f6v\u0151j\u00e9r\u0151l\u00a0<br \/>\n Esem\u00e9nyekben b\u0151velked\u0151 tan\u00e9vet kezdt\u00fcnk szeptemberben. Sz\u00e1mba venni is neh\u00e9z, h\u00e1ny helyen folyik valamilyen fel\u00faj\u00edt\u00e1s, \u00e1talak\u00edt\u00e1s, \u00e9p\u00edtkez\u00e9s \u2013 hogy csak a legl\u00e9nyegesebbeket eml\u00edts\u00fck: az \u00dcll\u0151i \u00fat 26-ban \u00e9s a M\u00e1ria utcai Szem\u00e9szeti Klinik\u00e1n, a NET-ben, a T\u0171zolt\u00f3 utcai \u00faj Oktat\u00e1si K\u00f6zpontban. Els\u0151sorban ezekr\u0151l a v\u00e1ltoz\u00e1sokr\u00f3l k\u00e9rdezt\u00fck Iv\u00e1dy Vilmos gazdas\u00e1gi-m\u0171szaki f\u0151igazgat\u00f3t.<br \/>\n <strong>15. oldal<\/strong><br \/>\nHi\u00e1nyzik a hallgat\u00f3k v\u00e9lem\u00e9nye\u00a0<br \/>\n Az egyetemi tan\u00e1ri kinevez\u00e9s egyik el\u0151felt\u00e9tele a habilit\u00e1ci\u00f3. Az el\u0151ad\u00f3i k\u00e9pess\u00e9g meg\u00edt\u00e9l\u00e9s\u00e9hez sz\u00fcks\u00e9g volna a H\u00d6K megalapozott v\u00e9lem\u00e9ny\u00e9re is. (Sp\u00e4t Andr\u00e1s \u00edr\u00e1sa)<br \/>\n <strong>17. oldal<\/strong><br \/>\nEgyetemi centrum a gy\u00f3gyszerkutat\u00e1s\u00e9rt \u00e9s gy\u00f3gyszerfejleszt\u00e9s\u00e9rt\u00a0<br \/>\n A Szen\u00e1tus j\u00faniusi \u00fcl\u00e9s\u00e9n hat\u00e1rozott a Gy\u00f3gyszerkutat\u00e1si \u00e9s Gy\u00f3gyszerbiztons\u00e1gi Centrum (angol r\u00f6vid\u00edt\u00e9se: DDSC) l\u00e9trehoz\u00e1s\u00e1r\u00f3l. Egyetem\u00fcnk \u00faj r\u00e9szleg\u00e9nek c\u00e9ljair\u00f3l a centrumigazgat\u00f3, M\u00e1tyus P\u00e9ter sz\u00e1mol be.<br \/>\n <strong>19-20. oldal<\/strong><br \/>\nVet\u00e9sr\u0151l, arat\u00e1sr\u00f3l \u00e9s sz\u00fcret ut\u00e1ni \u00e1llapotr\u00f3l <br \/>\n El\u00e9rkezik az \u00e9letkor, amikor az ember m\u00e1r visszafel\u00e9 tekint, \u00f6sszegzi a maga m\u00f6g\u00f6tt hagyott \u00e9veket.<br \/>\n Nemes Attila egykori rektorhelyettes, az \u00c9r- \u00e9s Sz\u00edvseb\u00e9szeti Klinika kor\u00e1bbi igazgat\u00f3ja k\u00f6nyvben vont m\u00e9rleget \u201efecseg\u00e9sek, firk\u00e1k, feh\u00e9rben\u201d c\u00edmmel. A k\u00f6tet egyid\u0151ben l\u00e1tott napvil\u00e1got professor emeritus c\u00edm\u00e9nek megszerz\u00e9s\u00e9vel.<br \/>\n <strong>21. oldal<\/strong><br \/>\n\u00daj eur\u00f3pai oktat\u00e1si modell\u00a0 Egyetem\u00fcnk sz\u00e9khelyen k\u00edv\u00fcli k\u00e9pz\u00e9se Hamburgban Szeptember 5-\u00e9n a Hamburgban rendezett \u00fcnnep\u00e9lyes megnyit\u00f3val kezdet\u00e9t vette az oktat\u00e1s a Semmelweis Egyetem \u00faj telephely\u00e9n, amelynek hivatalos neve Asklepios Campus Hamburg. (Ligeti Erzs\u00e9bet \u00edr\u00e1sa)<br \/>\n <strong>22. oldal<\/strong><br \/>\nK\u00f6nyvt\u00e1ri v\u00e1ltoz\u00e1sok\u00a0<br \/>\n Az alap\u00edt\u00e1s\u00e1nak id\u00e9n sz\u00e1znyolcvanadik \u00e9v\u00e9t \u00fcnnepl\u0151 k\u00f6nyvt\u00e1r \u00e1tmeneti NET-beli \u00faj hely\u00e9nek szeptember 1-jei megnyit\u00f3j\u00e1n, Vasas L\u00edvia f\u0151igazgat\u00f3 id\u00e9zte fel ennek a nagy m\u00falt\u00fa int\u00e9zm\u00e9nynek a t\u00f6rt\u00e9net\u00e9t. A k\u00f6nyvt\u00e1r korl\u00e1tozott m\u0171k\u00f6d\u00e9ssel ugyan, de a folyamatos m\u0171k\u00f6d\u00e9shez sz\u00fcks\u00e9ges feladatait ell\u00e1tja.<br \/>\n Rektori P\u00e1ly\u00e1zat g\u00f3rcs\u0151 alatt <br \/>\n<strong>23. oldal<\/strong><br \/>\n M\u00e1sodszorra \u00e9rt\u00e9kelt\u00e9k a m\u00f3dos\u00edtott felt\u00e9telrendszer alapj\u00e1n a Rektori P\u00e1ly\u00e1zatra be\u00e9rkez\u0151 munk\u00e1kat. A reformt\u00f6rekv\u00e9sek egyik szorgalmaz\u00f3ja, Langer R\u00f3bert (Transzplant\u00e1ci\u00f3s \u00e9s Seb\u00e9szeti Klinika) lapunk k\u00e9r\u00e9s\u00e9re p\u00e1ly\u00e1zatb\u00edr\u00e1l\u00f3 t\u00e1rs\u00e1val, Szab\u00f3 Attil\u00e1val (I. sz. Gyermekgy\u00f3gy\u00e1szati Klinika) egy k\u00e9s\u0151bb megjelen\u0151 k\u00f6z\u00f6s cikkben \u00f6sszegezte az eddigi tapasztalatokat \u2013 ebben a lapsz\u00e1mban Langer R\u00f3bert k\u00e9rd\u00e9seinkre v\u00e1laszol.<br \/>\n<strong>25. oldal<\/strong><br \/>\nNagyjaink bronzban is<br \/>\n J\u00fanius 19-\u00e9n avatt\u00e1k az egyetemi orvos panteon tov\u00e1bbi alakjair\u00f3l k\u00e9sz\u00fclt alkot\u00e1sokat a f\u0151\u00e9p\u00fcletben. Az idei p\u00e1ly\u00e1zat eredm\u00e9nyek\u00e9nt Kiszel J\u00e1nos, Schaffer K\u00e1roly (mindkett\u0151t Magyari Bal\u00e1zs k\u00e9sz\u00edtette), N\u00e9k\u00e1m Lajos (Bal\u00e1zs J\u00f3zsef Tam\u00e1s munk\u00e1ja) \u00e9s Ratk\u00f3czy N\u00e1ndor portr\u00e9j\u00e1r\u00f3l (Cs\u00e1nyi Katalin k\u00e9sz\u00edtette) hullott le a lepel. S hogy lesz-e folytat\u00e1s? Kider\u00fcl a cikkb\u0151l.<br \/>\n <strong>26. oldal<\/strong><br \/>\nSz\u00f6vet\u00e9p\u00edt\u0151 laborat\u00f3rium a Semmelweis Egyetemen <br \/>\n A Trimar\u00e1n \u00dczletfejleszt\u00e9si Program csapata 2008 els\u0151 f\u00e9l\u00e9v\u00e9ben tizenegy innov\u00e1ci\u00f3s projekt fejleszt\u00e9s\u00e9t seg\u00edtette. A projektek mintegy fele a Semmelweis Egyetem kutat\u00f3i munk\u00e1j\u00e1b\u00f3l j\u00f6tt l\u00e9tre. Tervezett sorozatunkban els\u0151k\u00e9nt az id\u00e9n m\u00e1jusban alakult els\u0151 hazai sz\u00f6vet\u00e9p\u00edt\u0151 laborat\u00f3riumr\u00f3l \u00edrunk, melynek vezet\u0151je Lacza Zsombor.<\/p>\n","protected":false},"excerpt":{"rendered":"<p><a href=\"https:\/\/semmelweis.hu\/ujsag\/files\/2015\/12\/ix._evfolyam__9._szam_\u2013_2008._szeptember_22.-2008-09-22.pdf\"><\/a> 4-5-6. oldal \u00c9vind\u00edt\u00f3 \u00fcnneps\u00e9g\u00a0 A hit \u00e9s a felel\u0151ss\u00e9g szavakat aj\u00e1nlotta els\u0151sorban a legifjabb egyetemi polg\u00e1rok figyelm\u00e9be Tulassay Tivadar rektor a tan\u00e9vkezdet \u00fcnnep\u00e9n, szeptember 7-\u00e9n. Er\u0151s hit kell a v\u00e1ls\u00e1gb\u00f3l val\u00f3 kil\u00e1bal\u00e1shoz, az \u00fajra\u00e9p\u00edt\u00e9shez, melynek felel\u0151ss\u00e9ge az ifj\u00fas\u00e1g\u00e9, hisz a haza sorsa mindig a fiatalok kez\u00e9ben van. Rektor \u00far azzal a k\u00edv\u00e1nalommal nyitotta ki az &hellip;<\/p>\n","protected":false},"author":158,"featured_media":422,"comment_status":"closed","ping_status":"closed","sticky":false,"template":"","format":"standard","meta":{"_acf_changed":false,"footnotes":""},"categories":[13],"tags":[],"class_list":["post-95","post","type-post","status-publish","format-standard","has-post-thumbnail","hentry","category-13"],"acf":[],"_links":{"self":[{"href":"https:\/\/semmelweis.hu\/ujsag\/wp-json\/wp\/v2\/posts\/95","targetHints":{"allow":["GET"]}}],"collection":[{"href":"https:\/\/semmelweis.hu\/ujsag\/wp-json\/wp\/v2\/posts"}],"about":[{"href":"https:\/\/semmelweis.hu\/ujsag\/wp-json\/wp\/v2\/types\/post"}],"author":[{"embeddable":true,"href":"https:\/\/semmelweis.hu\/ujsag\/wp-json\/wp\/v2\/users\/158"}],"replies":[{"embeddable":true,"href":"https:\/\/semmelweis.hu\/ujsag\/wp-json\/wp\/v2\/comments?post=95"}],"version-history":[{"count":7,"href":"https:\/\/semmelweis.hu\/ujsag\/wp-json\/wp\/v2\/posts\/95\/revisions"}],"predecessor-version":[{"id":5220,"href":"https:\/\/semmelweis.hu\/ujsag\/wp-json\/wp\/v2\/posts\/95\/revisions\/5220"}],"wp:featuredmedia":[{"embeddable":true,"href":"https:\/\/semmelweis.hu\/ujsag\/wp-json\/wp\/v2\/media\/422"}],"wp:attachment":[{"href":"https:\/\/semmelweis.hu\/ujsag\/wp-json\/wp\/v2\/media?parent=95"}],"wp:term":[{"taxonomy":"category","embeddable":true,"href":"https:\/\/semmelweis.hu\/ujsag\/wp-json\/wp\/v2\/categories?post=95"},{"taxonomy":"post_tag","embeddable":true,"href":"https:\/\/semmelweis.hu\/ujsag\/wp-json\/wp\/v2\/tags?post=95"}],"curies":[{"name":"wp","href":"https:\/\/api.w.org\/{rel}","templated":true}]}}