{"id":93,"date":"2008-11-24T00:00:00","date_gmt":"2008-11-23T23:00:00","guid":{"rendered":"http:\/\/semmelweis.hu\/ujsag\/ix_evfolyam_12_szam_2008_november_24_folyoirat\/"},"modified":"2018-01-04T15:51:20","modified_gmt":"2018-01-04T14:51:20","slug":"ix_evfolyam_12_szam_2008_november_24_folyoirat","status":"publish","type":"post","link":"https:\/\/semmelweis.hu\/ujsag\/2008\/11\/24\/ix_evfolyam_12_szam_2008_november_24_folyoirat\/","title":{"rendered":"Semmelweis Egyetem \u2013 IX. \u00e9vfolyam, 12. sz\u00e1m \u2013 2008. november 24."},"content":{"rendered":"<p><strong><a href=\"https:\/\/semmelweis.hu\/ujsag\/files\/2015\/12\/ix._evfolyam__12._szam_\u2013_2008._november_24.-2008-11-24.pdf\"><img loading=\"lazy\" decoding=\"async\" class=\"size-full wp-image-397 alignright\" src=\"https:\/\/semmelweis.hu\/ujsag\/files\/2015\/12\/744.jpg\" alt=\"744\" width=\"200\" height=\"282\" \/><\/a>4-8. oldal<\/strong><br \/>\nDies Academicus 2008\u00a0<br \/>\n Az egyetem alap\u00edt\u00e1s\u00e1nak 239. \u00e9vfordul\u00f3ja alkalm\u00e1b\u00f3l november 8-\u00e1n 10 \u00f3rai kezdettel tartott<br \/>\n \u00fcnnepi egyetemi szen\u00e1tusi \u00fcl\u00e9sen v\u00e9gig jelen volt S\u00f3lyom L\u00e1szl\u00f3 k\u00f6zt\u00e1rsas\u00e1gi eln\u00f6k. Megnyit\u00f3<br \/>\n besz\u00e9d\u00e9ben Tulassay Tivadar rektor k\u00f6sz\u00f6nt\u00f6tte \u0151t \u00e9s az esem\u00e9nyen megjelenteket. Az \u00fcnnepi<br \/>\n besz\u00e9det Sz\u00e9l \u00c1goston mondta.<br \/>\n <span style=\"color: #333333;font-family: Georgia, 'Times New Roman', 'Bitstream Charter', Times, serif\"><strong>9. oldal<\/strong><br \/>\n<\/span>Itthon kamatoztatja tud\u00e1s\u00e1t\u00a0<br \/>\nA Dies Academicus \u00fcnneps\u00e9gen vette \u00e1t Kiss Dorottya kit\u00fcntet\u00e9ses doktori oklevel\u00e9t \u00e9s a hozz\u00e1tartoz\u00f3 aranygy\u0171r\u0171t S\u00f3lyom L\u00e1szl\u00f3 k\u00f6zt\u00e1rsas\u00e1gi eln\u00f6kt\u0151l. Ebb\u0151l az alkalomb\u00f3l k\u00e9rdezt\u00fck \u0151t eredm\u00e9nyeir\u0151l \u00e9s terveir\u0151l.<br \/>\n<span style=\"color: #333333;font-family: Georgia, 'Times New Roman', 'Bitstream Charter', Times, serif\"><strong>10-11. oldal<\/strong><br \/>\n<\/span>\u00dcnnep a T\u0171zolt\u00f3 utc\u00e1ban<br \/>\n Az \u00c1ltal\u00e1nos Orvostudom\u00e1nyi Kar Elm\u00e9leti Orvostudom\u00e1nyi K\u00f6zpontja (EOK) \u00fcnnep\u00e9lyes \u00e1tad\u00e1sa november 6-\u00e1n volt. Sug\u00e1rz\u00f3 \u00f6r\u00f6m \u00e9s a Nap mosolya ragyogta be az \u00f3ri\u00e1si \u00e9p\u00fclet el\u0151csarnok\u00e1ba nagy sz\u00e1mban \u00e9rkez\u0151 vend\u00e9geket \u00e9s a b\u00fcszke h\u00e1zigazd\u00e1kat.<br \/>\n <strong>12. oldal<\/strong><br \/>\nZ\u00f6kken\u0151mentes \u00fat a Puskin utc\u00e1b\u00f3l az EOK-ba\u00a0<br \/>\n Ki\u00fcr\u00fclt a Puskin utcai T\u00f6mb. H\u0171lt helye a laboroknak, m\u00e1r csak n\u00e9h\u00e1ny itt marad\u00f3 b\u00fator \u00e1rv\u00e1lkodik az \u00fcresen kong\u00f3 helyis\u00e9gekben. Lez\u00e1rult egy korszak az egykor e falak k\u00f6z\u00f6tt munk\u00e1lkod\u00f3 int\u00e9zetek t\u00f6rt\u00e9net\u00e9ben, s elkezd\u0151d\u00f6tt az \u00faj a T\u0171zolt\u00f3 utcai Elm\u00e9leti Orvostudom\u00e1nyi K\u00f6zpontban. S, hogy mindez bek\u00f6vetkezhess\u00e9k, ahhoz kellettek a Biztons\u00e1gtechnikai Igazgat\u00f3s\u00e1g dolgoz\u00f3i is, kiket komoly feladat el\u00e9 \u00e1ll\u00edtott a k\u00f6lt\u00f6z\u00e9s.<br \/>\n <strong>13. oldal<\/strong><br \/>\nEml\u00e9kez\u00e9s az 1956-os forradalomra\u00a0<br \/>\n \u00dcnnep\u00e9lyes koszor\u00faz\u00e1ssal eml\u00e9keztek egyetem\u00fcnk dolgoz\u00f3i \u00e9s hallgat\u00f3i az 1956-os forradalom 52. \u00e9vfordul\u00f3j\u00e1ra okt\u00f3ber 22-\u00e9n. A m\u00falt esem\u00e9nyei el\u0151tti tisztelg\u00e9s hangs\u00falyos helye a bels\u0151 telepi munk\u00e1latok miatt a NET el\u0151tt \u00e1ll\u00f3 T\u00f3th Ilona szoborhoz tev\u0151d\u00f6tt \u00e1t, ahol Sz\u00e9cs\u00e9nyi-Nagy Bal\u00e1zs EH\u00d6K eln\u00f6k mondott eml\u00e9kez\u0151 besz\u00e9det.<br \/>\n <strong>19. oldal<\/strong><br \/>\nL\u00e1that\u00f3 \u00e9s eltitkolt k\u00fcl\u00f6nbs\u00e9gek <br \/>\n Osv\u00e1th P\u00e9ter egyetemi oktat\u00f3, PhD-v\u00e9d\u00e9s el\u0151tt \u00e1ll\u00f3 adjunktus, sportorvos, \u00edr\u00f3. Nev\u00e9re r\u00e1keresve ez ut\u00f3bbi tev\u00e9kenys\u00e9g\u00e9r\u0151l tal\u00e1lni a legt\u00f6bb inform\u00e1ci\u00f3t a neten. \u00cdrt m\u00e1r n\u0151knek sz\u00f3l\u00f3 alakform\u00e1l\u00f3 k\u00f6nyvet, test\u00e9p\u00edt\u0151 szakk\u00f6nyvet, tank\u00f6nyveket, de sz\u00e9pirodalmi m\u0171veket is. Eddig k\u00e9t reg\u00e9nye jelent meg, a harmadikon jelenleg is dolgozik.<br \/>\n <strong>20. oldal<\/strong><br \/>\nSzeretet n\u00e9lk\u00fcl lehetetlen gy\u00f3gy\u00edtani <br \/>\n A berlini 19. European Students\u2019 Conference-en a vil\u00e1g minden t\u00e1j\u00e1r\u00f3l \u00e9rkez\u0151 1200 orvostanhallgat\u00f3 \u00e9s PhD-hallgat\u00f3 k\u00f6z\u00fcl a regul\u00e1toros T sejtek \u00e9s a preeclampsia kapcsolat\u00e1r\u00f3l sz\u00f3l\u00f3 kutat\u00e1s\u00e1val Toldi Gergely IV. \u00e9ves medikus nyerte el az els\u0151 d\u00edjat, a legjobb el\u0151ad\u00e1snak j\u00e1r\u00f3 Zondek-d\u00edjat, tov\u00e1bb\u00e1 a Charit\u00e9-Allianz k\u00f6z\u00f6s \u00f6szt\u00f6nd\u00edj\u00e1t.<br \/>\n <strong>21. oldal<\/strong><br \/>\nD\u00edjes\u0151 Berlinben \u2013 Genersich d\u00edjas hallgat\u00f3\u00a0<br \/>\n Els\u00f6pr\u0151 magyar sikerrel z\u00e1rult a 2008-as European Students\u2019 Conference Berlinben. A 19. alkalommal megrendezett nemzetk\u00f6zi tan\u00e1cskoz\u00e1son a megszerezhet\u0151 d\u00edjakb\u00f3l t\u00f6bbet is elhoztak hallgat\u00f3ink, k\u00f6zt\u00fck Egerv\u00e1ri G\u00e1bor, aki els\u0151 lett a hematol\u00f3gia-onkol\u00f3gia szekci\u00f3ban, s elnyerte a Charit\u00e9 Egyetem \u00f6szt\u00f6nd\u00edj\u00e1t, idehaza pedig az idei Dr. Genersich Antal hallgat\u00f3i d\u00edjat.<br \/>\n <strong>24-25. oldal<\/strong><br \/>\nH\u00edrek, esem\u00e9nyek \u2013 r\u00f6viden\u00a0<br \/>\n <strong>27. oldal<\/strong><br \/>\nA g\u00f3lyab\u00e1lr\u00f3l, ami az \u00e9v egyik legjobb bulija\u00a0<br \/>\n Okt\u00f3ber 18-\u00e1n rendezt\u00e9k meg egyetem\u00fcnk g\u00f3lyab\u00e1lj\u00e1t. A kor\u00e1bbi \u00e9vekhez hasonl\u00f3an most is rendk\u00edv\u00fcl sz\u00ednvonalas rendezv\u00e9nynek lehett\u00fcnk r\u00e9szesei. Az Instruktor \u00d6ntev\u00e9keny Csoport \u00e9s a Hallgat\u00f3i \u00d6nkorm\u00e1nyzat tagjai hatalmas lelkesed\u00e9ssel, szorgalmas munk\u00e1val tett\u00e9k \u00fcnnep\u00e9lyess\u00e9 az alkalmat.<\/p>\n","protected":false},"excerpt":{"rendered":"<p><a href=\"https:\/\/semmelweis.hu\/ujsag\/files\/2015\/12\/ix._evfolyam__12._szam_\u2013_2008._november_24.-2008-11-24.pdf\"><\/a> 4-8. oldal Dies Academicus 2008\u00a0 Az egyetem alap\u00edt\u00e1s\u00e1nak 239. \u00e9vfordul\u00f3ja alkalm\u00e1b\u00f3l november 8-\u00e1n 10 \u00f3rai kezdettel tartott \u00fcnnepi egyetemi szen\u00e1tusi \u00fcl\u00e9sen v\u00e9gig jelen volt S\u00f3lyom L\u00e1szl\u00f3 k\u00f6zt\u00e1rsas\u00e1gi eln\u00f6k. Megnyit\u00f3 besz\u00e9d\u00e9ben Tulassay Tivadar rektor k\u00f6sz\u00f6nt\u00f6tte \u0151t \u00e9s az esem\u00e9nyen megjelenteket. Az \u00fcnnepi besz\u00e9det Sz\u00e9l \u00c1goston mondta. 9. oldal Itthon kamatoztatja tud\u00e1s\u00e1t\u00a0 A Dies Academicus \u00fcnneps\u00e9gen vette &hellip;<\/p>\n","protected":false},"author":158,"featured_media":397,"comment_status":"closed","ping_status":"closed","sticky":false,"template":"","format":"standard","meta":{"_acf_changed":false,"footnotes":""},"categories":[13],"tags":[],"class_list":["post-93","post","type-post","status-publish","format-standard","has-post-thumbnail","hentry","category-13"],"acf":[],"_links":{"self":[{"href":"https:\/\/semmelweis.hu\/ujsag\/wp-json\/wp\/v2\/posts\/93","targetHints":{"allow":["GET"]}}],"collection":[{"href":"https:\/\/semmelweis.hu\/ujsag\/wp-json\/wp\/v2\/posts"}],"about":[{"href":"https:\/\/semmelweis.hu\/ujsag\/wp-json\/wp\/v2\/types\/post"}],"author":[{"embeddable":true,"href":"https:\/\/semmelweis.hu\/ujsag\/wp-json\/wp\/v2\/users\/158"}],"replies":[{"embeddable":true,"href":"https:\/\/semmelweis.hu\/ujsag\/wp-json\/wp\/v2\/comments?post=93"}],"version-history":[{"count":5,"href":"https:\/\/semmelweis.hu\/ujsag\/wp-json\/wp\/v2\/posts\/93\/revisions"}],"predecessor-version":[{"id":5214,"href":"https:\/\/semmelweis.hu\/ujsag\/wp-json\/wp\/v2\/posts\/93\/revisions\/5214"}],"wp:featuredmedia":[{"embeddable":true,"href":"https:\/\/semmelweis.hu\/ujsag\/wp-json\/wp\/v2\/media\/397"}],"wp:attachment":[{"href":"https:\/\/semmelweis.hu\/ujsag\/wp-json\/wp\/v2\/media?parent=93"}],"wp:term":[{"taxonomy":"category","embeddable":true,"href":"https:\/\/semmelweis.hu\/ujsag\/wp-json\/wp\/v2\/categories?post=93"},{"taxonomy":"post_tag","embeddable":true,"href":"https:\/\/semmelweis.hu\/ujsag\/wp-json\/wp\/v2\/tags?post=93"}],"curies":[{"name":"wp","href":"https:\/\/api.w.org\/{rel}","templated":true}]}}