{"id":92,"date":"2008-11-18T00:00:00","date_gmt":"2008-11-17T23:00:00","guid":{"rendered":"http:\/\/semmelweis.hu\/ujsag\/ix_evfolyam_11_szam_2008_november_3_folyoirat\/"},"modified":"2018-01-04T15:55:40","modified_gmt":"2018-01-04T14:55:40","slug":"ix_evfolyam_11_szam_2008_november_3_folyoirat","status":"publish","type":"post","link":"https:\/\/semmelweis.hu\/ujsag\/2008\/11\/18\/ix_evfolyam_11_szam_2008_november_3_folyoirat\/","title":{"rendered":"Semmelweis Egyetem \u2013 IX. \u00e9vfolyam, 11. sz\u00e1m \u2013 2008. november 3."},"content":{"rendered":"<p><strong><a href=\"https:\/\/semmelweis.hu\/ujsag\/files\/2015\/12\/ix._evfolyam__11._szam_\u2013_2008._november_3.-2008-11-03.pdf\"><img loading=\"lazy\" decoding=\"async\" class=\"size-full wp-image-423 alignright\" src=\"https:\/\/semmelweis.hu\/ujsag\/files\/2015\/12\/798.jpg\" alt=\"798\" width=\"200\" height=\"283\" \/><\/a>7. oldal<\/strong><br \/>\nH\u00edrn\u00e9vvel a r\u00e1k ellen Fran Drescher, az ismert amerikai sz\u00edn\u00e9szn\u0151, \u00edr\u00f3, az Egyes\u00fclt \u00c1llamok eg\u00e9szs\u00e9g\u0151rz\u0151 nagyk\u00f6vete okt\u00f3ber 7-\u00e9n l\u00e1togat\u00e1st tett a Semmelweis Egyetemen. Sz\u00edn\u00e9szi karrierje 1977-ben a Szombat esti<br \/>\n l\u00e1zzal kezd\u0151d\u00f6tt, melyet k\u00f6vet\u0151en sz\u00e1mos hollywoodi vil\u00e1gszt\u00e1r oldal\u00e1n szerepelt j\u00e1t\u00e9kfilmekben,<br \/>\n mozifilmekben \u00e9s k\u00f6nyveivel is sikert aratott.<br \/>\n<strong>9-10. oldal<\/strong><br \/>\nB\u0151v\u00fcl\u0151 masterk\u00e9pz\u00e9s a TF-en \u00d6r\u00f6mmel \u00e9s \u00fcr\u00f6mmel kezd\u0151d\u00f6tt az idei tan\u00e9v a Testnevel\u00e9si \u00e9s Sporttudom\u00e1nyi Karon. Tihanyi J\u00f3zsef d\u00e9k\u00e1n \u00farral egy \u00faj szak sikeres akkredit\u00e1ci\u00f3j\u00e1n k\u00edv\u00fcl a testnevel\u00e9s tan\u00e1ri h\u00edvat\u00e1s l\u00e9nyeg\u00e9r\u0151l \u00e9s az \u00e9lsportol\u00f3k legnagyobb pr\u00f3bat\u00e9t\u00e9tel\u00e9r\u0151l is besz\u00e9lgett\u00fcnk.<br \/>\n<strong>13. oldal<\/strong><br \/>\nElk\u00f6telezetten a beteg gy\u00f3gy\u00edt\u00e1s\u00e1\u00e9rt<br \/>\n A Magyar K\u00f6zt\u00e1rsas\u00e1gi \u00c9rdemrend Tisztikeresztje (polg\u00e1ri tagozat) \u00e1llami kit\u00fcntet\u00e9sben r\u00e9szes\u00fclt m\u00e1rcius 15-\u00e9n B\u00e1nhidy Ferenc, az orvostudom\u00e1ny kandid\u00e1tusa, professor emeritus, az \u00c1OK Onkoter\u00e1piai Tansz\u00e9k\u00e9nek nyugalmazott egyetemi tan\u00e1ra. Ezzel a rangos kit\u00fcntet\u00e9ssel ismert\u00e9k el kiemelked\u0151en magas, t\u00f6bb \u00e9vtizedes szakmai tev\u00e9kenys\u00e9g\u00e9t, p\u00e9ldamutat\u00f3 emberi \u00e9s orvosi magatart\u00e1s\u00e1t.<br \/>\n <strong>14-15-16. oldal<\/strong><br \/>\nJubileumi d\u00edszoklevelesek <br \/>\n Megszokott tisztelettel \u00e9s hagyom\u00e1nyos cerem\u00f3ni\u00e1val k\u00f6sz\u00f6nt\u00f6tt\u00e9k egyetem\u00fcnk jubil\u00e1l\u00f3 orvosait \u00e9s fogorvosait szeptember 27-\u00e9n, a NET D\u00edszterm\u00e9ben. Az \u00c1ltal\u00e1nos Orvostudom\u00e1nyi \u00e9s a Fogorvostudom\u00e1nyi Karok Tan\u00e1cs\u00e1nak d\u00e9lel\u0151tti \u00fcnnepi \u00fcl\u00e9s\u00e9t Tulassay Tivadar rektor nyitotta meg.<br \/>\n <strong>17. oldal<\/strong><br \/>\nK\u00f6lt\u00f6z\u00e9s \u00e9s integr\u00e1ci\u00f3 <br \/>\n A kedvez\u0151bb k\u00f6r\u00fclm\u00e9nyek \u00e9s az integr\u00e1ci\u00f3 kiteljesed\u00e9se mellett a multimorbid betegek megfelel\u0151 pulmonol\u00f3giai szakell\u00e1t\u00e1s\u00e1t, saj\u00e1t betegeik multidiszciplin\u00e1ris konzili\u00e1riusi ell\u00e1t\u00e1s\u00e1t rem\u00e9lik a T\u00f6m\u0151 utc\u00e1ba val\u00f3 k\u00f6lt\u00f6z\u00e9st\u0151l a Pulmonol\u00f3giai Klinik\u00e1n, ahol jelent\u0151s fejleszt\u00e9seket hajtottak v\u00e9gre, neves szakembereket igazoltak kollekt\u00edv\u00e1jukba.<br \/>\n <strong>18. oldal<\/strong><br \/>\nMindny\u00e1jan gyermekek vagyunk\u00a0<br \/>\n M\u0171alkot\u00e1s? Er\u0151t \u00e9s vigaszt sug\u00e1rz\u00f3 \u00fczenet betegnek \u00e9s hozz\u00e1tartoz\u00f3nak? A felt\u00e1mad\u00e1s metafor\u00e1ja nyert lakhelyet a II. Sz. Belgy\u00f3gy\u00e1szati Klinika m\u00e1sodik emelet\u00e9n? Mindh\u00e1rom egyszerre, s\u0151t m\u00e9g enn\u00e9l is t\u00f6bb jelent\u00e9st hordoz a Petr\u00e1s M\u00e1ria kez\u00e9vel k\u00e9sz\u00fclt Pieta. Ez bontakozott ki az \u00fcnneps\u00e9gen megfogalmazott gondolatokb\u00f3l.<br \/>\n <strong>20. oldal<\/strong><br \/>\nA molekul\u00e1ris idegtudom\u00e1nyok \u00faj k\u00f6zpontja <br \/>\n A nyolcadik \u00e9ve m\u0171k\u00f6d\u0151 Semmelweis Genomikai H\u00e1l\u00f3zat 60. el\u0151ad\u00e1s\u00e1n, okt\u00f3ber 1-j\u00e9n mutatkozott be az \u00fajonnan l\u00e9trehozott Molekul\u00e1ris Neurol\u00f3giai K\u00f6zpont (MNK). Az \u00faj r\u00e9szleg az OPNI bez\u00e1r\u00e1sa ut\u00e1n a Neurol\u00f3giai Klinika kebel\u00e9n bel\u00fcl, Moln\u00e1r M\u00e1ria Judit vezet\u00e9se alatt kezdte meg m\u0171k\u00f6d\u00e9s\u00e9t. (Falus Andr\u00e1s \u00edr\u00e1sa)<br \/>\n <strong>22. oldal<\/strong><br \/>\nOrvosi kommunik\u00e1ci\u00f3: a gy\u00f3gy\u00edt\u00f3 kapcsolat <br \/>\n Az orvosl\u00e1s egyik legnagyobb paradoxona: soha nem volt annyira fejlett az orvostudom\u00e1ny, mint korunkban, \u00e1m soha nem voltak annyira el\u00e9gedetlenek az emberek az orvosokkal, mint napjainkban. (Pilling J\u00e1nos \u00edr\u00e1sa)<br \/>\n <strong>23. oldal<\/strong><br \/>\nProgrammal a fogyat\u00e9kkal \u00e9l\u0151k\u00e9rt <br \/>\n Egyetem\u00fcnk\u00f6n is tanulnak fogyat\u00e9kkal \u00e9l\u0151 hallgat\u00f3k. A legnagyobb fogyat\u00e9koss\u00e1gi csoportot a diszlexia-diszgr\u00e1fia maradv\u00e1nyt\u00fcnetekkel rendelkez\u0151k alkotj\u00e1k. Ezt k\u00f6vetik a hall\u00e1s-, illetve l\u00e1t\u00e1ss\u00e9r\u00fcltek. Halmozott fogyat\u00e9koss\u00e1ggal \u00e9l\u0151k is vannak, sz\u00e1muk 10 alatti.<br \/>\n <strong>25. oldal<\/strong><br \/>\nEgy szakm\u00e1\u00e9rt egy \u00e9leten \u00e1t\u00a0<br \/>\n Kevesen mondhatj\u00e1k el a gy\u00f3gytorn\u00e1szok k\u00f6z\u00fcl, hogy jelen voltak a ma m\u00e1r egyre n\u00e9pszer\u0171bb\u00e9 v\u00e1l\u00f3 szakma sz\u00fclet\u00e9s\u00e9n\u00e9l, \u00e9s akt\u00edvan r\u00e9szt vettek annak form\u00e1l\u00e1s\u00e1ban, fejleszt\u00e9s\u00e9ben. Tringer L\u00e1szl\u00f3n\u00e9 seg\u00e9dgy\u00f3gytorn\u00e1szk\u00e9nt kezdte, s kitart\u00f3 munk\u00e1val \u00e9s folyamatos tanul\u00e1ssal jutott egyre feljebb a rangl\u00e9tr\u00e1n, neve pedig m\u00e1ra fogalomm\u00e1 v\u00e1lt a koll\u00e9g\u00e1k k\u00f6r\u00e9ben. Az ETK Fizioter\u00e1piai Tansz\u00e9k\u00e9nek lek\u00f6sz\u00f6nt vezet\u0151j\u00e9vel besz\u00e9lgett\u00fcnk.<br \/>\n <strong>26. oldal<\/strong><br \/>\nTudom\u00e1ny\u00fcnnepi egyetemi rendezv\u00e9nyek\u00a0<br \/>\n Egyetem\u00fck az id\u00e9n is csatlakozik a Magyar Tudom\u00e1ny \u00dcnnepe november 3. \u00e9s 30. k\u00f6z\u00f6tt orsz\u00e1gszerte zajl\u00f3 rendezv\u00e9nysorozathoz. K\u00e9t hagyom\u00e1nyos \u00fcnnepi \u00fcl\u00e9s\u00fcnk \u00e9s a Semmelweis Symposium mellett m\u00e1s orvos-, illetve eg\u00e9szs\u00e9gtudom\u00e1nyi szakmai tal\u00e1lkoz\u00f3k sz\u00ednes\u00edtik a rendezv\u00e9ny palett\u00e1t.<\/p>\n","protected":false},"excerpt":{"rendered":"<p><a href=\"https:\/\/semmelweis.hu\/ujsag\/files\/2015\/12\/ix._evfolyam__11._szam_\u2013_2008._november_3.-2008-11-03.pdf\"><\/a> 7. oldal H\u00edrn\u00e9vvel a r\u00e1k ellen Fran Drescher, az ismert amerikai sz\u00edn\u00e9szn\u0151, \u00edr\u00f3, az Egyes\u00fclt \u00c1llamok eg\u00e9szs\u00e9g\u0151rz\u0151 nagyk\u00f6vete okt\u00f3ber 7-\u00e9n l\u00e1togat\u00e1st tett a Semmelweis Egyetemen. Sz\u00edn\u00e9szi karrierje 1977-ben a Szombat esti l\u00e1zzal kezd\u0151d\u00f6tt, melyet k\u00f6vet\u0151en sz\u00e1mos hollywoodi vil\u00e1gszt\u00e1r oldal\u00e1n szerepelt j\u00e1t\u00e9kfilmekben, mozifilmekben \u00e9s k\u00f6nyveivel is sikert aratott. 9-10. oldal B\u0151v\u00fcl\u0151 masterk\u00e9pz\u00e9s a TF-en \u00d6r\u00f6mmel \u00e9s &hellip;<\/p>\n","protected":false},"author":158,"featured_media":423,"comment_status":"closed","ping_status":"closed","sticky":false,"template":"","format":"standard","meta":{"_acf_changed":false,"footnotes":""},"categories":[13],"tags":[],"class_list":["post-92","post","type-post","status-publish","format-standard","has-post-thumbnail","hentry","category-13"],"acf":[],"_links":{"self":[{"href":"https:\/\/semmelweis.hu\/ujsag\/wp-json\/wp\/v2\/posts\/92","targetHints":{"allow":["GET"]}}],"collection":[{"href":"https:\/\/semmelweis.hu\/ujsag\/wp-json\/wp\/v2\/posts"}],"about":[{"href":"https:\/\/semmelweis.hu\/ujsag\/wp-json\/wp\/v2\/types\/post"}],"author":[{"embeddable":true,"href":"https:\/\/semmelweis.hu\/ujsag\/wp-json\/wp\/v2\/users\/158"}],"replies":[{"embeddable":true,"href":"https:\/\/semmelweis.hu\/ujsag\/wp-json\/wp\/v2\/comments?post=92"}],"version-history":[{"count":5,"href":"https:\/\/semmelweis.hu\/ujsag\/wp-json\/wp\/v2\/posts\/92\/revisions"}],"predecessor-version":[{"id":5216,"href":"https:\/\/semmelweis.hu\/ujsag\/wp-json\/wp\/v2\/posts\/92\/revisions\/5216"}],"wp:featuredmedia":[{"embeddable":true,"href":"https:\/\/semmelweis.hu\/ujsag\/wp-json\/wp\/v2\/media\/423"}],"wp:attachment":[{"href":"https:\/\/semmelweis.hu\/ujsag\/wp-json\/wp\/v2\/media?parent=92"}],"wp:term":[{"taxonomy":"category","embeddable":true,"href":"https:\/\/semmelweis.hu\/ujsag\/wp-json\/wp\/v2\/categories?post=92"},{"taxonomy":"post_tag","embeddable":true,"href":"https:\/\/semmelweis.hu\/ujsag\/wp-json\/wp\/v2\/tags?post=92"}],"curies":[{"name":"wp","href":"https:\/\/api.w.org\/{rel}","templated":true}]}}