{"id":91,"date":"2008-10-18T00:00:00","date_gmt":"2008-10-17T22:00:00","guid":{"rendered":"http:\/\/semmelweis.hu\/ujsag\/ix_evfolyam_10_szam_2008_oktober_12_folyoirat\/"},"modified":"2018-01-04T16:00:07","modified_gmt":"2018-01-04T15:00:07","slug":"ix_evfolyam_10_szam_2008_oktober_12_folyoirat","status":"publish","type":"post","link":"https:\/\/semmelweis.hu\/ujsag\/2008\/10\/18\/ix_evfolyam_10_szam_2008_oktober_12_folyoirat\/","title":{"rendered":"Semmelweis Egyetem \u2013 IX. \u00e9vfolyam, 10. sz\u00e1m \u2013 2008. okt\u00f3ber 12."},"content":{"rendered":"<p><strong><a href=\"https:\/\/semmelweis.hu\/ujsag\/files\/2015\/12\/ix._evfolyam__10._szam_\u2013_2008._oktober_12.-2008-10-12.pdf\"><img loading=\"lazy\" decoding=\"async\" class=\"size-full wp-image-424 alignright\" src=\"https:\/\/semmelweis.hu\/ujsag\/files\/2015\/12\/800.jpg\" alt=\"800\" width=\"200\" height=\"282\" \/><\/a>4-5. oldal<\/strong><br \/>\nMegindult az \u00e9let a T\u0171zolt\u00f3 utc\u00e1ban\u00a0<br \/>\n M\u00e1r jav\u00e1ban oktatnak a T\u0171zolt\u00f3 utcai \u00faj Elm\u00e9leti Orvostudom\u00e1nyi K\u00f6zpontban. A hallgat\u00f3k lassank\u00e9nt megszokj\u00e1k az idevezet\u0151 utat, tal\u00e1n mostan\u00e1ban m\u00e9g t\u00f6bbet \u00e1llnak meg n\u00e9zel\u0151dni az \u00e9p\u00fcletben, \u00e9szrevesznek egy-egy sz\u00e9p r\u00e9szletet, a nagy bels\u0151 t\u00e9r k\u00e9pz\u0151m\u0171v\u00e9szeti alkot\u00e1snak is beill\u0151 k\u0151burkolat\u00e1t p\u00e9ld\u00e1ul, azt\u00e1n r\u00f6videsen m\u00e1r magabiztosan j\u00e1rnak-kelnek az el\u0151ad\u00f3termek<br \/>\n k\u00f6z\u00f6tt. A l\u00e9tes\u00edtm\u00e9nyt igazgat\u00f3 M\u00e9sz\u00e1ros Gy\u00f6rggyel m\u00e9g a kutat\u00f3laborok bek\u00f6lt\u00f6ztet\u00e9se el\u0151tt besz\u00e9lgett\u00fcnk.<br \/>\n <strong>\u00a08-9. oldal<\/strong><br \/>\nIskola sz\u00fcletett \u2013 korszakos Belgy\u00f3gy\u00e1szat tank\u00f6nyv jelent meg<br \/>\n M\u00e1sf\u00e9l \u00e9vtizede ir\u00e1ny\u00edtja a II. sz. Belgy\u00f3gy\u00e1szati Klinik\u00e1t Tulassay Zsolt professzor, akad\u00e9mikus.<br \/>\n Ahogy \u00e9p\u00edti-fejleszti a Szentkir\u00e1lyi utcai \u00e9p\u00fcletet, \u00fagy form\u00e1lja-alak\u00edtja er\u0151s hittel az itteni k\u00f6z\u00f6ss\u00e9get. Err\u0151l osztotta meg gondolatait olvas\u00f3inkkal, \u00e9s besz\u00e9lt arr\u00f3l a nagyszab\u00e1s\u00fa v\u00e1llalkoz\u00e1sr\u00f3l is, amelynek eredm\u00e9nyek\u00e9nt negyedsz\u00e1zad ut\u00e1n szerkeszt\u00e9s\u00e9ben \u00fajra \u00e1tfog\u00f3 belgy\u00f3gy\u00e1szati tank\u00f6nyv jelenhetett meg magyar k\u00f6zrem\u0171k\u00f6d\u0151kkel, v\u00e1laszt\u00e9kos, magyar nyelven.<br \/>\n <strong>14-15. oldal<\/strong><br \/>\nTud\u00f3s dinasztia <br \/>\n A Semmelweis Egyetem vezet\u00e9se megb\u00edz\u00e1s\u00e1b\u00f3l az a megtisztel\u0151 feladat jutott nekem, hogy megeml\u00e9kezhetek a Jendrassik tud\u00f3s-dinasztia jeles k\u00e9pvisel\u0151ir\u0151l. A Jendrassik csal\u00e1d h\u00e1rom gener\u00e1ci\u00f3n kereszt\u00fcl adott neves szem\u00e9lyeket a magyar orvosl\u00e1snak, de rajtuk k\u00edv\u00fcl a dinasztia-alap\u00edt\u00f3 Jendrassik Jen\u0151 fiai \u00e9s lesz\u00e1rmazottai k\u00f6z\u00f6tt kiv\u00e1l\u00f3 m\u00e9rn\u00f6k\u00f6ket, k\u00f6zt\u00fck a Ganz-Jendrassik motor feltal\u00e1l\u00f3j\u00e1t, \u00e9s fest\u0151m\u0171v\u00e9szt is tal\u00e1lunk. (Szathm\u00e1ri Mikl\u00f3s \u00edr\u00e1sa)<br \/>\n <strong>23. oldal<\/strong><br \/>\nNeh\u00e9z percekben seg\u00edts\u00e9g <br \/>\n Egy \u00e9ve hunyt el Polcz Alaine. Tavaly szeptember 20-\u00e1n, k\u00e9t h\u00e9ttel 85. sz\u00fclet\u00e9snapja el\u0151tt hunyt el Polcz Alaine, a Semmelweis Egyetem II. sz. Gyermekgy\u00f3gy\u00e1szati Klinik\u00e1j\u00e1nak egykori pszichol\u00f3gusa. Az int\u00e9zm\u00e9ny betegeinek lelki rehabilit\u00e1ci\u00f3ja ma is az elismert szakember \u00fatmutat\u00e1sai szerint zajlik. Mindent megtett az\u00e9rt, hogy a gyerekek sz\u00fcleik, j\u00e1t\u00e9kaik k\u00f6z\u00f6tt lehessenek.<br \/>\n<strong>7. oldal<\/strong><br \/>\nHatvan \u00e9v egyetemi katedr\u00e1n<br \/>\n Fony\u00f3 Attila professor emeritus E\u00f6tv\u00f6s J\u00f3zsef-d\u00edjban r\u00e9szes\u00fclt az id\u00e9n pedag\u00f3gusnap alkalm\u00e1b\u00f3l, elismerve hat \u00e9vtizedes kiemelked\u0151 munk\u00e1j\u00e1t az egyetemi oktat\u00e1sban, a n\u00e9met di\u00e1kok oktat\u00e1s\u00e1nak megszervez\u00e9s\u00e9ben \u00e9s sz\u00ednvonalas egyetemi tank\u00f6nyveit.<br \/>\n <strong>11-12. oldal<\/strong><br \/>\nTalpon maradni a neh\u00e9zs\u00e9gek k\u00f6zepette is <br \/>\n Gy\u00f6ny\u00f6r\u0171 \u00e9p\u00fclet, vil\u00e1gsz\u00ednvonal\u00fa szakmai infrastrukt\u00fara az egyik oldalon, \u00e9s n\u00f6vekv\u0151 b\u00e9rleti d\u00edj, a fejl\u0151d\u00e9s k\u00e9nyszere a m\u00e1sik oldalon. S akinek mindezzel nap mint nap szembes\u00fclnie kell: Gerle J\u00e1nos, a Fogorvostudom\u00e1nyi Oktat\u00e1si Centrum igazgat\u00f3ja. Vele besz\u00e9lgett\u00fcnk az igazgat\u00e1s gondjair\u00f3l \u00e9s \u00f6r\u00f6meir\u0151l.<br \/>\n <strong>13. oldal<\/strong><br \/>\nOlimpia ut\u00e1n, rezidensk\u00e9pz\u00e9s el\u0151tt <br \/>\n \u00c9lete els\u0151 olimpi\u00e1j\u00e1n szeretett volna dobog\u00f3ra \u00e1llni csapat\u00e1val, a n\u0151i v\u00edzilabda-v\u00e1logatottal Horv\u00e1th Patr\u00edcia. Ez nem siker\u00fclt, m\u00e9gsem b\u00e1natos a negyedik hely miatt. A nemr\u00e9giben doktor\u00e1lt orvossportol\u00f3t pekingi \u00e9lm\u00e9nyeir\u0151l \u00e9s tudom\u00e1nyos munk\u00e1j\u00e1r\u00f3l k\u00e9rdezt\u00fck.<br \/>\n <strong>16. oldal<\/strong><br \/>\nT\u00f6bbfunkci\u00f3s seb\u00e9szeti k\u00e9s az I. sz. Gyermekklinik\u00e1n\u00a0<br \/>\n \u00dcnnep\u00e9lyesen is \u00e1tadt\u00e1k szeptember 4-\u00e9n azt a modern magasfrekvenci\u00e1s seb\u00e9szeti k\u00e9st, amelyet a B\u00e9res Alap\u00edtv\u00e1ny adom\u00e1nyozott az I. sz. Gyermekgy\u00f3gy\u00e1szati Klinika seb\u00e9szeti oszt\u00e1ly\u00e1nak, ahol m\u00e1r ny\u00e1r \u00f3ta naponta haszn\u00e1lj\u00e1k a gyermekek gyorsabb gy\u00f3gyul\u00e1s\u00e1t seg\u00edt\u0151 m\u0171szert. Az orsz\u00e1gban els\u0151k\u00e9nt ezen a gyermekklinik\u00e1n dolgozhatnak ezzel a korszer\u0171 eszk\u00f6zzel.<br \/>\n <strong>17. oldal<\/strong><br \/>\nSzobor-egy\u00fcttest avattak a Vas utc\u00e1ban\u00a0<br \/>\n A c\u00edmlapon l\u00e1that\u00f3 \u201e\u00d6t\u00f6dik Elem\u201d szobor-egy\u00fcttest szeptember 18-\u00e1n avatt\u00e1k az Eg\u00e9szs\u00e9gtudom\u00e1nyi Kar Vas utcai \u00e9p\u00fclet\u00e9nek udvar\u00e1n. Az alkot\u00e1sok megval\u00f3s\u00edt\u00e1s\u00e1hoz az int\u00e9zm\u00e9ny a \u201eRenesz\u00e1nsz \u00c9v 2008\u201d programon nyert t\u00e1mogat\u00e1st.<br \/>\n <strong>20. oldal<\/strong><br \/>\nA K\u00f6zponti Igazgat\u00e1si \u00c9p\u00fcletb\u0151l kik\u00f6lt\u00f6z\u00f6tt szervezeti egys\u00e9gek ideiglenes el\u00e9rhet\u0151s\u00e9gei\u00a0<br \/>\n <strong>21. oldal<\/strong><br \/>\nOrvos\u00edr\u00f3 \u00e9s k\u00e9pz\u0151m\u0171v\u00e9sz konferencia 2008\u00a0<br \/>\n Szeptemberben, mik\u00e9nt ez m\u00e1r hagyom\u00e1nny\u00e1 v\u00e1lt, Balatonlell\u00e9n ker\u00fclt megrendez\u00e9sre a Magyar Orvos\u00edr\u00f3 \u00e9s K\u00e9pz\u0151m\u0171v\u00e9sz K\u00f6r (MOKK) 33. \u00e9vi kongresszusa.<br \/>\n <strong>22. oldal<\/strong><br \/>\nFutottak a r\u00e1kkutat\u00e1s\u00e9rt\u00a0<br \/>\n H\u00e9t milli\u00f3 forint \u00e9rt\u00e9k\u0171, r\u00e1kbetegek kezel\u00e9s\u00e9t szolg\u00e1l\u00f3 m\u0171szerekkel t\u00e1mogatta a III. sz. Belgy\u00f3gy\u00e1szati Klinik\u00e1t a Fuss a R\u00e1kkutat\u00e1s\u00e9rt! Alap\u00edtv\u00e1ny.<\/p>\n","protected":false},"excerpt":{"rendered":"<p><a href=\"https:\/\/semmelweis.hu\/ujsag\/files\/2015\/12\/ix._evfolyam__10._szam_\u2013_2008._oktober_12.-2008-10-12.pdf\"><\/a> 4-5. oldal Megindult az \u00e9let a T\u0171zolt\u00f3 utc\u00e1ban\u00a0 M\u00e1r jav\u00e1ban oktatnak a T\u0171zolt\u00f3 utcai \u00faj Elm\u00e9leti Orvostudom\u00e1nyi K\u00f6zpontban. A hallgat\u00f3k lassank\u00e9nt megszokj\u00e1k az idevezet\u0151 utat, tal\u00e1n mostan\u00e1ban m\u00e9g t\u00f6bbet \u00e1llnak meg n\u00e9zel\u0151dni az \u00e9p\u00fcletben, \u00e9szrevesznek egy-egy sz\u00e9p r\u00e9szletet, a nagy bels\u0151 t\u00e9r k\u00e9pz\u0151m\u0171v\u00e9szeti alkot\u00e1snak is beill\u0151 k\u0151burkolat\u00e1t p\u00e9ld\u00e1ul, azt\u00e1n r\u00f6videsen m\u00e1r magabiztosan j\u00e1rnak-kelnek az el\u0151ad\u00f3termek &hellip;<\/p>\n","protected":false},"author":158,"featured_media":424,"comment_status":"closed","ping_status":"closed","sticky":false,"template":"","format":"standard","meta":{"_acf_changed":false,"footnotes":""},"categories":[13],"tags":[],"class_list":["post-91","post","type-post","status-publish","format-standard","has-post-thumbnail","hentry","category-13"],"acf":[],"_links":{"self":[{"href":"https:\/\/semmelweis.hu\/ujsag\/wp-json\/wp\/v2\/posts\/91","targetHints":{"allow":["GET"]}}],"collection":[{"href":"https:\/\/semmelweis.hu\/ujsag\/wp-json\/wp\/v2\/posts"}],"about":[{"href":"https:\/\/semmelweis.hu\/ujsag\/wp-json\/wp\/v2\/types\/post"}],"author":[{"embeddable":true,"href":"https:\/\/semmelweis.hu\/ujsag\/wp-json\/wp\/v2\/users\/158"}],"replies":[{"embeddable":true,"href":"https:\/\/semmelweis.hu\/ujsag\/wp-json\/wp\/v2\/comments?post=91"}],"version-history":[{"count":5,"href":"https:\/\/semmelweis.hu\/ujsag\/wp-json\/wp\/v2\/posts\/91\/revisions"}],"predecessor-version":[{"id":5218,"href":"https:\/\/semmelweis.hu\/ujsag\/wp-json\/wp\/v2\/posts\/91\/revisions\/5218"}],"wp:featuredmedia":[{"embeddable":true,"href":"https:\/\/semmelweis.hu\/ujsag\/wp-json\/wp\/v2\/media\/424"}],"wp:attachment":[{"href":"https:\/\/semmelweis.hu\/ujsag\/wp-json\/wp\/v2\/media?parent=91"}],"wp:term":[{"taxonomy":"category","embeddable":true,"href":"https:\/\/semmelweis.hu\/ujsag\/wp-json\/wp\/v2\/categories?post=91"},{"taxonomy":"post_tag","embeddable":true,"href":"https:\/\/semmelweis.hu\/ujsag\/wp-json\/wp\/v2\/tags?post=91"}],"curies":[{"name":"wp","href":"https:\/\/api.w.org\/{rel}","templated":true}]}}