{"id":5717,"date":"2023-05-26T08:53:34","date_gmt":"2023-05-26T06:53:34","guid":{"rendered":"https:\/\/semmelweis.hu\/ujsag\/?p=5717"},"modified":"2024-10-15T11:28:05","modified_gmt":"2024-10-15T09:28:05","slug":"semmelweis-egyetem-xxiv-evfolyam-4-szam-2023-majus","status":"publish","type":"post","link":"https:\/\/semmelweis.hu\/ujsag\/2023\/05\/26\/semmelweis-egyetem-xxiv-evfolyam-4-szam-2023-majus\/","title":{"rendered":"Semmelweis Egyetem \u2013 XXIV. \u00e9vfolyam 4. sz\u00e1m \u2013 2023. m\u00e1jus"},"content":{"rendered":"<figure id=\"attachment_5719\" aria-describedby=\"caption-attachment-5719\" style=\"width: 212px\" class=\"wp-caption alignright\"><a href=\"https:\/\/semmelweis.hu\/ujsag\/files\/2023\/05\/SE_2023-04_netre-scaled.jpg\"><img loading=\"lazy\" decoding=\"async\" class=\"wp-image-5719 size-medium\" src=\"https:\/\/semmelweis.hu\/ujsag\/files\/2023\/05\/SE_2023-04_netre-212x300.jpg\" alt=\"\" width=\"212\" height=\"300\" srcset=\"https:\/\/semmelweis.hu\/ujsag\/files\/2023\/05\/SE_2023-04_netre-212x300.jpg 212w, https:\/\/semmelweis.hu\/ujsag\/files\/2023\/05\/SE_2023-04_netre-724x1024.jpg 724w, https:\/\/semmelweis.hu\/ujsag\/files\/2023\/05\/SE_2023-04_netre-768x1086.jpg 768w, https:\/\/semmelweis.hu\/ujsag\/files\/2023\/05\/SE_2023-04_netre-1086x1536.jpg 1086w, https:\/\/semmelweis.hu\/ujsag\/files\/2023\/05\/SE_2023-04_netre-1448x2048.jpg 1448w, https:\/\/semmelweis.hu\/ujsag\/files\/2023\/05\/SE_2023-04_netre-753x1065.jpg 753w, https:\/\/semmelweis.hu\/ujsag\/files\/2023\/05\/SE_2023-04_netre-scaled.jpg 1811w\" sizes=\"auto, (max-width: 212px) 100vw, 212px\" \/><\/a><figcaption id=\"caption-attachment-5719\" class=\"wp-caption-text\">A lapsz\u00e1m<a href=\"https:\/\/semmelweis.hu\/ujsag\/files\/2023\/05\/SE_2023-04_netre.pdf\"> IDE KATTINTVA PDF<\/a> form\u00e1tumban olvashat\u00f3<\/figcaption><\/figure>\n<p><strong>4. oldal<\/strong><br \/>\nBesz\u00e1mol\u00f3 a Szen\u00e1tus \u00e1prilisi \u00fcl\u00e9s\u00e9r\u0151l\u00a0<br \/>\n<strong>5. oldal<\/strong><br \/>\n\u00c1tvette a k\u00f6zt\u00e1rsas\u00e1gi eln\u00f6kt\u0151l rektori kinevez\u00e9s\u00e9t dr. Merkely B\u00e9la<br \/>\nElismer\u00e9seket adtak \u00e1t az \u00c1pol\u00f3k Nemzetk\u00f6zi Napja alkalm\u00e1b\u00f3l\u00a0<br \/>\n<strong>6. oldal<\/strong><br \/>\nImm\u00e1r vil\u00e1gbajnok kardiol\u00f3gusok oktatj\u00e1k az EKG-t az egyetemen<br \/>\nCsal\u00e1dbar\u00e1t k\u00f3rh\u00e1zi oszt\u00e1ly d\u00edjat nyert a Geri\u00e1triai Klinika k\u00e9t oszt\u00e1lya<br \/>\nMiniszteri elismer\u0151 oklev\u00e9llel t\u00fcntett\u00e9k ki a Semmelweis Egyetem Szakrendel\u0151 Int\u00e9zet\u00e9t<br \/>\n<strong>7. oldal<\/strong><br \/>\nJubileumi rendezv\u00e9nnyel eml\u00e9keztek meg a nemzetk\u00f6zi orvosk\u00e9pz\u00e9s elindul\u00e1s\u00e1r\u00f3l\u00a0<br \/>\n<strong>8. oldal<\/strong><br \/>\nNemzetk\u00f6zi oktat\u00e1sfejleszt\u00e9si konferencia a Semmelweis Egyetemen\u00a0<br \/>\n<strong>\u00a09. oldal<\/strong><br \/>\nHetven orsz\u00e1gb\u00f3l regisztr\u00e1ltak a nemzetk\u00f6zi online ny\u00edlt napra<br \/>\n<strong>10. oldal<\/strong><br \/>\n\u00c1tadt\u00e1k a 36. OTDK Orvos- \u00e9s Eg\u00e9szs\u00e9gtudom\u00e1nyi Szekci\u00f3j\u00e1nak d\u00edjait\u00a0<br \/>\n<strong>12. oldal<\/strong><br \/>\nA betegbiztons\u00e1g volt a 14. SIASTOK kongresszus f\u0151 t\u00e9m\u00e1ja\u00a0<br \/>\n<strong>13. oldal<\/strong><br \/>\nL\u00e1t\u00e1ssz\u0171r\u00e9s-tanfolyamot szerveztek v\u00e9d\u0151n\u0151knek a Szem\u00e9szeti Klinik\u00e1n<br \/>\nKonferenci\u00e1t rendezett Krakk\u00f3ban a Semmelweis Egyetem Feln\u0151tt Anyagcserek\u00f6zpontja\u00a0<br \/>\n<strong>14. oldal<\/strong><br \/>\nMelanoma vil\u00e1gnapot tartottak az EOK-ban<br \/>\nPet\u0151s di\u00e1kok alkot\u00e1saib\u00f3l ny\u00edlt ki\u00e1ll\u00edt\u00e1s a Mad\u00e1ch Sz\u00ednh\u00e1z Tolnay-szalonj\u00e1ban\u00a0<br \/>\n<strong>15. oldal<\/strong><br \/>\nEUniWell tal\u00e1lkoz\u00f3n vett r\u00e9szt Sv\u00e9dorsz\u00e1gban a Semmelweis-deleg\u00e1ci\u00f3<br \/>\nEgy\u00fcttm\u0171k\u00f6d\u00e9si meg\u00e1llapod\u00e1st k\u00f6t\u00f6tt a szerb Dedinje sz\u00edvcentrum \u00e9s az egyetem\u00a0<br \/>\n<strong>16\u201317. oldal<\/strong><br \/>\nG\u00e1laesten \u00fcnnepelt\u00e9k a hallgat\u00f3k a Medikus Kupa gy\u0151zelmet\u00a0<br \/>\n<strong>18. oldal<\/strong><br \/>\nId\u00e9n is tucatnyi egyetemi k\u00f6t\u0151d\u00e9s\u0171 csapat futotta k\u00f6rbe a Balatont\u00a0<br \/>\n<strong>19. oldal<\/strong><br \/>\nA Semmelweis Egyetem ism\u00e9t elnyerte a Csal\u00e1dbar\u00e1t Munkahely v\u00e9djegyet<br \/>\nK\u00f6z\u00e9piskol\u00e1s seg\u00edt\u0151ket v\u00e1rnak a ny\u00e1ri t\u00e1borok\u00a0<br \/>\n<strong>20. oldal<\/strong><br \/>\nH\u00e1romsz\u00e1zan gy\u0171ltek \u00f6ssze a nemzetk\u00f6zi alumni tal\u00e1lkoz\u00f3n\u00a0<br \/>\n<strong>21. oldal<\/strong><br \/>\nDr. T\u00fari P\u00e9ter: \u00c9p\u00edtsenek olyan eg\u00e9szs\u00e9g\u00fcgyi rendszert, amire Semmelweis is b\u00fcszke lenne\u00a0<br \/>\n<strong>22. oldal<\/strong><br \/>\nPro Universitate \u00e9rdemrendet vehetett \u00e1t dr. Makovitzky J\u00f3zsef<br \/>\nMesterem, Romh\u00e1nyi Gy\u00f6rgy \u2013 Makovitzky J\u00f3zsef akad\u00e9mikus el\u0151ad\u00e1sa a Semmelweis Egyetem Bar\u00e1ti K\u00f6r\u00e9ben\u00a0<br \/>\n<strong>23. oldal<\/strong><br \/>\nSzenior Akad\u00e9mia \u2013 f\u00f3kuszban a transzplant\u00e1ci\u00f3, a gyullad\u00e1sos betegs\u00e9gek \u00e9s a gy\u00f3gyszerinterakci\u00f3k\u00a0<br \/>\n<strong>24. oldal<\/strong><br \/>\nNews\u00a0<br \/>\n<strong>25. oldal<\/strong><br \/>\nAsklepios Campus Hamburg\u00a0<br \/>\n<strong>26. oldal<\/strong><br \/>\nElhunyt dr. Entz L\u00e1szl\u00f3\u00a0<\/p>\n","protected":false},"excerpt":{"rendered":"<p>4. oldal Besz\u00e1mol\u00f3 a Szen\u00e1tus \u00e1prilisi \u00fcl\u00e9s\u00e9r\u0151l\u00a0 5. oldal \u00c1tvette a k\u00f6zt\u00e1rsas\u00e1gi eln\u00f6kt\u0151l rektori kinevez\u00e9s\u00e9t dr. Merkely B\u00e9la Elismer\u00e9seket adtak \u00e1t az \u00c1pol\u00f3k Nemzetk\u00f6zi Napja alkalm\u00e1b\u00f3l\u00a0 6. oldal Imm\u00e1r vil\u00e1gbajnok kardiol\u00f3gusok oktatj\u00e1k az EKG-t az egyetemen Csal\u00e1dbar\u00e1t k\u00f3rh\u00e1zi oszt\u00e1ly d\u00edjat nyert a Geri\u00e1triai Klinika k\u00e9t oszt\u00e1lya Miniszteri elismer\u0151 oklev\u00e9llel t\u00fcntett\u00e9k ki a Semmelweis Egyetem Szakrendel\u0151 &hellip;<\/p>\n","protected":false},"author":101282,"featured_media":5719,"comment_status":"closed","ping_status":"closed","sticky":false,"template":"","format":"standard","meta":{"_acf_changed":false,"footnotes":""},"categories":[32],"tags":[],"class_list":["post-5717","post","type-post","status-publish","format-standard","has-post-thumbnail","hentry","category-2023-evfolyam"],"acf":[],"_links":{"self":[{"href":"https:\/\/semmelweis.hu\/ujsag\/wp-json\/wp\/v2\/posts\/5717","targetHints":{"allow":["GET"]}}],"collection":[{"href":"https:\/\/semmelweis.hu\/ujsag\/wp-json\/wp\/v2\/posts"}],"about":[{"href":"https:\/\/semmelweis.hu\/ujsag\/wp-json\/wp\/v2\/types\/post"}],"author":[{"embeddable":true,"href":"https:\/\/semmelweis.hu\/ujsag\/wp-json\/wp\/v2\/users\/101282"}],"replies":[{"embeddable":true,"href":"https:\/\/semmelweis.hu\/ujsag\/wp-json\/wp\/v2\/comments?post=5717"}],"version-history":[{"count":2,"href":"https:\/\/semmelweis.hu\/ujsag\/wp-json\/wp\/v2\/posts\/5717\/revisions"}],"predecessor-version":[{"id":5721,"href":"https:\/\/semmelweis.hu\/ujsag\/wp-json\/wp\/v2\/posts\/5717\/revisions\/5721"}],"wp:featuredmedia":[{"embeddable":true,"href":"https:\/\/semmelweis.hu\/ujsag\/wp-json\/wp\/v2\/media\/5719"}],"wp:attachment":[{"href":"https:\/\/semmelweis.hu\/ujsag\/wp-json\/wp\/v2\/media?parent=5717"}],"wp:term":[{"taxonomy":"category","embeddable":true,"href":"https:\/\/semmelweis.hu\/ujsag\/wp-json\/wp\/v2\/categories?post=5717"},{"taxonomy":"post_tag","embeddable":true,"href":"https:\/\/semmelweis.hu\/ujsag\/wp-json\/wp\/v2\/tags?post=5717"}],"curies":[{"name":"wp","href":"https:\/\/api.w.org\/{rel}","templated":true}]}}