{"id":5649,"date":"2022-06-02T09:56:25","date_gmt":"2022-06-02T07:56:25","guid":{"rendered":"https:\/\/semmelweis.hu\/ujsag\/?p=5649"},"modified":"2022-11-11T15:13:57","modified_gmt":"2022-11-11T14:13:57","slug":"semmelweis-egyetem-xxiii-evfolyam-4-szam-2022-majus","status":"publish","type":"post","link":"https:\/\/semmelweis.hu\/ujsag\/2022\/06\/02\/semmelweis-egyetem-xxiii-evfolyam-4-szam-2022-majus\/","title":{"rendered":"Semmelweis Egyetem \u2013 XXIII. \u00e9vfolyam 4. sz\u00e1m \u2013 2022. m\u00e1jus"},"content":{"rendered":"<figure id=\"attachment_5650\" aria-describedby=\"caption-attachment-5650\" style=\"width: 212px\" class=\"wp-caption alignright\"><a href=\"https:\/\/semmelweis.hu\/ujsag\/files\/2022\/06\/SE_2022-04_netre-scaled.jpg\"><img loading=\"lazy\" decoding=\"async\" class=\"wp-image-5650 size-medium\" src=\"https:\/\/semmelweis.hu\/ujsag\/files\/2022\/06\/SE_2022-04_netre-212x300.jpg\" alt=\"\" width=\"212\" height=\"300\" srcset=\"https:\/\/semmelweis.hu\/ujsag\/files\/2022\/06\/SE_2022-04_netre-212x300.jpg 212w, https:\/\/semmelweis.hu\/ujsag\/files\/2022\/06\/SE_2022-04_netre-724x1024.jpg 724w, https:\/\/semmelweis.hu\/ujsag\/files\/2022\/06\/SE_2022-04_netre-768x1086.jpg 768w, https:\/\/semmelweis.hu\/ujsag\/files\/2022\/06\/SE_2022-04_netre-1086x1536.jpg 1086w, https:\/\/semmelweis.hu\/ujsag\/files\/2022\/06\/SE_2022-04_netre-1448x2048.jpg 1448w, https:\/\/semmelweis.hu\/ujsag\/files\/2022\/06\/SE_2022-04_netre-753x1065.jpg 753w, https:\/\/semmelweis.hu\/ujsag\/files\/2022\/06\/SE_2022-04_netre-scaled.jpg 1810w\" sizes=\"auto, (max-width: 212px) 100vw, 212px\" \/><\/a><figcaption id=\"caption-attachment-5650\" class=\"wp-caption-text\">A lapsz\u00e1m <a href=\"https:\/\/semmelweis.hu\/ujsag\/files\/2022\/06\/SE_2022-04_netre.pdf\">IDE KATTINTVA<\/a> PDF form\u00e1tumban olvashat\u00f3<\/figcaption><\/figure>\n<p><strong>4. oldal<\/strong><br \/>\nBesz\u00e1mol\u00f3 a Szen\u00e1tus \u00e1prilisi \u00fcl\u00e9s\u00e9r\u0151l\u00a0<br \/>\n<strong>5. oldal<\/strong><br \/>\nA Nagyszombati Egyetem d\u00edszdoktora lett dr. Merkely B\u00e9la<br \/>\n\u00dajabb rangsorban l\u00e9pett el\u0151re az egyetem\u00a0<br \/>\n<strong>6. oldal<\/strong><br \/>\nTizenk\u00e9t egyetemi int\u00e9zet, klinika kapta meg az MTA Kiv\u00e1l\u00f3 Kutat\u00f3hely min\u0151s\u00edt\u00e9st<br \/>\nAz egyetem k\u00e9t munkat\u00e1rsa ker\u00fclt az MTA \u00faj levelez\u0151 tagjai k\u00f6z\u00e9\u00a0<br \/>\n<strong>7. oldal<\/strong><br \/>\nLez\u00e1rult a dolgoz\u00f3i el\u00e9gedetts\u00e9gm\u00e9r\u00e9s \u2013 az eredm\u00e9nyek alapj\u00e1n int\u00e9zked\u00e9si terv k\u00e9sz\u00fcl<br \/>\nK\u00f6sz\u00f6nt\u0151 az \u00e1pol\u00f3k nemzetk\u00f6zi napja alkalm\u00e1b\u00f3l\u00a0<br \/>\n<strong>8. oldal<\/strong><br \/>\nA h\u00e1bor\u00fa miatt Budapesten folytatja a k\u00e1rp\u00e1taljai gyermekek fejleszt\u00e9s\u00e9t a PAK\u00a0<br \/>\n<strong>9. oldal<\/strong><br \/>\nEgy\u00fcttm\u0171k\u00f6d\u00e9si meg\u00e1llapod\u00e1s az egyetem \u00e9s a Roche k\u00f6z\u00f6ttEpidemiol\u00f3giai kutat\u00e1s indul a COVID-19 v\u00e9d\u0151olt\u00e1sokr\u00f3l\u00a0<br \/>\n<strong>10. oldal<\/strong><br \/>\nSemmelweis Ign\u00e1c-d\u00edjjal t\u00fcntett\u00e9k ki dr. Schaff Zsuzs\u00e1t \u00e9s dr. Mandl J\u00f3zsefet<br \/>\nMesters\u00e9ges intelligencia az eg\u00e9szs\u00e9g\u00fcgyben \u2013 v\u00edzi\u00f3k \u00e9s kih\u00edv\u00e1sok\u00a0<br \/>\n<strong>11. oldal<\/strong><br \/>\nTantermet neveztek el dr. Fej\u00e9rdy P\u00e1lr\u00f3l a FOK-on\u00a0<br \/>\n<strong>12. oldal<\/strong><br \/>\nDr. Bagdy Gy\u00f6rgy: A kutat\u00e1sban egyszerre van jelen a szellemi kih\u00edv\u00e1s \u00e9s az alkot\u00e1s \u00f6r\u00f6me\u00a0<br \/>\n<strong>13. oldal<\/strong><br \/>\nDr. Danics Lea: A gy\u00f3gyszer\u00e9szk\u00e9pz\u00e9s olyan sz\u00e9les spektrum\u00fa tud\u00e1st adott sz\u00e1momra, amit az\u00f3ta is tudok kamatoztatni\u00a0<br \/>\n<strong>14. oldal<\/strong><br \/>\nSemmelweis Csal\u00e1dbar\u00e1t Egyetem oldal\u00a0<br \/>\n<strong>15. oldal<\/strong><br \/>\nSikeresen m\u0171k\u00f6dik a daganatellenes HIPEC-kezel\u00e9s\u00a0<br \/>\n<strong>16. oldal<\/strong><br \/>\nEgy\u00e9nre szabott poszt-COVID rehabilit\u00e1ci\u00f3s program<br \/>\nK\u00e9zhigi\u00e9n\u00e9s vil\u00e1gnap a Semmelweis Egyetemen\u00a0<br \/>\n<strong>17. oldal<\/strong><br \/>\nA gyermekkori elh\u00edz\u00e1s visszaszor\u00edt\u00e1s\u00e1t c\u00e9lz\u00f3 uni\u00f3s programot seg\u00edt a Semmelweis Egyetem<br \/>\n1-es t\u00edpus\u00fa diab\u00e9tesz: egyre t\u00f6bb gyermek \u00e9rintett\u00a0<br \/>\n<strong>18. oldal<\/strong><br \/>\nSz\u00fcl\u00e9szn\u0151k, v\u00e9d\u0151n\u0151k \u00e9s gyermek\u00e1pol\u00f3k szakmai napja<br \/>\n\u00daj t\u00edpus\u00fa intenz\u00edv k\u00e9pz\u00e9si program indult az ETK-n\u00a0<br \/>\n<strong>19. oldal<\/strong><br \/>\nBakt\u00e9riumok, OMSZ \u00e9s idegseb\u00e9szet \u2013 Szenior Akad\u00e9mia \u00e1prilisban<br \/>\nA belgy\u00f3gy\u00e1szati \u00e9s pulmonol\u00f3giai betegek gy\u00f3gyul\u00e1s\u00e1t seg\u00edti a Lidl \u00f6tven adom\u00e1ny\u00e1gya\u00a0<br \/>\n<strong>20. oldal<\/strong><br \/>\nTucatnyi egyetemi k\u00f6t\u0151d\u00e9s\u0171 csapat teljes\u00edtette az idei NN Ultrabalatont\u00a0<br \/>\n<strong>21. oldal<\/strong><br \/>\nG\u00e1laesten k\u00f6sz\u00f6nt\u00f6tt\u00e9k a Medikus Kupa gy\u0151zteseit\u00a0<br \/>\n<strong>22. oldal<\/strong><br \/>\nMinden lepattan\u00f3\u00e9rt megk\u00fczd\u00f6tt\u00fcnk \u2013 a Semmelweis Egyetem f\u00e9rfi kos\u00e1rlabdacsapata<br \/>\nM\u00e1sodik alkalommal rendezett j\u00f3t\u00e9konys\u00e1gi bork\u00f3stol\u00f3t az Alumni Igazgat\u00f3s\u00e1g\u00a0<br \/>\n<strong>23. oldal<\/strong><br \/>\nTripolszky B\u00e1lintot v\u00e1lasztott\u00e1k \u00fajra a H\u00d6K eln\u00f6k\u00e9v\u00e9<br \/>\n\u00daj perspekt\u00edv\u00e1t k\u00edn\u00e1l a PhD-hallgat\u00f3k sz\u00e1m\u00e1ra a Selye J\u00e1nos Doktorandusz Szakkoll\u00e9gium\u00a0<br \/>\n<strong>24. oldal<\/strong><br \/>\nAz eg\u00e9sz \u00e9let Szumm\u00e1ja \u2013 Dr. G\u00f6m\u00f6r B\u00e9la k\u00f6nyvbemutat\u00f3ja\u00a0<br \/>\n<strong>25. oldal<\/strong><br \/>\nACH pr\u00e4sent in den sozialen Netzwerken\u00a0<br \/>\n<strong>26. oldal<\/strong><br \/>\nNews<\/p>\n","protected":false},"excerpt":{"rendered":"<p>4. oldal Besz\u00e1mol\u00f3 a Szen\u00e1tus \u00e1prilisi \u00fcl\u00e9s\u00e9r\u0151l\u00a0 5. oldal A Nagyszombati Egyetem d\u00edszdoktora lett dr. Merkely B\u00e9la \u00dajabb rangsorban l\u00e9pett el\u0151re az egyetem\u00a0 6. oldal Tizenk\u00e9t egyetemi int\u00e9zet, klinika kapta meg az MTA Kiv\u00e1l\u00f3 Kutat\u00f3hely min\u0151s\u00edt\u00e9st Az egyetem k\u00e9t munkat\u00e1rsa ker\u00fclt az MTA \u00faj levelez\u0151 tagjai k\u00f6z\u00e9\u00a0 7. oldal Lez\u00e1rult a dolgoz\u00f3i el\u00e9gedetts\u00e9gm\u00e9r\u00e9s \u2013 az &hellip;<\/p>\n","protected":false},"author":101282,"featured_media":5650,"comment_status":"closed","ping_status":"closed","sticky":false,"template":"","format":"standard","meta":{"_acf_changed":false,"footnotes":""},"categories":[31],"tags":[],"class_list":["post-5649","post","type-post","status-publish","format-standard","has-post-thumbnail","hentry","category-2022-evfolyam"],"acf":[],"_links":{"self":[{"href":"https:\/\/semmelweis.hu\/ujsag\/wp-json\/wp\/v2\/posts\/5649","targetHints":{"allow":["GET"]}}],"collection":[{"href":"https:\/\/semmelweis.hu\/ujsag\/wp-json\/wp\/v2\/posts"}],"about":[{"href":"https:\/\/semmelweis.hu\/ujsag\/wp-json\/wp\/v2\/types\/post"}],"author":[{"embeddable":true,"href":"https:\/\/semmelweis.hu\/ujsag\/wp-json\/wp\/v2\/users\/101282"}],"replies":[{"embeddable":true,"href":"https:\/\/semmelweis.hu\/ujsag\/wp-json\/wp\/v2\/comments?post=5649"}],"version-history":[{"count":1,"href":"https:\/\/semmelweis.hu\/ujsag\/wp-json\/wp\/v2\/posts\/5649\/revisions"}],"predecessor-version":[{"id":5652,"href":"https:\/\/semmelweis.hu\/ujsag\/wp-json\/wp\/v2\/posts\/5649\/revisions\/5652"}],"wp:featuredmedia":[{"embeddable":true,"href":"https:\/\/semmelweis.hu\/ujsag\/wp-json\/wp\/v2\/media\/5650"}],"wp:attachment":[{"href":"https:\/\/semmelweis.hu\/ujsag\/wp-json\/wp\/v2\/media?parent=5649"}],"wp:term":[{"taxonomy":"category","embeddable":true,"href":"https:\/\/semmelweis.hu\/ujsag\/wp-json\/wp\/v2\/categories?post=5649"},{"taxonomy":"post_tag","embeddable":true,"href":"https:\/\/semmelweis.hu\/ujsag\/wp-json\/wp\/v2\/tags?post=5649"}],"curies":[{"name":"wp","href":"https:\/\/api.w.org\/{rel}","templated":true}]}}