{"id":5644,"date":"2022-04-25T11:15:59","date_gmt":"2022-04-25T09:15:59","guid":{"rendered":"https:\/\/semmelweis.hu\/ujsag\/?p=5644"},"modified":"2022-11-11T15:13:40","modified_gmt":"2022-11-11T14:13:40","slug":"semmelweis-egyetem-xxiii-evfolyam-3-szam-2022-aprilis","status":"publish","type":"post","link":"https:\/\/semmelweis.hu\/ujsag\/2022\/04\/25\/semmelweis-egyetem-xxiii-evfolyam-3-szam-2022-aprilis\/","title":{"rendered":"Semmelweis Egyetem \u2013 XXIII. \u00e9vfolyam 3. sz\u00e1m \u2013 2022. \u00e1prilis"},"content":{"rendered":"<figure id=\"attachment_5645\" aria-describedby=\"caption-attachment-5645\" style=\"width: 212px\" class=\"wp-caption alignright\"><a href=\"https:\/\/semmelweis.hu\/ujsag\/files\/2022\/04\/SE_2022-03_netre-scaled.jpg\"><img loading=\"lazy\" decoding=\"async\" class=\"wp-image-5645 size-medium\" src=\"https:\/\/semmelweis.hu\/ujsag\/files\/2022\/04\/SE_2022-03_netre-212x300.jpg\" alt=\"\" width=\"212\" height=\"300\" srcset=\"https:\/\/semmelweis.hu\/ujsag\/files\/2022\/04\/SE_2022-03_netre-212x300.jpg 212w, https:\/\/semmelweis.hu\/ujsag\/files\/2022\/04\/SE_2022-03_netre-724x1024.jpg 724w, https:\/\/semmelweis.hu\/ujsag\/files\/2022\/04\/SE_2022-03_netre-768x1086.jpg 768w, https:\/\/semmelweis.hu\/ujsag\/files\/2022\/04\/SE_2022-03_netre-1086x1536.jpg 1086w, https:\/\/semmelweis.hu\/ujsag\/files\/2022\/04\/SE_2022-03_netre-1448x2048.jpg 1448w, https:\/\/semmelweis.hu\/ujsag\/files\/2022\/04\/SE_2022-03_netre-753x1065.jpg 753w, https:\/\/semmelweis.hu\/ujsag\/files\/2022\/04\/SE_2022-03_netre-scaled.jpg 1810w\" sizes=\"auto, (max-width: 212px) 100vw, 212px\" \/><\/a><figcaption id=\"caption-attachment-5645\" class=\"wp-caption-text\">A lapsz\u00e1m<a href=\"https:\/\/semmelweis.hu\/ujsag\/files\/2022\/04\/SE_2022-03_netre.pdf\"> IDE KATTINTVA PDF<\/a> form\u00e1tumban olvashat\u00f3<\/figcaption><\/figure>\n<p><strong>4. oldal<\/strong><br \/>\nBesz\u00e1mol\u00f3 a Szen\u00e1tus m\u00e1rciusi \u00fcl\u00e9s\u00e9r\u0151l<br \/>\nQS szakter\u00fcleti rangsor: ism\u00e9t a legjobbak k\u00f6zt a Semmelweis Egyetem<br \/>\n<strong>5. oldal<\/strong><br \/>\n\u00dajabb \u00e1llami elismer\u00e9seket vehettek \u00e1t az egyetem munkat\u00e1rsai<br \/>\n\u00c1tadt\u00e1k a Tudom\u00e1nyos Di\u00e1kk\u00f6r d\u00edjait<br \/>\n<strong>6. oldal<\/strong><br \/>\nTransplant Today: transzplant\u00e1ci\u00f3s tov\u00e1bbk\u00e9pz\u00e9s nemzetk\u00f6zi szaktekint\u00e9lyekkel\u00a0<br \/>\n<strong>7. oldal<\/strong><br \/>\n\u00daj, \u00f6temeletes \u00e9p\u00fclettel b\u0151v\u00fclt a Semmelweis Egyetem Eg\u00e9szs\u00e9gtudom\u00e1nyi Kara\u00a0<br \/>\n<strong>8. oldal<\/strong><br \/>\nFel\u00faj\u00edt\u00e1s miatt \u00e1tmenetileg \u00faj helysz\u00ednen m\u0171k\u00f6dik a Semmelweis Egyetem transzplant\u00e1ci\u00f3s r\u00e9szlege<br \/>\nTanfolyam indul az Ukrajn\u00e1b\u00f3l menek\u00fcltek eg\u00e9szs\u00e9g\u00fcgyi ell\u00e1t\u00e1s\u00e1r\u00f3l<br \/>\n<strong>9. oldal<\/strong><br \/>\nKutat\u00e1st szolg\u00e1l\u00f3 h\u00e1rom tesl\u00e1s PET\/MRI k\u00e9sz\u00fcl\u00e9ket adtak \u00e1t<br \/>\nPro Universitate \u00e9rdemrendet vehetett \u00e1t dr. Haas G\u00e1bor<br \/>\n<strong>10. oldal<\/strong><br \/>\nC\u00e9l a sz\u00ednesebb, rugalmasabb \u00e9s b\u0151v\u00fcl\u0151 l\u00e9tsz\u00e1m\u00fa PhD-k\u00e9pz\u00e9s \u2013 v\u00e1rj\u00e1k a jelentkez\u0151ket!\u00a0<br \/>\n<strong>\u00a011. oldal<\/strong><br \/>\nMesters\u00e9ges intelligencia seg\u00edti a b\u0151rbetegs\u00e9gek felismer\u00e9s\u00e9t a Semmelweis Egyetemen<br \/>\n<strong>12. oldal<\/strong><br \/>\nEur\u00f3pai kutat\u00e1si projekt vizsg\u00e1lta a sz\u00edv-CT-t a sz\u00edvkat\u00e9terez\u00e9s alternat\u00edv\u00e1jak\u00e9nt\u00a0<br \/>\n<strong>13. oldal<\/strong><br \/>\nUnik\u00e1lis 3D bionyomtat\u00f3 infrastrukt\u00far\u00e1val b\u0151v\u00fclt az egyetemi online Core Facility rendszer<br \/>\n\u00daj ir\u00e1nyelvek az endometri\u00f3zis kezel\u00e9s\u00e9re<br \/>\n<strong>14. oldal<\/strong><br \/>\nDr. Torzsa P\u00e9ter: C\u00e9lom a csal\u00e1dorvosi hivat\u00e1s preszt\u00edzs\u00e9nek er\u0151s\u00edt\u00e9se\u00a0<br \/>\n<strong>15. oldal<\/strong><br \/>\nK\u00e9t nyertes Semmelweis-projekt a Richter Anna D\u00edj idei p\u00e1ly\u00e1zat\u00e1n\u00a0<br \/>\n<strong>16. oldal<\/strong><br \/>\nAlv\u00e1sr\u00f3l, f\u00fcgg\u0151s\u00e9gekr\u0151l \u00e9s stroke-r\u00f3l a Szenior Akad\u00e9mi\u00e1n<br \/>\nK\u00f6z\u00e9piskol\u00e1sok viadala a prevenci\u00f3 jegy\u00e9ben<br \/>\n<strong>17. oldal<\/strong><br \/>\n\u00d6tletes vide\u00f3val mutatja be az ad\u00f3 1% felaj\u00e1nl\u00e1s fontoss\u00e1g\u00e1t a Semmelweis Egyetem Alap\u00edtv\u00e1ny\u00a0<br \/>\n<strong>18. oldal<\/strong><br \/>\nDr. P\u00f3sfai Bal\u00e1zs: Versenyt\u00e1nct\u00f3l az agykutat\u00e1sig\u00a0<br \/>\n<strong>19. oldal<\/strong><br \/>\nTudom\u00e1nyos \u00e9s \u00dczleti Szalon \u2013 A bioetika aktu\u00e1lis k\u00e9rd\u00e9sei<br \/>\n<strong>20\u201321. oldal<\/strong><br \/>\nHallgat\u00f3i \u00e9let\u00a0<br \/>\n<strong>22. oldal<\/strong><br \/>\nCsal\u00e1dbar\u00e1t Egyetem Program\u00a0<br \/>\n<strong>23. oldal<\/strong><br \/>\nHangversennyel eml\u00e9kezett dr. Kelemen L\u00e1szl\u00f3ra a Semmelweis Kamarazenekar\u00a0<br \/>\n<strong>24. oldal<\/strong><br \/>\nKitartani, j\u00f3l csin\u00e1lni! \u2013 100 \u00e9ve halt meg Hugonnai Vilma\u00a0<br \/>\n<strong>25. oldal<\/strong><br \/>\nErfolgreiche Semmelweis Surgery Grand Rounds am ACH\u00a0<br \/>\n<strong>26. oldal<\/strong><br \/>\nNews\u00a0<\/p>\n","protected":false},"excerpt":{"rendered":"<p>4. oldal Besz\u00e1mol\u00f3 a Szen\u00e1tus m\u00e1rciusi \u00fcl\u00e9s\u00e9r\u0151l QS szakter\u00fcleti rangsor: ism\u00e9t a legjobbak k\u00f6zt a Semmelweis Egyetem 5. oldal \u00dajabb \u00e1llami elismer\u00e9seket vehettek \u00e1t az egyetem munkat\u00e1rsai \u00c1tadt\u00e1k a Tudom\u00e1nyos Di\u00e1kk\u00f6r d\u00edjait 6. oldal Transplant Today: transzplant\u00e1ci\u00f3s tov\u00e1bbk\u00e9pz\u00e9s nemzetk\u00f6zi szaktekint\u00e9lyekkel\u00a0 7. oldal \u00daj, \u00f6temeletes \u00e9p\u00fclettel b\u0151v\u00fclt a Semmelweis Egyetem Eg\u00e9szs\u00e9gtudom\u00e1nyi Kara\u00a0 8. oldal Fel\u00faj\u00edt\u00e1s miatt &hellip;<\/p>\n","protected":false},"author":101282,"featured_media":5645,"comment_status":"closed","ping_status":"closed","sticky":false,"template":"","format":"standard","meta":{"_acf_changed":false,"footnotes":""},"categories":[31],"tags":[],"class_list":["post-5644","post","type-post","status-publish","format-standard","has-post-thumbnail","hentry","category-2022-evfolyam"],"acf":[],"_links":{"self":[{"href":"https:\/\/semmelweis.hu\/ujsag\/wp-json\/wp\/v2\/posts\/5644","targetHints":{"allow":["GET"]}}],"collection":[{"href":"https:\/\/semmelweis.hu\/ujsag\/wp-json\/wp\/v2\/posts"}],"about":[{"href":"https:\/\/semmelweis.hu\/ujsag\/wp-json\/wp\/v2\/types\/post"}],"author":[{"embeddable":true,"href":"https:\/\/semmelweis.hu\/ujsag\/wp-json\/wp\/v2\/users\/101282"}],"replies":[{"embeddable":true,"href":"https:\/\/semmelweis.hu\/ujsag\/wp-json\/wp\/v2\/comments?post=5644"}],"version-history":[{"count":1,"href":"https:\/\/semmelweis.hu\/ujsag\/wp-json\/wp\/v2\/posts\/5644\/revisions"}],"predecessor-version":[{"id":5647,"href":"https:\/\/semmelweis.hu\/ujsag\/wp-json\/wp\/v2\/posts\/5644\/revisions\/5647"}],"wp:featuredmedia":[{"embeddable":true,"href":"https:\/\/semmelweis.hu\/ujsag\/wp-json\/wp\/v2\/media\/5645"}],"wp:attachment":[{"href":"https:\/\/semmelweis.hu\/ujsag\/wp-json\/wp\/v2\/media?parent=5644"}],"wp:term":[{"taxonomy":"category","embeddable":true,"href":"https:\/\/semmelweis.hu\/ujsag\/wp-json\/wp\/v2\/categories?post=5644"},{"taxonomy":"post_tag","embeddable":true,"href":"https:\/\/semmelweis.hu\/ujsag\/wp-json\/wp\/v2\/tags?post=5644"}],"curies":[{"name":"wp","href":"https:\/\/api.w.org\/{rel}","templated":true}]}}