{"id":5352,"date":"2018-07-09T19:46:48","date_gmt":"2018-07-09T17:46:48","guid":{"rendered":"http:\/\/semmelweis.hu\/ujsag\/?p=5352"},"modified":"2018-10-01T11:43:42","modified_gmt":"2018-10-01T09:43:42","slug":"semmelweis-egyetem-xix-evfolyam-5-szam-2018-julius","status":"publish","type":"post","link":"https:\/\/semmelweis.hu\/ujsag\/2018\/07\/09\/semmelweis-egyetem-xix-evfolyam-5-szam-2018-julius\/","title":{"rendered":"Semmelweis Egyetem &#8211; XIX. \u00e9vfolyam 5. sz\u00e1m &#8211; 2018. j\u00falius"},"content":{"rendered":"<figure id=\"attachment_5353\" aria-describedby=\"caption-attachment-5353\" style=\"width: 212px\" class=\"wp-caption alignright\"><a href=\"https:\/\/semmelweis.hu\/ujsag\/files\/2018\/07\/SE_2018_05_netre.jpg\"><img loading=\"lazy\" decoding=\"async\" class=\"wp-image-5353 size-medium\" src=\"https:\/\/semmelweis.hu\/ujsag\/files\/2018\/07\/SE_2018_05_netre-212x300.jpg\" alt=\"\" width=\"212\" height=\"300\" srcset=\"https:\/\/semmelweis.hu\/ujsag\/files\/2018\/07\/SE_2018_05_netre-212x300.jpg 212w, https:\/\/semmelweis.hu\/ujsag\/files\/2018\/07\/SE_2018_05_netre-768x1086.jpg 768w, https:\/\/semmelweis.hu\/ujsag\/files\/2018\/07\/SE_2018_05_netre-724x1024.jpg 724w\" sizes=\"auto, (max-width: 212px) 100vw, 212px\" \/><\/a><figcaption id=\"caption-attachment-5353\" class=\"wp-caption-text\">A lapsz\u00e1m <a href=\"https:\/\/semmelweis.hu\/ujsag\/files\/2018\/07\/SE_2018_05_netre.pdf\" target=\"_blank\" rel=\"noopener\">ide kattintva<\/a> olvashat\u00f3.<\/figcaption><\/figure>\n<p><strong>4. oldal\u00a0<\/strong><br \/>\nBesz\u00e1mol\u00f3 a Szen\u00e1tus m\u00e1jusi \u00e9s j\u00faniusi \u00fcl\u00e9s\u00e9r\u0151l<br \/>\n<strong>5. oldal<\/strong><br \/>\nVirtu\u00e1lis s\u00e9ta a K\u00f6zponti Igazgat\u00e1si \u00c9p\u00fcletben <br \/>\n<strong>6. oldal<\/strong><br \/>\nDr. Sz\u00e9l \u00c1goston: A j\u00f3 vezet\u0151 olyan, mint egy karmester<br \/>\n<strong>7. oldal<\/strong> <br \/>\n\u00dcnnep\u00e9lyes keretek k\u00f6z\u00f6tt tette le rektori esk\u00fcj\u00e9t dr. Merkely B\u00e9la<br \/>\n<strong>8. oldal<\/strong><br \/>\nD\u00edsz\u00fcnneps\u00e9g az egyetemen Semmelweis Ign\u00e1c sz\u00fclet\u00e9s\u00e9nek 200. \u00e9vfordul\u00f3j\u00e1n\u00a0 <br \/>\n<strong>11. oldal<\/strong><br \/>\nTudom\u00e1nyos konferenci\u00e1val kezd\u0151d\u00f6tt el az orsz\u00e1gos Semmelweis Ign\u00e1c-eml\u00e9k\u00e9v\u00a0 <br \/>\n<strong>12. oldal<\/strong> <br \/>\nSemmelweis-eml\u00e9k\u00e9v: \u00dcnnepi tudom\u00e1nyos \u00fcl\u00e9s \u00e9s szoborcsoport avat\u00e1s\u00a0<br \/>\n<strong>14. oldal<\/strong> <br \/>\nT\u00f6bb mint 50 rektori p\u00e1lyamunk\u00e1t d\u00edjaztak <br \/>\nAdatv\u00e9delem \u00e9s orvosi k\u00f6nyvt\u00e1rak helyzete a 4. Eg\u00e9szs\u00e9g-Inform\u00e1ci\u00f3-K\u00f6nyvt\u00e1r Konferenci\u00e1n<br \/>\n<strong>16. oldal<\/strong> <br \/>\nLend\u00fclet kutat\u00f3csoportot alak\u00edthat dr. Enyedi Bal\u00e1zs <br \/>\nSzent-Gy\u00f6rgyi Albert-d\u00edjat kapott dr. Enyedi P\u00e9ter<br \/>\nW\u00f6rwag kutat\u00e1si d\u00edjat vehetett \u00e1t Herold Zolt\u00e1n PhD-hallgat\u00f3 <br \/>\n<strong>17. oldal<\/strong><br \/>\nFel\u00faj\u00edtott k\u00f3rtermeket adtak \u00e1t a F\u00fcl-Orr-G\u00e9g\u00e9szeti \u00e9s Fej-Nyakseb\u00e9szeti Klinik\u00e1n \u00dajdons\u00e1gokr\u00f3l t\u00e1j\u00e9koz\u00f3dhattak a hemokromat\u00f3zisos betegek\u00a0<br \/>\n<strong>18. oldal<\/strong> <br \/>\n\u00daj PET-CT a Semmelweis Egyetemen Strat\u00e9giai m\u0171hely az \u00c1OK-n\u00a0<br \/>\n<strong>19. oldal<\/strong><br \/>\nJunior Prima d\u00edjasok eredm\u00e9nyeit mutatt\u00e1k be a Kutat\u00f3i Szalonban <br \/>\n<strong>20. oldal<\/strong><br \/>\nA lek\u00f6sz\u00f6n\u0151 rektor tartott el\u0151ad\u00e1st a Bar\u00e1ti K\u00f6r tal\u00e1lkoz\u00f3j\u00e1n<br \/>\n<strong>21. oldal<\/strong> <br \/>\nAz eg\u00e9szs\u00e9g\u00fcgy legnagyobb kih\u00edv\u00e1sait vitatt\u00e1k meg az EHMA konferenci\u00e1n<br \/>\nA sz\u00fcl\u00e9s \u00e9s a sz\u00fclet\u00e9s volt a f\u0151 t\u00e9m\u00e1ja a II. \u00c1rt\u00f3-V\u00e9d\u0151 T\u00e1rsadalom Konferenci\u00e1nak<br \/>\n<strong>22. oldal<\/strong> <br \/>\nCukorbetegek sz\u00e1m\u00e1ra fejlesztett applik\u00e1ci\u00f3t az egyetem hallgat\u00f3ja <br \/>\n\u00daj egyenruh\u00e1t kaptak a portaszolg\u00e1latok munkat\u00e1rsai\u00a0<br \/>\n<strong>23. oldal<\/strong> <br \/>\nCsaknem 600-an mentek el a v\u00e9gz\u0151s b\u00e1lra <br \/>\nAz egyetem k\u00e9t munkat\u00e1rsa nyert t\u00e1mogat\u00e1st az MTA Pr\u00e9mium posztdoktori p\u00e1ly\u00e1zat\u00e1n Top 700-ban a Semmelweis a vil\u00e1g legjobb ezer egyeteme k\u00f6z\u00f6tt a CWUR-list\u00e1j\u00e1n<br \/>\n<strong>24. oldal<\/strong><br \/>\nCsak egy\u00fctt lehet el\u0151re jutni \u2013 Benc\u00e9s Ilona, a B\u0151r-, Nemik\u00f3rtani \u00e9s B\u0151ronkol\u00f3giai Klinika vezet\u0151 f\u0151n\u0151v\u00e9re <br \/>\n<strong>25. oldal<\/strong> <br \/>\nZahlreiche Erfolgsmeldungen zum Ende der ersten Dekade am ACH <br \/>\n<strong>26. oldal<\/strong><br \/>\nElhunyt dr. Nagy G\u00e1bor A budapesti Semmelweis Szimp\u00f3ziumon tal\u00e1lkoztak a jap\u00e1n lengyel \u00e9s magyar seb\u00e9szek<\/p>\n","protected":false},"excerpt":{"rendered":"<p>4. oldal\u00a0 Besz\u00e1mol\u00f3 a Szen\u00e1tus m\u00e1jusi \u00e9s j\u00faniusi \u00fcl\u00e9s\u00e9r\u0151l 5. oldal Virtu\u00e1lis s\u00e9ta a K\u00f6zponti Igazgat\u00e1si \u00c9p\u00fcletben 6. oldal Dr. Sz\u00e9l \u00c1goston: A j\u00f3 vezet\u0151 olyan, mint egy karmester 7. oldal \u00dcnnep\u00e9lyes keretek k\u00f6z\u00f6tt tette le rektori esk\u00fcj\u00e9t dr. Merkely B\u00e9la 8. oldal D\u00edsz\u00fcnneps\u00e9g az egyetemen Semmelweis Ign\u00e1c sz\u00fclet\u00e9s\u00e9nek 200. \u00e9vfordul\u00f3j\u00e1n\u00a0 11. oldal Tudom\u00e1nyos konferenci\u00e1val &hellip;<\/p>\n","protected":false},"author":101132,"featured_media":5353,"comment_status":"closed","ping_status":"closed","sticky":false,"template":"","format":"standard","meta":{"_acf_changed":false,"footnotes":""},"categories":[27],"tags":[],"class_list":["post-5352","post","type-post","status-publish","format-standard","has-post-thumbnail","hentry","category-27"],"acf":[],"_links":{"self":[{"href":"https:\/\/semmelweis.hu\/ujsag\/wp-json\/wp\/v2\/posts\/5352","targetHints":{"allow":["GET"]}}],"collection":[{"href":"https:\/\/semmelweis.hu\/ujsag\/wp-json\/wp\/v2\/posts"}],"about":[{"href":"https:\/\/semmelweis.hu\/ujsag\/wp-json\/wp\/v2\/types\/post"}],"author":[{"embeddable":true,"href":"https:\/\/semmelweis.hu\/ujsag\/wp-json\/wp\/v2\/users\/101132"}],"replies":[{"embeddable":true,"href":"https:\/\/semmelweis.hu\/ujsag\/wp-json\/wp\/v2\/comments?post=5352"}],"version-history":[{"count":1,"href":"https:\/\/semmelweis.hu\/ujsag\/wp-json\/wp\/v2\/posts\/5352\/revisions"}],"predecessor-version":[{"id":5355,"href":"https:\/\/semmelweis.hu\/ujsag\/wp-json\/wp\/v2\/posts\/5352\/revisions\/5355"}],"wp:featuredmedia":[{"embeddable":true,"href":"https:\/\/semmelweis.hu\/ujsag\/wp-json\/wp\/v2\/media\/5353"}],"wp:attachment":[{"href":"https:\/\/semmelweis.hu\/ujsag\/wp-json\/wp\/v2\/media?parent=5352"}],"wp:term":[{"taxonomy":"category","embeddable":true,"href":"https:\/\/semmelweis.hu\/ujsag\/wp-json\/wp\/v2\/categories?post=5352"},{"taxonomy":"post_tag","embeddable":true,"href":"https:\/\/semmelweis.hu\/ujsag\/wp-json\/wp\/v2\/tags?post=5352"}],"curies":[{"name":"wp","href":"https:\/\/api.w.org\/{rel}","templated":true}]}}