{"id":5345,"date":"2018-05-28T11:56:13","date_gmt":"2018-05-28T09:56:13","guid":{"rendered":"http:\/\/semmelweis.hu\/ujsag\/?p=5345"},"modified":"2019-02-12T16:33:39","modified_gmt":"2019-02-12T15:33:39","slug":"semmelweis-egyetem-xix-evfolyam-4-szam-2018-majus","status":"publish","type":"post","link":"https:\/\/semmelweis.hu\/ujsag\/2018\/05\/28\/semmelweis-egyetem-xix-evfolyam-4-szam-2018-majus\/","title":{"rendered":"Semmelweis Egyetem &#8211; XIX. \u00e9vfolyam 4. sz\u00e1m &#8211; 2018. m\u00e1jus"},"content":{"rendered":"<figure id=\"attachment_5346\" aria-describedby=\"caption-attachment-5346\" style=\"width: 212px\" class=\"wp-caption alignright\"><a href=\"https:\/\/semmelweis.hu\/ujsag\/files\/2018\/05\/SE_04_netre.jpg\"><img loading=\"lazy\" decoding=\"async\" class=\"wp-image-5346 size-medium\" src=\"https:\/\/semmelweis.hu\/ujsag\/files\/2018\/05\/SE_04_netre-212x300.jpg\" alt=\"\" width=\"212\" height=\"300\" srcset=\"https:\/\/semmelweis.hu\/ujsag\/files\/2018\/05\/SE_04_netre-212x300.jpg 212w, https:\/\/semmelweis.hu\/ujsag\/files\/2018\/05\/SE_04_netre-768x1086.jpg 768w, https:\/\/semmelweis.hu\/ujsag\/files\/2018\/05\/SE_04_netre-724x1024.jpg 724w\" sizes=\"auto, (max-width: 212px) 100vw, 212px\" \/><\/a><figcaption id=\"caption-attachment-5346\" class=\"wp-caption-text\"><a href=\"https:\/\/semmelweis.hu\/ujsag\/files\/2018\/05\/SE_04_netre.pdf\" target=\"_blank\" rel=\"noopener\">A lapsz\u00e1m ide kattintva olvashat\u00f3.<\/a><\/figcaption><\/figure>\n<p><strong>4. oldal<\/strong><br \/>\nBesz\u00e1mol\u00f3 a Szen\u00e1tus \u00e1prilisi \u00fcl\u00e9s\u00e9r\u0151l<br \/>\nJ\u00f3l szerepel a Semmelweis Egyetem a THE \u00faj rangsoraiban<br \/>\n<strong>5. oldal<\/strong><br \/>\nAz egyetem t\u00f6bb munkat\u00e1rs\u00e1t d\u00edjazt\u00e1k a Markusovszky-eml\u00e9k\u00fcl\u00e9sen<br \/>\nDr. Feh\u00e9r Erzs\u00e9betet jutalmazt\u00e1k id\u00e9n \u00c1rk\u00f6vy Eml\u00e9k\u00e9remmel<br \/>\n<strong>6. oldal<\/strong><br \/>\nElismert\u00e9k dr. Rosivall L\u00e1szl\u00f3 nefrol\u00f3gia ter\u00fclet\u00e9n v\u00e9gzett munk\u00e1j\u00e1t<br \/>\nSzent-Gy\u00f6rgyi Albert Orvosi D\u00edjat vehetett \u00e1t dr. S\u00e9nyi Katalin gyermekszem\u00e9sz<br \/>\n<strong>8. oldal<\/strong><br \/>\nAz oktat\u00e1sban v\u00e1rhat\u00f3 v\u00e1ltoz\u00e1sokr\u00f3l tartott hallgat\u00f3i f\u00f3rumot dr. Merkely B\u00e9la<br \/>\n\u00daj kondukt\u00edv fejleszt\u0151k\u00f6zpont ny\u00edlt Jap\u00e1nban<br \/>\n<strong>9. oldal<\/strong><br \/>\nIr\u00e1nban j\u00e1rt az \u00c1OK deleg\u00e1ci\u00f3ja<br \/>\nNATO k\u00fcld\u00f6tts\u00e9g \u00e9rkezett az Aneszteziol\u00f3giai \u00e9s Intenz\u00edv Ter\u00e1pi\u00e1s Klinik\u00e1ra<br \/>\n<strong>10. oldal<\/strong><br \/>\nA NAP eredm\u00e9nyeit mutatt\u00e1k be az \u00e1prilisi Kutat\u00f3i Szalonban <br \/>\n<strong>11. oldal<\/strong><br \/>\n\u00daj g\u00e9nt azonos\u00edtottak egy ritka betegs\u00e9g kialakul\u00e1s\u00e1nak h\u00e1tter\u00e9ben <br \/>\n<strong>12. oldal<\/strong><br \/>\nA szem\u00e9lyis\u00e9gjegyek \u00e9s a migr\u00e9n k\u00f6lcs\u00f6nhat\u00e1s\u00e1t \u00edrt\u00e1k le a NAP kutat\u00f3i <br \/>\n<strong>13. oldal<\/strong><br \/>\nKult\u00fara \u00e9s tudom\u00e1ny a Kerpel Di\u00e1kszalonban<br \/>\nS\u00e1rk\u00e1nyhaj\u00f3s bajnok lett a Semmelweis Egyetem a Dunai Regatt\u00e1n<br \/>\n<strong>14. oldal<\/strong><br \/>\nIsmeretterjeszt\u0151 el\u0151ad\u00e1s l\u00e1t\u00e1ss\u00e9r\u00fclteknek az Anat\u00f3miai M\u00fazeumban<br \/>\nMeg\u00fajult az egyetem alap\u00edtv\u00e1ny\u00e1nak arculata<br \/>\n<strong>15. oldal<\/strong><br \/>\nVIP betegszob\u00e1kat alak\u00edtottak ki az I. Sz. Seb\u00e9szeti Klinik\u00e1n<br \/>\nN\u00e9gy k\u00fcl\u00f6nb\u00f6z\u0151 borvid\u00e9kr\u0151l nyert\u00e9k el a Semmelweis Egyetem Bora c\u00edmet<br \/>\n<strong>16. oldal<\/strong><br \/>\nB\u00facs\u00fazik a Rezidens Szalon alap\u00edt\u00f3ja<br \/>\n<strong>18. oldal<\/strong><br \/>\nA z\u00f6ld h\u00e1lyog volt a t\u00e9ma a szem\u00e9szeti szakdolgoz\u00f3k tov\u00e1bbk\u00e9pz\u00e9s\u00e9n<br \/>\nAz onkol\u00f3giai \u00e1pol\u00f3i hivat\u00e1s kiv\u00e1l\u00f3s\u00e1ga d\u00edjat kapott a B\u0151rklinika munkat\u00e1rsa<br \/>\n<strong>19. oldal<\/strong><br \/>\nKis h\u00edj\u00e1n futballista lett a V\u00e1rosmajori Sz\u00edv- \u00e9s \u00c9rgy\u00f3gy\u00e1szati Klinika szakorvosjel\u00f6ltje <br \/>\n<strong>20. oldal<\/strong><br \/>\nDr. Margittai \u00c9va: Mindenkinek meg kell tal\u00e1lnia a saj\u00e1t \u00fatj\u00e1t <br \/>\n<strong>21. oldal<\/strong><br \/>\nA tudom\u00e1ny c\u00e9lja, hogy jobb\u00e1 tegy\u00fck \u00e1ltala az emberek \u00e9let\u00e9t \u2013 Dr. Szigeti Kriszti\u00e1n \u00e9s<br \/>\nG\u00f3g Istv\u00e1n a TDK-r\u00f3l<br \/>\n<strong>22. oldal<\/strong><br \/>\nAz emp\u00e1tia \u00e9s a szem\u00e9lyes p\u00e9ldamutat\u00e1s elengedhetetlen \u2013 Dr. Ruzsv\u00e1nszkyn\u00e9 Kocsis<br \/>\nIldik\u00f3, az I. Sz. Seb\u00e9szeti Klinika vezet\u0151 f\u0151n\u0151v\u00e9re<br \/>\n<strong>23. oldal<\/strong><br \/>\nUmfassende Unterst\u00fctzung f\u00fcr den Berufseinstieg <br \/>\n<strong>24. oldal<\/strong><br \/>\n\u00c9rt\u00e9kn\u00f6vel\u0151 csapatmunka \u00e9s a perzsa b\u00f6lcs <br \/>\n<strong>25. oldal<\/strong><br \/>\nElhunyt dr. Kiss Istv\u00e1n<br \/>\nM\u00e9g lehet regisztr\u00e1lni a Semmelweis-eml\u00e9k\u00e9v tudom\u00e1nyos rendezv\u00e9nyeire<br \/>\n<strong>26. oldal<\/strong><br \/>\nElhunyt dr. Knoll J\u00f3zsef<\/p>\n","protected":false},"excerpt":{"rendered":"<p>4. oldal Besz\u00e1mol\u00f3 a Szen\u00e1tus \u00e1prilisi \u00fcl\u00e9s\u00e9r\u0151l J\u00f3l szerepel a Semmelweis Egyetem a THE \u00faj rangsoraiban 5. oldal Az egyetem t\u00f6bb munkat\u00e1rs\u00e1t d\u00edjazt\u00e1k a Markusovszky-eml\u00e9k\u00fcl\u00e9sen Dr. Feh\u00e9r Erzs\u00e9betet jutalmazt\u00e1k id\u00e9n \u00c1rk\u00f6vy Eml\u00e9k\u00e9remmel 6. oldal Elismert\u00e9k dr. Rosivall L\u00e1szl\u00f3 nefrol\u00f3gia ter\u00fclet\u00e9n v\u00e9gzett munk\u00e1j\u00e1t Szent-Gy\u00f6rgyi Albert Orvosi D\u00edjat vehetett \u00e1t dr. S\u00e9nyi Katalin gyermekszem\u00e9sz 8. oldal Az &hellip;<\/p>\n","protected":false},"author":101132,"featured_media":5346,"comment_status":"closed","ping_status":"closed","sticky":false,"template":"","format":"standard","meta":{"_acf_changed":false,"footnotes":""},"categories":[27],"tags":[],"class_list":["post-5345","post","type-post","status-publish","format-standard","has-post-thumbnail","hentry","category-27"],"acf":[],"_links":{"self":[{"href":"https:\/\/semmelweis.hu\/ujsag\/wp-json\/wp\/v2\/posts\/5345","targetHints":{"allow":["GET"]}}],"collection":[{"href":"https:\/\/semmelweis.hu\/ujsag\/wp-json\/wp\/v2\/posts"}],"about":[{"href":"https:\/\/semmelweis.hu\/ujsag\/wp-json\/wp\/v2\/types\/post"}],"author":[{"embeddable":true,"href":"https:\/\/semmelweis.hu\/ujsag\/wp-json\/wp\/v2\/users\/101132"}],"replies":[{"embeddable":true,"href":"https:\/\/semmelweis.hu\/ujsag\/wp-json\/wp\/v2\/comments?post=5345"}],"version-history":[{"count":1,"href":"https:\/\/semmelweis.hu\/ujsag\/wp-json\/wp\/v2\/posts\/5345\/revisions"}],"predecessor-version":[{"id":5348,"href":"https:\/\/semmelweis.hu\/ujsag\/wp-json\/wp\/v2\/posts\/5345\/revisions\/5348"}],"wp:featuredmedia":[{"embeddable":true,"href":"https:\/\/semmelweis.hu\/ujsag\/wp-json\/wp\/v2\/media\/5346"}],"wp:attachment":[{"href":"https:\/\/semmelweis.hu\/ujsag\/wp-json\/wp\/v2\/media?parent=5345"}],"wp:term":[{"taxonomy":"category","embeddable":true,"href":"https:\/\/semmelweis.hu\/ujsag\/wp-json\/wp\/v2\/categories?post=5345"},{"taxonomy":"post_tag","embeddable":true,"href":"https:\/\/semmelweis.hu\/ujsag\/wp-json\/wp\/v2\/tags?post=5345"}],"curies":[{"name":"wp","href":"https:\/\/api.w.org\/{rel}","templated":true}]}}