{"id":174,"date":"2015-12-15T00:00:00","date_gmt":"2015-12-14T23:00:00","guid":{"rendered":"http:\/\/semmelweis.hu\/ujsag\/xvi_evfolyam_9_szam_2015_december_15_folyoirat\/"},"modified":"2017-12-20T12:43:41","modified_gmt":"2017-12-20T11:43:41","slug":"xvi_evfolyam_9_szam_2015_december_15_folyoirat","status":"publish","type":"post","link":"https:\/\/semmelweis.hu\/ujsag\/2015\/12\/15\/xvi_evfolyam_9_szam_2015_december_15_folyoirat\/","title":{"rendered":"Semmelweis Egyetem \u2013 XVI. \u00e9vfolyam, 9. sz\u00e1m \u2013 2015. december 15."},"content":{"rendered":"<p><a href=\"https:\/\/semmelweis.hu\/ujsag\/files\/2015\/12\/xvi._evfolyam__9._szam_\u2013_2015._december_15.-2015-12-15.pdf\"><img loading=\"lazy\" decoding=\"async\" class=\"size-full wp-image-359 alignright\" src=\"https:\/\/semmelweis.hu\/ujsag\/files\/2015\/12\/351.jpg\" alt=\"351\" width=\"200\" height=\"282\" \/><\/a><strong>4. oldal<\/strong><br \/>\nBesz\u00e1mol\u00f3 a Szen\u00e1tus novemberi \u00fcl\u00e9s\u00e9r\u0151l<br \/>\n<strong>5. oldal<\/strong><br \/>\n Nyolcan kaptak d\u00edszdoktori c\u00edmet a Doctor Honoris Causa \u00fcnneps\u00e9gen<br \/>\n<strong>6-7. oldal<\/strong><br \/>\n Dies Academicus \u2013 PhD-fokozat\u00fa doktorokat avattak<br \/>\n<strong>8. oldal<\/strong><br \/>\n A Semmelweis Egyetem vezeti a HVG \u00e9s Heti V\u00e1lasz fels\u0151oktat\u00e1si rangsor\u00e1t<br \/>\n<strong>9. oldal<\/strong><br \/>\n Dr. Margittai \u00c9va az idei Hugonnai Vilma d\u00edjas; Semmelweises Junior Prima d\u00edjazottak tudom\u00e1ny kateg\u00f3ri\u00e1ban<br \/>\n<strong>10-11. oldal<\/strong><br \/>\n Eml\u00e9kszimp\u00f3zium Semmelweis Ign\u00e1c tisztelet\u00e9re<br \/>\n<strong>12. oldal<\/strong><br \/>\n Jubileumi \u00fcnneps\u00e9g az Eg\u00e9szs\u00e9gtudom\u00e1nyi Kar fenn\u00e1ll\u00e1s\u00e1nak 40. \u00e9vfordul\u00f3j\u00e1n<br \/>\n<strong>13. oldal<\/strong><br \/>\n A Semmelweis Egyetem v\u00e9gzi a Magyar Jezsuita Rendtartom\u00e1ny sz\u0171r\u0151vizsg\u00e1latait<br \/>\nM\u0171szer\u00e1tad\u00e1s az I. Sz. Seb\u00e9szeti Klinik\u00e1n<br \/>\n<strong>14. oldal<\/strong><br \/>\n Els\u0151 hazai kat\u00e9teres sz\u00edvbillenty\u0171m\u0171t\u00e9t a Semmelweis Egyetemen<br \/>\n<strong>16. oldal<\/strong><br \/>\nNews<br \/>\n<strong>16. oldal<\/strong><br \/>\n Diploma\u00e1tad\u00f3 \u00fcnneps\u00e9g az Eg\u00e9szs\u00e9g\u00fcgyi Menedzserk\u00e9pz\u0151 K\u00f6zpontban<br \/>\nNy\u00edlt napon mutatkozott be az EKK Digit\u00e1lis Eg\u00e9szs\u00e9gtudom\u00e1nyi Int\u00e9zete<br \/>\n<strong>17. oldal<\/strong><br \/>\n \u00daj, \u00e1tfog\u00f3 seb\u00e9szeti m\u0171t\u00e9ttan tank\u00f6nyv jelent meg<br \/>\nVascularis neurol\u00f3gia k\u00f6nyvbemutat\u00f3 a Semmelweis Szalonban<br \/>\n<strong>18. oldal<\/strong><br \/>\n \u00daj kiad\u00e1s\u00fa belgy\u00f3gy\u00e1szati \u00e9s reumatol\u00f3giai tank\u00f6nyveket mutattak be<br \/>\n<strong>19. oldal<\/strong><br \/>\n S\u00fcrg\u0151ss\u00e9gi medicina a Rezidens Szalonban<br \/>\nTizedik alkalommal rendezt\u00e9k meg az \u00c9letm\u00f3d Konferenci\u00e1t<br \/>\n<strong>20. oldal<\/strong><br \/>\n \u00dajj\u00e1szervezett t\u00f6mbigazgat\u00f3s\u00e1gok: bemutatjuk az igazgat\u00f3kat (2. r\u00e9sz)<br \/>\n<strong>21. oldal<\/strong><br \/>\n Alumni Tal\u00e1lkoz\u00f3 az egyetemen; Szakkoll\u00e9giumi tal\u00e1lkoz\u00f3 \u2013 30 \u00e9ves a Kor\u00e1nyi Frigyes Szakkoll\u00e9gium<br \/>\n<strong>22-23. oldal<\/strong><br \/>\n Bemutatt\u00e1k a Semmelweis Ign\u00e1c eml\u00e9kezet\u00e9re k\u00e9sz\u00fclt k\u00f6nyvet, \u00e9s megny\u00edlt a k\u00e9pz\u0151m\u0171v\u00e9szeti ki\u00e1ll\u00edt\u00e1s<br \/>\n<strong>24-25. oldal<\/strong><br \/>\n Nekrol\u00f3g: dr. Szab\u00f3 Zolt\u00e1n, dr. Rib\u00e1ri Ott\u00f3 \u00e9s dr. Kalabay L\u00e1szl\u00f3<br \/>\n<strong>26. oldal<\/strong><br \/>\n Entwicklungshilfeprojekten und Asklepios Campus Hamburg<\/p>\n","protected":false},"excerpt":{"rendered":"<p><a href=\"https:\/\/semmelweis.hu\/ujsag\/files\/2015\/12\/xvi._evfolyam__9._szam_\u2013_2015._december_15.-2015-12-15.pdf\"><\/a> 4. oldal Besz\u00e1mol\u00f3 a Szen\u00e1tus novemberi \u00fcl\u00e9s\u00e9r\u0151l 5. oldal Nyolcan kaptak d\u00edszdoktori c\u00edmet a Doctor Honoris Causa \u00fcnneps\u00e9gen 6-7. oldal Dies Academicus \u2013 PhD-fokozat\u00fa doktorokat avattak 8. oldal A Semmelweis Egyetem vezeti a HVG \u00e9s Heti V\u00e1lasz fels\u0151oktat\u00e1si rangsor\u00e1t 9. oldal Dr. Margittai \u00c9va az idei Hugonnai Vilma d\u00edjas; Semmelweises Junior Prima d\u00edjazottak tudom\u00e1ny kateg\u00f3ri\u00e1ban &hellip;<\/p>\n","protected":false},"author":158,"featured_media":359,"comment_status":"closed","ping_status":"closed","sticky":false,"template":"","format":"standard","meta":{"_acf_changed":false,"footnotes":""},"categories":[6],"tags":[],"class_list":["post-174","post","type-post","status-publish","format-standard","has-post-thumbnail","hentry","category-6"],"acf":[],"_links":{"self":[{"href":"https:\/\/semmelweis.hu\/ujsag\/wp-json\/wp\/v2\/posts\/174","targetHints":{"allow":["GET"]}}],"collection":[{"href":"https:\/\/semmelweis.hu\/ujsag\/wp-json\/wp\/v2\/posts"}],"about":[{"href":"https:\/\/semmelweis.hu\/ujsag\/wp-json\/wp\/v2\/types\/post"}],"author":[{"embeddable":true,"href":"https:\/\/semmelweis.hu\/ujsag\/wp-json\/wp\/v2\/users\/158"}],"replies":[{"embeddable":true,"href":"https:\/\/semmelweis.hu\/ujsag\/wp-json\/wp\/v2\/comments?post=174"}],"version-history":[{"count":5,"href":"https:\/\/semmelweis.hu\/ujsag\/wp-json\/wp\/v2\/posts\/174\/revisions"}],"predecessor-version":[{"id":5125,"href":"https:\/\/semmelweis.hu\/ujsag\/wp-json\/wp\/v2\/posts\/174\/revisions\/5125"}],"wp:featuredmedia":[{"embeddable":true,"href":"https:\/\/semmelweis.hu\/ujsag\/wp-json\/wp\/v2\/media\/359"}],"wp:attachment":[{"href":"https:\/\/semmelweis.hu\/ujsag\/wp-json\/wp\/v2\/media?parent=174"}],"wp:term":[{"taxonomy":"category","embeddable":true,"href":"https:\/\/semmelweis.hu\/ujsag\/wp-json\/wp\/v2\/categories?post=174"},{"taxonomy":"post_tag","embeddable":true,"href":"https:\/\/semmelweis.hu\/ujsag\/wp-json\/wp\/v2\/tags?post=174"}],"curies":[{"name":"wp","href":"https:\/\/api.w.org\/{rel}","templated":true}]}}