{"id":173,"date":"2015-11-24T00:00:00","date_gmt":"2015-11-23T23:00:00","guid":{"rendered":"http:\/\/semmelweis.hu\/ujsag\/xvi_evfolyam_8_szam_2015_november_24_folyoirat\/"},"modified":"2017-12-20T12:48:52","modified_gmt":"2017-12-20T11:48:52","slug":"xvi_evfolyam_8_szam_2015_november_24_folyoirat","status":"publish","type":"post","link":"https:\/\/semmelweis.hu\/ujsag\/2015\/11\/24\/xvi_evfolyam_8_szam_2015_november_24_folyoirat\/","title":{"rendered":"Semmelweis Egyetem \u2013 XVI. \u00e9vfolyam, 8. sz\u00e1m \u2013 2015. november 24."},"content":{"rendered":"<p><a href=\"https:\/\/semmelweis.hu\/ujsag\/files\/2015\/12\/xvi._evfolyam__8._szam_\u2013_2015._november_24.-2015-11-25.pdf\"><img loading=\"lazy\" decoding=\"async\" class=\"size-full wp-image-396 alignright\" src=\"https:\/\/semmelweis.hu\/ujsag\/files\/2015\/12\/345.jpg\" alt=\"345\" width=\"200\" height=\"282\" \/><\/a><strong>4. oldal<\/strong><br \/>\nBesz\u00e1mol\u00f3 a Szen\u00e1tus okt\u00f3beri \u00fcl\u00e9s\u00e9r\u0151l<br \/>\n<strong>5. oldal<\/strong><br \/>\n Akad\u00e9miai \u00e9s \u00e1llami elismer\u00e9sek az egyetem munkat\u00e1rsainak<br \/>\n<strong>6. oldal<\/strong><br \/>\n Hat\u00e9konyabb \u00e9s gyorsabb m\u0171k\u00f6d\u00e9st szeretne dr. B\u00e1nhidy Ferenc<br \/>\n <strong>7. oldal<\/strong><br \/>\n Dr. Merkely B\u00e9la: Helyzetbe hozzuk a klinik\u00e1kat<br \/>\n<strong>8. oldal<\/strong><br \/>\n Dr. R\u00e9thelyi Mikl\u00f3s vehette \u00e1t a Semmelweis Ign\u00e1c eml\u00e9k\u00e9rmet<br \/>\n <strong>9. oldal<\/strong><br \/>\n Dr. Pat\u00f3cs Attila Jendrassik, dr. Szalai Csaba Huzella eml\u00e9k\u00e9rmet kapott<br \/>\n<strong>10. oldal<\/strong><br \/>\n Semmelweis Symposium a molekul\u00e1ris onkol\u00f3gi\u00e1r\u00f3l<br \/>\n<strong>11. oldal<\/strong><br \/>\n Vil\u00e1gt\u00f6rt\u00e9nelmet form\u00e1l\u00f3 esem\u00e9ny volt \u2013 egyetemi megeml\u00e9kez\u00e9s 1956-r\u00f3l<br \/>\n<strong>12. oldal<\/strong><br \/>\n K\u00f6zel h\u00e1rommilli\u00e1rd forintot nyert tov\u00e1bbi energetikai korszer\u0171s\u00edt\u00e9sekre az egyetem<br \/>\n<strong>13. oldal<\/strong><br \/>\n T\u00f6bb mint 1,3 milli\u00e1rd forintos r\u00f6ntgen \u00e9s MR-beszerz\u00e9s val\u00f3sul meg<br \/>\n<strong>14. oldal<\/strong><br \/>\n Egy\u00fcttm\u0171k\u00f6d\u00e9s a Semmelweis Egyetem \u00e9s a N\u00f3gr\u00e1d Megyei \u00d6nkorm\u00e1nyzat k\u00f6z\u00f6tt<br \/>\n Fog\u00e1szati rendel\u0151 mozg\u00e1skorl\u00e1tozott betegeknek<strong><br \/>\n15. oldal<\/strong><br \/>\n 5D ultrahangk\u00e9sz\u00fcl\u00e9ket adtak \u00e1t az I. Sz. Sz\u00fcl\u00e9szeti \u00e9s N\u0151gy\u00f3gy\u00e1szati Klinik\u00e1n<br \/>\n<strong>16. oldal<\/strong><br \/>\nNews<br \/>\n<strong>17. oldal<\/strong><br \/>\n HPB Kutat\u00e1si K\u00f6zpont: egy\u00fcttm\u0171k\u00f6d\u00e9sek a m\u00e1j-, epe\u00fat- \u00e9s hasny\u00e1lmirigy-seb\u00e9szet ter\u00fclet\u00e9n<br \/>\n<strong>18. oldal<\/strong><br \/>\n Betegjogi Szakmai Nap \u00e9s konferencia az ETK-n<br \/>\n Fiatal V\u00e9d\u0151n\u0151k konferenci\u00e1ja<br \/>\n<strong>19. oldal<\/strong><br \/>\n Ny\u00edlt nap az \u00c1ltal\u00e1nos Orvostudom\u00e1nyi Karon<br \/>\n<strong>20. oldal<\/strong><br \/>\n \u00dajj\u00e1szervezett t\u00f6mbigazgat\u00f3s\u00e1gok: bemutatjuk az igazgat\u00f3kat I. r\u00e9sz<br \/>\n<strong>21. oldal<\/strong><br \/>\nAsklepios Campus Hamburg<br \/>\n<strong>22. oldal<\/strong><br \/>\n Semmelweis Ign\u00e1c eml\u00e9kki\u00e1ll\u00edt\u00e1s a K\u00f6zponti K\u00f6nyvt\u00e1rban<br \/>\n<strong>23. oldal<\/strong><br \/>\n Csaknem 300-an vehettek \u00e1t jubileumi d\u00edszoklevelet az \u00c1ltal\u00e1nos Orvostudom\u00e1nyi Karon<br \/>\n<strong>24. oldal<\/strong><br \/>\n Bar\u00e1ti K\u00f6r: Itthon kell Amerik\u00e1t teremteni, kint m\u00e1r van<br \/>\n<strong>25. oldal<\/strong><br \/>\n K\u00e1rp\u00e1taljai l\u00e1togat\u00e1s \u2013 a Genersich Alap\u00edtv\u00e1ny d\u00edjazottjainak kir\u00e1ndul\u00e1sa<br \/>\n<strong>25. oldal<\/strong><br \/>\n Mayer Berta Munk\u00e1csy-d\u00edjas fest\u0151m\u0171v\u00e9sz ki\u00e1ll\u00edt\u00e1sa a Semmelweis Szalonban<br \/>\n<strong>26.oldal<\/strong><br \/>\n Elhunyt dr. Szab\u00f3 Antal<\/p>\n","protected":false},"excerpt":{"rendered":"<p><a href=\"https:\/\/semmelweis.hu\/ujsag\/files\/2015\/12\/xvi._evfolyam__8._szam_\u2013_2015._november_24.-2015-11-25.pdf\"><\/a> 4. oldal Besz\u00e1mol\u00f3 a Szen\u00e1tus okt\u00f3beri \u00fcl\u00e9s\u00e9r\u0151l 5. oldal Akad\u00e9miai \u00e9s \u00e1llami elismer\u00e9sek az egyetem munkat\u00e1rsainak 6. oldal Hat\u00e9konyabb \u00e9s gyorsabb m\u0171k\u00f6d\u00e9st szeretne dr. B\u00e1nhidy Ferenc 7. oldal Dr. Merkely B\u00e9la: Helyzetbe hozzuk a klinik\u00e1kat 8. oldal Dr. R\u00e9thelyi Mikl\u00f3s vehette \u00e1t a Semmelweis Ign\u00e1c eml\u00e9k\u00e9rmet 9. oldal Dr. Pat\u00f3cs Attila Jendrassik, dr. Szalai Csaba &hellip;<\/p>\n","protected":false},"author":158,"featured_media":396,"comment_status":"closed","ping_status":"closed","sticky":false,"template":"","format":"standard","meta":{"_acf_changed":false,"footnotes":""},"categories":[6],"tags":[],"class_list":["post-173","post","type-post","status-publish","format-standard","has-post-thumbnail","hentry","category-6"],"acf":[],"_links":{"self":[{"href":"https:\/\/semmelweis.hu\/ujsag\/wp-json\/wp\/v2\/posts\/173","targetHints":{"allow":["GET"]}}],"collection":[{"href":"https:\/\/semmelweis.hu\/ujsag\/wp-json\/wp\/v2\/posts"}],"about":[{"href":"https:\/\/semmelweis.hu\/ujsag\/wp-json\/wp\/v2\/types\/post"}],"author":[{"embeddable":true,"href":"https:\/\/semmelweis.hu\/ujsag\/wp-json\/wp\/v2\/users\/158"}],"replies":[{"embeddable":true,"href":"https:\/\/semmelweis.hu\/ujsag\/wp-json\/wp\/v2\/comments?post=173"}],"version-history":[{"count":5,"href":"https:\/\/semmelweis.hu\/ujsag\/wp-json\/wp\/v2\/posts\/173\/revisions"}],"predecessor-version":[{"id":5127,"href":"https:\/\/semmelweis.hu\/ujsag\/wp-json\/wp\/v2\/posts\/173\/revisions\/5127"}],"wp:featuredmedia":[{"embeddable":true,"href":"https:\/\/semmelweis.hu\/ujsag\/wp-json\/wp\/v2\/media\/396"}],"wp:attachment":[{"href":"https:\/\/semmelweis.hu\/ujsag\/wp-json\/wp\/v2\/media?parent=173"}],"wp:term":[{"taxonomy":"category","embeddable":true,"href":"https:\/\/semmelweis.hu\/ujsag\/wp-json\/wp\/v2\/categories?post=173"},{"taxonomy":"post_tag","embeddable":true,"href":"https:\/\/semmelweis.hu\/ujsag\/wp-json\/wp\/v2\/tags?post=173"}],"curies":[{"name":"wp","href":"https:\/\/api.w.org\/{rel}","templated":true}]}}