{"id":172,"date":"2015-10-27T00:00:00","date_gmt":"2015-10-26T23:00:00","guid":{"rendered":"http:\/\/semmelweis.hu\/ujsag\/xvi_evfolyam_7_szam_2015_oktober_27_folyoirat\/"},"modified":"2017-12-20T12:53:28","modified_gmt":"2017-12-20T11:53:28","slug":"xvi_evfolyam_7_szam_2015_oktober_27_folyoirat","status":"publish","type":"post","link":"https:\/\/semmelweis.hu\/ujsag\/2015\/10\/27\/xvi_evfolyam_7_szam_2015_oktober_27_folyoirat\/","title":{"rendered":"Semmelweis Egyetem \u2013 XVI. \u00e9vfolyam, 7. sz\u00e1m \u2013 2015. okt\u00f3ber 27."},"content":{"rendered":"<p><a href=\"https:\/\/semmelweis.hu\/ujsag\/files\/2015\/12\/xvi._evfolyam__7._szam_\u2013_2015._oktober_27.-2015-10-28.pdf\"><img loading=\"lazy\" decoding=\"async\" class=\"size-full wp-image-395 alignright\" src=\"https:\/\/semmelweis.hu\/ujsag\/files\/2015\/12\/338.jpg\" alt=\"338\" width=\"200\" height=\"282\" \/><\/a><strong>4. oldal<\/strong><br \/>\nBesz\u00e1mol\u00f3 a szen\u00e1tus szeptemberi \u00fcl\u00e9s\u00e9r\u0151l<br \/>\n Egys\u00e9ges irat- \u00e9s dokumentumkezel\u0151 rendszert vezetnek be az egyetemen<br \/>\n<strong>5. oldal<\/strong><br \/>\n Dr. Bagdy Gy\u00f6rgy: A tudom\u00e1nyos kutat\u00e1s t\u00f6bb, mint koron\u00e1nk legszebb gy\u00e9m\u00e1ntja<br \/>\n<strong>6. oldal<\/strong><br \/>\n Dr. Hermann P\u00e9ter: Egys\u00e9ges\u00edteni kell a tanulm\u00e1nyi \u00e9s szoci\u00e1lis \u00fcgyek kezel\u00e9s\u00e9t<br \/>\n<strong>7. oldal<\/strong><br \/>\n Dr. Gerber G\u00e1bor: Az egyetem oktat\u00f3g\u00e1rd\u00e1ja adja a hazai fogorvosk\u00e9pz\u00e9s gerinc\u00e9t<br \/>\n<strong>8. oldal<\/strong><br \/>\n Energetikai korszer\u0171s\u00edt\u00e9s kezd\u0151d\u00f6tt az egyetem h\u00e1rom helysz\u00ednen<br \/>\n<strong>9. oldal<\/strong><br \/>\n Okt\u00f3ber 1-j\u00e9vel elindult a t\u00f6mbigazgat\u00f3s\u00e1gi rendszer a Bels\u0151 Klinikai T\u00f6mbben<br \/>\n<strong>10. oldal<\/strong><br \/>\n Strat\u00e9giai egy\u00fcttm\u0171k\u00f6d\u00e9s a Semmelweis Egyetem \u00e9s az OGY\u00c9I k\u00f6z\u00f6tt<br \/>\n<strong>11. oldal<\/strong><br \/>\n Digit\u00e1lis Radiol\u00f3giai R\u00e9szleget adtak \u00e1t a II. Sz. Belgy\u00f3gy\u00e1szati Klinik\u00e1n<br \/>\n Korasz\u00fcl\u00f6tt baba-mama szob\u00e1k a II. Sz. Sz\u00fcl\u00e9szeti \u00e9s N\u0151gy\u00f3gy\u00e1szati Klinik\u00e1n<br \/>\n<strong>12. oldal<\/strong><br \/>\n Eur\u00f3p\u00e1ban egyed\u00fcl\u00e1ll\u00f3 csal\u00e1dter\u00e1pi\u00e1s k\u00e9pz\u00e9s indul a Ment\u00e1lhigi\u00e9n\u00e9 Int\u00e9zetben<br \/>\n<strong>13. oldal<\/strong><br \/>\n H\u00fasz \u00e9ves az orvosbiol\u00f3giai m\u00e9rn\u00f6kk\u00e9pz\u00e9s Magyarorsz\u00e1gon<br \/>\n<strong>14. oldal<\/strong><br \/>\n Orsz\u00e1gos projektet ind\u00edt a sz\u00edvinfarktusok megel\u0151z\u00e9s\u00e9\u00e9rt a Sz\u00edv- \u00e9s \u00c9rgy\u00f3gy\u00e1szati Klinika kutat\u00f3csoportja<br \/>\n<strong>15. oldal<\/strong><br \/>\n A B\u0151rgy\u00f3gy\u00e1szati Klinika programja nyerte a Beteg Eduk\u00e1ci\u00f3s Projektek verseny\u00e9t<br \/>\n<strong>16. oldal<\/strong><br \/>\n Eur\u00f3pai kongresszus a terhess\u00e9gi magas v\u00e9rnyom\u00e1sr\u00f3l<br \/>\n Nemzetk\u00f6zi csonttumor alapkurzus az Ortop\u00e9diai Klinika szervez\u00e9s\u00e9ben<br \/>\n<strong>17. oldal<\/strong><br \/>\n Tudom\u00e1nymetria a Kutat\u00f3i Szalonban<br \/>\n<strong>18. oldal<\/strong><br \/>\n \u00dajabb Semmelweises kutat\u00f3 alak\u00edthat Lend\u00fclet kutat\u00f3csoportot<br \/>\n Mobil Ebola K\u00f3rh\u00e1z \u2013 d\u00edjnyertes magyar p\u00e1ly\u00e1zat<br \/>\n<strong>19. oldal<\/strong><br \/>\nNews<br \/>\n<strong>20. oldal<\/strong><br \/>\n Zahl der Lehrpreise gestiegen<br \/>\n<strong>21. oldal<\/strong><br \/>\n Kutat\u00f3k \u00c9jszak\u00e1ja tizedszer a Semmelweis Egyetemen is<br \/>\n<strong>22. oldal<\/strong><br \/>\n Az \u00f6tven \u00e9ve v\u00e9gzetteket k\u00f6sz\u00f6nt\u00f6tt\u00e9k a Fogorvostudom\u00e1nyi Karon<br \/>\n<strong>23. oldal<\/strong><br \/>\n Sz\u00e1z gy\u00f3gyszer\u00e9sz vehette \u00e1t jubileumi d\u00edszoklevel\u00e9t<br \/>\n<strong>24. oldal<\/strong><br \/>\n Bar\u00e1ti K\u00f6r: Itt van az \u0151sz, itt van \u00fajra<br \/>\n <strong>25. oldal<\/strong><br \/>\n Labirintusok \u00e9s h\u00e1l\u00f3zatok \u2013 Kov\u00e1ts Albert festm\u00e9nyei a Semmelweis Szalonban<strong><br \/>\n26. oldal<\/strong><br \/>\n Nagyrabecs\u00fcl\u00e9ssel \u00e9s szeretettel eml\u00e9kez\u00fcnk dr. Sz\u00e9kely J\u00f3zsef professzorra<\/p>\n","protected":false},"excerpt":{"rendered":"<p><a href=\"https:\/\/semmelweis.hu\/ujsag\/files\/2015\/12\/xvi._evfolyam__7._szam_\u2013_2015._oktober_27.-2015-10-28.pdf\"><\/a> 4. oldal Besz\u00e1mol\u00f3 a szen\u00e1tus szeptemberi \u00fcl\u00e9s\u00e9r\u0151l Egys\u00e9ges irat- \u00e9s dokumentumkezel\u0151 rendszert vezetnek be az egyetemen 5. oldal Dr. Bagdy Gy\u00f6rgy: A tudom\u00e1nyos kutat\u00e1s t\u00f6bb, mint koron\u00e1nk legszebb gy\u00e9m\u00e1ntja 6. oldal Dr. Hermann P\u00e9ter: Egys\u00e9ges\u00edteni kell a tanulm\u00e1nyi \u00e9s szoci\u00e1lis \u00fcgyek kezel\u00e9s\u00e9t 7. oldal Dr. Gerber G\u00e1bor: Az egyetem oktat\u00f3g\u00e1rd\u00e1ja adja a hazai fogorvosk\u00e9pz\u00e9s gerinc\u00e9t &hellip;<\/p>\n","protected":false},"author":158,"featured_media":395,"comment_status":"closed","ping_status":"closed","sticky":false,"template":"","format":"standard","meta":{"_acf_changed":false,"footnotes":""},"categories":[6],"tags":[],"class_list":["post-172","post","type-post","status-publish","format-standard","has-post-thumbnail","hentry","category-6"],"acf":[],"_links":{"self":[{"href":"https:\/\/semmelweis.hu\/ujsag\/wp-json\/wp\/v2\/posts\/172","targetHints":{"allow":["GET"]}}],"collection":[{"href":"https:\/\/semmelweis.hu\/ujsag\/wp-json\/wp\/v2\/posts"}],"about":[{"href":"https:\/\/semmelweis.hu\/ujsag\/wp-json\/wp\/v2\/types\/post"}],"author":[{"embeddable":true,"href":"https:\/\/semmelweis.hu\/ujsag\/wp-json\/wp\/v2\/users\/158"}],"replies":[{"embeddable":true,"href":"https:\/\/semmelweis.hu\/ujsag\/wp-json\/wp\/v2\/comments?post=172"}],"version-history":[{"count":5,"href":"https:\/\/semmelweis.hu\/ujsag\/wp-json\/wp\/v2\/posts\/172\/revisions"}],"predecessor-version":[{"id":5129,"href":"https:\/\/semmelweis.hu\/ujsag\/wp-json\/wp\/v2\/posts\/172\/revisions\/5129"}],"wp:featuredmedia":[{"embeddable":true,"href":"https:\/\/semmelweis.hu\/ujsag\/wp-json\/wp\/v2\/media\/395"}],"wp:attachment":[{"href":"https:\/\/semmelweis.hu\/ujsag\/wp-json\/wp\/v2\/media?parent=172"}],"wp:term":[{"taxonomy":"category","embeddable":true,"href":"https:\/\/semmelweis.hu\/ujsag\/wp-json\/wp\/v2\/categories?post=172"},{"taxonomy":"post_tag","embeddable":true,"href":"https:\/\/semmelweis.hu\/ujsag\/wp-json\/wp\/v2\/tags?post=172"}],"curies":[{"name":"wp","href":"https:\/\/api.w.org\/{rel}","templated":true}]}}