{"id":171,"date":"2015-09-29T00:00:00","date_gmt":"2015-09-28T22:00:00","guid":{"rendered":"http:\/\/semmelweis.hu\/ujsag\/xvi_evfolyam_6_szam_2015_szeptember_29_folyoirat\/"},"modified":"2017-12-20T13:07:34","modified_gmt":"2017-12-20T12:07:34","slug":"xvi_evfolyam_6_szam_2015_szeptember_29_folyoirat","status":"publish","type":"post","link":"https:\/\/semmelweis.hu\/ujsag\/2015\/09\/29\/xvi_evfolyam_6_szam_2015_szeptember_29_folyoirat\/","title":{"rendered":"Semmelweis Egyetem \u2013 XVI. \u00e9vfolyam, 6. sz\u00e1m \u2013 2015. szeptember 29."},"content":{"rendered":"<p><a href=\"https:\/\/semmelweis.hu\/ujsag\/files\/2015\/12\/xvi._evfolyam__6._szam_\u2013_2015._szeptember_29.-2015-09-23.pdf\"><img loading=\"lazy\" decoding=\"async\" class=\"size-full wp-image-394 alignright\" src=\"https:\/\/semmelweis.hu\/ujsag\/files\/2015\/12\/319.jpg\" alt=\"319\" width=\"200\" height=\"282\" \/><\/a> <strong>4. oldal<\/strong><br \/>\nDr. Sz\u00e9l \u00c1goston: Az alkot\u00e1s \u00e9s az \u00e9p\u00edtkez\u00e9s a m\u00e1sodik rektori ciklus f\u0151 c\u00e9lja<br \/>\n <strong>5-7. oldal<\/strong><br \/>\n Tan\u00e9vnyit\u00f3: A talentumokat nem meg\u0151rz\u00e9sre kapjuk<br \/>\n <strong> 8. oldal<\/strong><br \/>\n \u00c1llami \u00e9s szakmai elismer\u00e9sek a Semmelweis Egyetem munkat\u00e1rsainak \u2013 Dr. Sz\u00e9l \u00c1goston Semmelweis-d\u00edjas<br \/>\n <strong>9. oldal<\/strong><br \/>\n Tov\u00e1bb emelkedtek a ponthat\u00e1rok az egyetem legn\u00e9pszer\u0171bb k\u00e9pz\u00e9sein<br \/>\n<strong>10. oldal<\/strong><br \/>\n Megeml\u00e9kez\u00e9s Semmelweis Ign\u00e1c hal\u00e1l\u00e1nak 150. \u00e9vfordul\u00f3j\u00e1n<br \/>\n<strong>11. oldal<\/strong><br \/>\n Dr. N\u00e9meth J\u00e1nos: K\u00e9t klinik\u00e1t egyes\u00edtett\u00fcnk, a feladat j\u00f3l siker\u00fclt<br \/>\n<strong>12. oldal<\/strong><br \/>\n Az oktat\u00f3k, a kutat\u00f3k \u00e9s a betegell\u00e1t\u00e1s ter\u00fclet\u00e9n dolgoz\u00f3k meghat\u00e1roz\u00f3 er\u0151forr\u00e1sai az egyetemnek<br \/>\n <strong> 13. oldal<\/strong><br \/>\n Az orsz\u00e1g legjobb szakembereivel dolgozunk \u2013 Kov\u00e1cs R\u00f3bert, a Semmelweis Kft. \u00faj \u00fcgyvezet\u0151 igazgat\u00f3ja<br \/>\n <strong>14. oldal<\/strong><br \/>\n Er\u0151s az egyetemi mili\u0151 vonz\u00e1sa \u2013 Dr. Tordai Attila, a K\u00f3r\u00e9lettani Int\u00e9zet \u00faj igazgat\u00f3ja<br \/>\n<strong>15. oldal<\/strong><br \/>\n K\u00f6z\u00f6s \u00fcnnep a Laborat\u00f3riumi Medicina Int\u00e9zetben. 30 \u00e9ves I. Sz. Gyermekgy\u00f3gy\u00e1szati Klinika Gyermekdial\u00edzis K\u00f6zpontja<br \/>\n <strong>16. oldal<\/strong><br \/>\n A f\u00e9ny szerep\u00e9re h\u00edvt\u00e1k fel a figyelmet a Magyar Biofizikai T\u00e1rsas\u00e1g kongresszus\u00e1n<br \/>\nA legjobb szakemberekt\u0151l tanulhattak az ultrahang kongresszuson<br \/>\n<strong>17. oldal<\/strong><br \/>\n Digit\u00e1lis patol\u00f3gia a szakemberhi\u00e1ny enyh\u00edt\u00e9s\u00e9\u00e9rt<br \/>\nNemzetk\u00f6zi igazs\u00e1g\u00fcgyi orvostani kongresszus a Semmelweis Egyetemen<br \/>\n<strong>18. oldal<\/strong><br \/>\nSz\u00e9khelyen k\u00edv\u00fcli k\u00e9pz\u00e9sr\u0151l kezdett t\u00e1rgyal\u00e1sokat az egyetem Azerbajdzs\u00e1nnal<br \/>\n<strong>19. oldal<\/strong><br \/>\nNews<br \/>\n<strong>20. oldal<\/strong><br \/>\n Quartett komplett: Vierter Studienjahrgang erh\u00e4lt Abschluss-Diplome in Berlin<br \/>\n<strong>21-23. oldal<\/strong><br \/>\nDiplomaoszt\u00f3 \u00fcnneps\u00e9gek az egyetemen<br \/>\n<strong>24. oldal<\/strong><br \/>\nNy\u00e1ri egyetemek \u00e9s k\u00e9pz\u00e9sek<br \/>\n<strong>25. oldal<\/strong><br \/>\n T\u00f6bb mint f\u00e9lezren voltak az egyetemi g\u00f3lyat\u00e1borban<br \/>\n<strong>26. oldal<\/strong><br \/>\n Akinek mindig a tan\u00edt\u00e1s volt az els\u0151 \u2013 Dr. T\u00f6mb\u00f6l Ter\u00e9zre eml\u00e9keztek<\/p>\n","protected":false},"excerpt":{"rendered":"<p><a href=\"https:\/\/semmelweis.hu\/ujsag\/files\/2015\/12\/xvi._evfolyam__6._szam_\u2013_2015._szeptember_29.-2015-09-23.pdf\"><\/a> 4. oldal Dr. Sz\u00e9l \u00c1goston: Az alkot\u00e1s \u00e9s az \u00e9p\u00edtkez\u00e9s a m\u00e1sodik rektori ciklus f\u0151 c\u00e9lja 5-7. oldal Tan\u00e9vnyit\u00f3: A talentumokat nem meg\u0151rz\u00e9sre kapjuk 8. oldal \u00c1llami \u00e9s szakmai elismer\u00e9sek a Semmelweis Egyetem munkat\u00e1rsainak \u2013 Dr. Sz\u00e9l \u00c1goston Semmelweis-d\u00edjas 9. oldal Tov\u00e1bb emelkedtek a ponthat\u00e1rok az egyetem legn\u00e9pszer\u0171bb k\u00e9pz\u00e9sein 10. oldal Megeml\u00e9kez\u00e9s Semmelweis Ign\u00e1c hal\u00e1l\u00e1nak &hellip;<\/p>\n","protected":false},"author":158,"featured_media":394,"comment_status":"closed","ping_status":"closed","sticky":false,"template":"","format":"standard","meta":{"_acf_changed":false,"footnotes":""},"categories":[6],"tags":[],"class_list":["post-171","post","type-post","status-publish","format-standard","has-post-thumbnail","hentry","category-6"],"acf":[],"_links":{"self":[{"href":"https:\/\/semmelweis.hu\/ujsag\/wp-json\/wp\/v2\/posts\/171","targetHints":{"allow":["GET"]}}],"collection":[{"href":"https:\/\/semmelweis.hu\/ujsag\/wp-json\/wp\/v2\/posts"}],"about":[{"href":"https:\/\/semmelweis.hu\/ujsag\/wp-json\/wp\/v2\/types\/post"}],"author":[{"embeddable":true,"href":"https:\/\/semmelweis.hu\/ujsag\/wp-json\/wp\/v2\/users\/158"}],"replies":[{"embeddable":true,"href":"https:\/\/semmelweis.hu\/ujsag\/wp-json\/wp\/v2\/comments?post=171"}],"version-history":[{"count":5,"href":"https:\/\/semmelweis.hu\/ujsag\/wp-json\/wp\/v2\/posts\/171\/revisions"}],"predecessor-version":[{"id":5131,"href":"https:\/\/semmelweis.hu\/ujsag\/wp-json\/wp\/v2\/posts\/171\/revisions\/5131"}],"wp:featuredmedia":[{"embeddable":true,"href":"https:\/\/semmelweis.hu\/ujsag\/wp-json\/wp\/v2\/media\/394"}],"wp:attachment":[{"href":"https:\/\/semmelweis.hu\/ujsag\/wp-json\/wp\/v2\/media?parent=171"}],"wp:term":[{"taxonomy":"category","embeddable":true,"href":"https:\/\/semmelweis.hu\/ujsag\/wp-json\/wp\/v2\/categories?post=171"},{"taxonomy":"post_tag","embeddable":true,"href":"https:\/\/semmelweis.hu\/ujsag\/wp-json\/wp\/v2\/tags?post=171"}],"curies":[{"name":"wp","href":"https:\/\/api.w.org\/{rel}","templated":true}]}}