{"id":170,"date":"2015-07-07T00:00:00","date_gmt":"2015-07-06T22:00:00","guid":{"rendered":"http:\/\/semmelweis.hu\/ujsag\/xvi_evfolyam_5_szam_2015_julius_7_folyoirat\/"},"modified":"2017-12-20T13:14:55","modified_gmt":"2017-12-20T12:14:55","slug":"xvi_evfolyam_5_szam_2015_julius_7_folyoirat","status":"publish","type":"post","link":"https:\/\/semmelweis.hu\/ujsag\/2015\/07\/07\/xvi_evfolyam_5_szam_2015_julius_7_folyoirat\/","title":{"rendered":"Semmelweis Egyetem \u2013 XVI. \u00e9vfolyam, 5. sz\u00e1m \u2013 2015. j\u00falius 7."},"content":{"rendered":"<p><a href=\"https:\/\/semmelweis.hu\/ujsag\/files\/2015\/12\/xvi._evfolyam__5._szam_\u2013_2015._julius_7.-2015-07-07.pdf\"><img loading=\"lazy\" decoding=\"async\" class=\"size-full wp-image-393 alignright\" src=\"https:\/\/semmelweis.hu\/ujsag\/files\/2015\/12\/299.jpg\" alt=\"299\" width=\"200\" height=\"282\" \/><\/a><strong>4. oldal<\/strong><br \/>\n\u00c1tvette rektori kinevez\u00e9s\u00e9t dr. Sz\u00e9l \u00c1goston<br \/>\n<strong>5-7. oldal<\/strong><br \/>\n Semmelweis Nap<br \/>\n<strong>8-9. oldal<\/strong><br \/>\n Elismer\u00e9sek az egyetem munkat\u00e1rsainak<br \/>\n<strong>10. oldal<\/strong><br \/>\n Dr. Borb\u00e9lyn\u00e9 Balogh Zsuzsanna: Nem minden v\u00e1ltoz\u00e1s rossz<br \/>\n<strong>11. oldal<\/strong><br \/>\n Boros Andr\u00e1s szolg\u00e1ltat\u00f3 szeml\u00e9let\u0171 M\u0171szaki F\u0151igazgat\u00f3s\u00e1got szeretne m\u0171k\u00f6dtetni<br \/>\n<strong>12. oldal<\/strong><br \/>\n Eddig egys\u00e9ges fel\u00fcgyelet n\u00e9lk\u00fcli ter\u00fcletek gazd\u00e1ja lett az \u00faj Int\u00e9zm\u00e9nyfel\u00fcgyeleti Igazgat\u00f3s\u00e1g<br \/>\n A versenyk\u00e9pess\u00e9g tov\u00e1bbfejleszt\u00e9s\u00e9nek egyik kulcsa az innov\u00e1ci\u00f3 el\u0151seg\u00edt\u00e9se<br \/>\n<strong>13. oldal<\/strong><br \/>\n Dr. Pop Marcel: Fontos a nemzetk\u00f6zi l\u00e1that\u00f3s\u00e1g<br \/>\nRiesz Istv\u00e1nn\u00e9: A jobb\u00edt\u00e1s sz\u00e1nd\u00e9k\u00e1val v\u00e9gezz\u00fck az ellen\u0151rz\u00e9seket<br \/>\n<strong>14. oldal<\/strong> <br \/>\n Dr. Valent S\u00e1ndor: K\u00f6z\u00f6sen kell keresni a megold\u00e1sokat. V\u00e9d\u0151n\u0151k Napja a NET-ben<br \/>\n<strong>15. oldal<\/strong><br \/>\nT\u00f6bb sz\u00e1z \u00faj m\u0171szer az egyetem korasz\u00fcl\u00f6tt oszt\u00e1lyainak<br \/>\n K\u00e9pz\u00e9st tartottak a v\u00e9rsz\u00e1ll\u00edt\u00f3 aut\u00f3k vezet\u0151inek<br \/>\n<strong>16. oldal<\/strong><br \/>\n \u00daj szolg\u00e1ltat\u00e1s: ingyenes szem\u00e9lyes szakmai honlapot ig\u00e9nyelhetnek a Semmelweis Egyetem munkat\u00e1rsai<br \/>\n<strong>17. oldal<\/strong><br \/>\n Tudom\u00e1nyos tan\u00e1csad\u00f3i kinevez\u00e9st vehetett \u00e1t Farkas Bertalan<br \/>\nK\u00e9palkot\u00f3 k\u00f6zponttal b\u0151v\u00fcl a Bionikai Innov\u00e1ci\u00f3s K\u00f6zpont<br \/>\n<strong>18. oldal<\/strong><br \/>\n XIII. Semmelweis-Freiburg-Heidelberg Szimp\u00f3zium a Semmelweis Egyetemen<br \/>\n<strong>19. oldal<\/strong><br \/>\n B\u0151rgy\u00f3gy\u00e1szati t\u00e9m\u00e1k a m\u00e1jusi Kutat\u00f3i Szalonban<br \/>\n Kihirdett\u00e9k a nyertes rektori p\u00e1lyamunk\u00e1kat<br \/>\n<strong>20. oldal<\/strong><br \/>\n Aki megval\u00f3s\u00edtotta a gy\u00f3gyszerkutat\u00f3k \u00e1lm\u00e1t \u2013 90 \u00e9ves dr. Knoll J\u00f3zsef<br \/>\n<strong>21. oldal<\/strong><br \/>\n Gelungener Berufseinstieg<br \/>\n<strong>22. oldal<\/strong><br \/>\nNews<br \/>\n<strong>23. oldal<\/strong><br \/>\n Hatodszor v\u00e1lasztott\u00e1k ki a Semmelweis Egyetem Borait<br \/>\n<strong>24. oldal<\/strong><br \/>\n Semmelweis-eml\u00e9k\u00e9v k\u00e9pz\u0151m\u0171v\u00e9szeti p\u00e1ly\u00e1zat: n\u00e9gy alkot\u00e1s nyert<br \/>\n<strong>25. oldal<\/strong><br \/>\n Bar\u00e1ti K\u00f6r: Diagnosztika \u00e9s szolg\u00e1lat<br \/>\n<strong> 26. oldal<\/strong><br \/>\n Elhunyt dr. Hut\u00e1s Imre, a Pulmonol\u00f3giai Klinika egykori igazgat\u00f3ja<br \/>\n Dr. Kany\u00e1r B\u00e9l\u00e1ra, a Sug\u00e1rv\u00e9delmi Szolg\u00e1lat egykori vezet\u0151j\u00e9re eml\u00e9kez\u00fcnk<strong><br \/>\n<\/strong><\/p>\n","protected":false},"excerpt":{"rendered":"<p><a href=\"https:\/\/semmelweis.hu\/ujsag\/files\/2015\/12\/xvi._evfolyam__5._szam_\u2013_2015._julius_7.-2015-07-07.pdf\"><\/a> 4. oldal \u00c1tvette rektori kinevez\u00e9s\u00e9t dr. Sz\u00e9l \u00c1goston 5-7. oldal Semmelweis Nap 8-9. oldal Elismer\u00e9sek az egyetem munkat\u00e1rsainak 10. oldal Dr. Borb\u00e9lyn\u00e9 Balogh Zsuzsanna: Nem minden v\u00e1ltoz\u00e1s rossz 11. oldal Boros Andr\u00e1s szolg\u00e1ltat\u00f3 szeml\u00e9let\u0171 M\u0171szaki F\u0151igazgat\u00f3s\u00e1got szeretne m\u0171k\u00f6dtetni 12. oldal Eddig egys\u00e9ges fel\u00fcgyelet n\u00e9lk\u00fcli ter\u00fcletek gazd\u00e1ja lett az \u00faj Int\u00e9zm\u00e9nyfel\u00fcgyeleti Igazgat\u00f3s\u00e1g A versenyk\u00e9pess\u00e9g tov\u00e1bbfejleszt\u00e9s\u00e9nek egyik &hellip;<\/p>\n","protected":false},"author":158,"featured_media":393,"comment_status":"closed","ping_status":"closed","sticky":false,"template":"","format":"standard","meta":{"_acf_changed":false,"footnotes":""},"categories":[6],"tags":[],"class_list":["post-170","post","type-post","status-publish","format-standard","has-post-thumbnail","hentry","category-6"],"acf":[],"_links":{"self":[{"href":"https:\/\/semmelweis.hu\/ujsag\/wp-json\/wp\/v2\/posts\/170","targetHints":{"allow":["GET"]}}],"collection":[{"href":"https:\/\/semmelweis.hu\/ujsag\/wp-json\/wp\/v2\/posts"}],"about":[{"href":"https:\/\/semmelweis.hu\/ujsag\/wp-json\/wp\/v2\/types\/post"}],"author":[{"embeddable":true,"href":"https:\/\/semmelweis.hu\/ujsag\/wp-json\/wp\/v2\/users\/158"}],"replies":[{"embeddable":true,"href":"https:\/\/semmelweis.hu\/ujsag\/wp-json\/wp\/v2\/comments?post=170"}],"version-history":[{"count":5,"href":"https:\/\/semmelweis.hu\/ujsag\/wp-json\/wp\/v2\/posts\/170\/revisions"}],"predecessor-version":[{"id":5133,"href":"https:\/\/semmelweis.hu\/ujsag\/wp-json\/wp\/v2\/posts\/170\/revisions\/5133"}],"wp:featuredmedia":[{"embeddable":true,"href":"https:\/\/semmelweis.hu\/ujsag\/wp-json\/wp\/v2\/media\/393"}],"wp:attachment":[{"href":"https:\/\/semmelweis.hu\/ujsag\/wp-json\/wp\/v2\/media?parent=170"}],"wp:term":[{"taxonomy":"category","embeddable":true,"href":"https:\/\/semmelweis.hu\/ujsag\/wp-json\/wp\/v2\/categories?post=170"},{"taxonomy":"post_tag","embeddable":true,"href":"https:\/\/semmelweis.hu\/ujsag\/wp-json\/wp\/v2\/tags?post=170"}],"curies":[{"name":"wp","href":"https:\/\/api.w.org\/{rel}","templated":true}]}}