{"id":169,"date":"2015-05-26T00:00:00","date_gmt":"2015-05-25T22:00:00","guid":{"rendered":"http:\/\/semmelweis.hu\/ujsag\/xvi_evfolyam_4_szam_2015_majus_26_folyoirat\/"},"modified":"2017-12-20T13:26:58","modified_gmt":"2017-12-20T12:26:58","slug":"xvi_evfolyam_4_szam_2015_majus_26_folyoirat","status":"publish","type":"post","link":"https:\/\/semmelweis.hu\/ujsag\/2015\/05\/26\/xvi_evfolyam_4_szam_2015_majus_26_folyoirat\/","title":{"rendered":"Semmelweis Egyetem \u2013 XVI. \u00e9vfolyam, 4. sz\u00e1m \u2013 2015. m\u00e1jus 26."},"content":{"rendered":"<p><a href=\"https:\/\/semmelweis.hu\/ujsag\/files\/2015\/12\/xvi._evfolyam__4._szam_\u2013_2015._majus_26.-2015-05-20.pdf\"><img loading=\"lazy\" decoding=\"async\" class=\"size-full wp-image-392 alignright\" src=\"https:\/\/semmelweis.hu\/ujsag\/files\/2015\/12\/296.jpg\" alt=\"296\" width=\"200\" height=\"282\" \/><\/a><strong>4. oldal<\/strong><br \/>\n\u00daj QS tematikus egyetemi vil\u00e1grangsor: a Semmelweis az els\u0151 150 k\u00f6z\u00f6tt<br \/>\n <strong>5. oldal<\/strong><br \/>\n Konszenzusos d\u00f6nt\u00e9s sz\u00fcletett az augusztusi vizsg\u00e1k \u00fcgy\u00e9ben<br \/>\n<strong>6. oldal<\/strong><br \/>\n A Semmelweis Eg\u00e9szs\u00e9g\u00fcgyi Kft.-be olvad a Kutat\u00e1sfejleszt\u00e9si Kft.<br \/>\n<strong>7. oldal<\/strong><br \/>\n Fel\u00faj\u00edtott\u00e1k a II. Sz. Sz\u00fcl\u00e9szeti \u00e9s N\u0151gy\u00f3gy\u00e1szati Klinik\u00e1t<br \/>\n<strong>8. oldal<\/strong><br \/>\n Egynapos oszt\u00e1lyt adtak \u00e1t a II. Sz. Gyermekgy\u00f3gy\u00e1szati Klinik\u00e1n<br \/>\n<strong>9. oldal<\/strong><br \/>\n 125 \u00e9ve sz\u00fcletett dr. Mozsonyi S\u00e1ndor, a GYTK alap\u00edt\u00f3ja<br \/>\n<strong>10. oldal<\/strong><br \/>\n Hetven\u00e9ves a Szent-Gy\u00f6rgyi Albert \u00e1ltal alap\u00edtott Orvosi Biok\u00e9miai Int\u00e9zet<br \/>\n<strong>11. oldal<\/strong><br \/>\n A bionika jelene \u00e9s j\u00f6v\u0151je a Kutat\u00f3i Szalonban<br \/>\n<strong>12. oldal<\/strong><br \/>\n COHEHRE 2015: nemzetk\u00f6zi konferencia az ETK-n az eg\u00e9szs\u00e9g\u00fcgy fenntarthat\u00f3s\u00e1g\u00e1r\u00f3l<br \/>\n<strong>13. oldal<\/strong><br \/>\n A Magyar Tehets\u00e9g Nagyk\u00f6vete lett dr. Falus Andr\u00e1s Jancs\u00f3 Mikl\u00f3s Eml\u00e9k\u00e9rmet kapott dr. R\u00e9thelyi Mikl\u00f3s<br \/>\n<strong>14. oldal<\/strong><br \/>\n Dr. S\u00fcveges Ildik\u00f3 rektori oklevelet adott \u00e1t az erlangeni egyetem professzor\u00e1nak K\u00f6z\u00f6s szimp\u00f3ziumot tartott a Semmelweis \u00e9s az Oxfordi Egyetem<br \/>\n<strong>15. oldal<\/strong><br \/>\n Dr. Tory K\u00e1lm\u00e1n \u00f6n\u00e1ll\u00f3 kutat\u00f3csoportot ind\u00edthat a Lend\u00fclet program keret\u00e9ben<br \/>\n<strong>16. oldal<\/strong><br \/>\n Tour de B\u00f3kay 2. \u2013 t\u00f6bb mint f\u00e9lezren tekertek az I. Sz. Gyermekgy\u00f3gy\u00e1szati Klinik\u00e1\u00e9rt Ism\u00e9t adom\u00e1nyozott a 2010-es \u00c1OK \u00e9vfolyam<br \/>\n <strong>17. oldal<\/strong><br \/>\n Kerpel Tehets\u00e9gnap nyolcadszor<br \/>\n<strong>18. oldal<\/strong><br \/>\n Nemzetk\u00f6zi k\u0151seb\u00e9szeti workshop az Urol\u00f3giai Klinika szervez\u00e9s\u00e9ben XVI. Szkizofr\u00e9nia Akad\u00e9mia: a pszichi\u00e1triai betegek akut ell\u00e1t\u00e1sa \u00e9s rehabilit\u00e1ci\u00f3ja<br \/>\n<strong>19. oldal<\/strong><br \/>\n Csont-, \u00edz\u00fcleti daganatok \u00e9s daganatszer\u0171 elv\u00e1ltoz\u00e1sok \u2013 k\u00f6nyvbemutat\u00f3 az Ortop\u00e9diai Klinik\u00e1n Semmelweis \u00f6r\u00f6ks\u00e9g\u00e9t tov\u00e1bbvinni \u2013 K\u00e9zhigi\u00e9n\u00e9s Vil\u00e1gnap az Eg\u00e9szs\u00e9gtudom\u00e1nyi Karon<br \/>\n <strong>20. oldal<\/strong><br \/>\n Professioneller Career Service am Asklepios Campus Hamburg<br \/>\n<strong>21. oldal<\/strong><br \/>\n Rezs\u0151snek lenni, mindig er\u0151s kapocs \u2013 50 \u00e9ves a Markusovszky Koll\u00e9gium<br \/>\n<strong>22. oldal<\/strong><br \/>\n Az idegtudom\u00e1nyok, a big data \u00e9s a robotika ter\u00fclet\u00e9n is egy\u00fcttm\u0171k\u00f6dhet a Semmelweis a hongkongi egyetemmel<br \/>\n\u00c1tadt\u00e1k az OPAI fejleszt\u00e9seit<br \/>\n<strong>23. oldal<\/strong><br \/>\nNews<br \/>\n<strong>24. oldal<\/strong><br \/>\n Esterh\u00e1zy Miksa-d\u00edjat kapott dr. Kokas P\u00e9ter<br \/>\nK\u00f6zel \u00f6tsz\u00e1z hallgat\u00f3 vett r\u00e9szt az egyetemi sportnapon<br \/>\n <strong>25. oldal<\/strong><br \/>\n Bar\u00e1ti K\u00f6r: Admante notare<br \/>\n<strong> 26. oldal<\/strong><br \/>\n Semmelweis Szalon: A nagyb\u00e1nyai hagyom\u00e1ny k\u00e9pvisel\u0151je<\/p>\n","protected":false},"excerpt":{"rendered":"<p><a href=\"https:\/\/semmelweis.hu\/ujsag\/files\/2015\/12\/xvi._evfolyam__4._szam_\u2013_2015._majus_26.-2015-05-20.pdf\"><\/a> 4. oldal \u00daj QS tematikus egyetemi vil\u00e1grangsor: a Semmelweis az els\u0151 150 k\u00f6z\u00f6tt 5. oldal Konszenzusos d\u00f6nt\u00e9s sz\u00fcletett az augusztusi vizsg\u00e1k \u00fcgy\u00e9ben 6. oldal A Semmelweis Eg\u00e9szs\u00e9g\u00fcgyi Kft.-be olvad a Kutat\u00e1sfejleszt\u00e9si Kft. 7. oldal Fel\u00faj\u00edtott\u00e1k a II. Sz. Sz\u00fcl\u00e9szeti \u00e9s N\u0151gy\u00f3gy\u00e1szati Klinik\u00e1t 8. oldal Egynapos oszt\u00e1lyt adtak \u00e1t a II. Sz. Gyermekgy\u00f3gy\u00e1szati Klinik\u00e1n 9. oldal &hellip;<\/p>\n","protected":false},"author":158,"featured_media":392,"comment_status":"closed","ping_status":"closed","sticky":false,"template":"","format":"standard","meta":{"_acf_changed":false,"footnotes":""},"categories":[6],"tags":[],"class_list":["post-169","post","type-post","status-publish","format-standard","has-post-thumbnail","hentry","category-6"],"acf":[],"_links":{"self":[{"href":"https:\/\/semmelweis.hu\/ujsag\/wp-json\/wp\/v2\/posts\/169","targetHints":{"allow":["GET"]}}],"collection":[{"href":"https:\/\/semmelweis.hu\/ujsag\/wp-json\/wp\/v2\/posts"}],"about":[{"href":"https:\/\/semmelweis.hu\/ujsag\/wp-json\/wp\/v2\/types\/post"}],"author":[{"embeddable":true,"href":"https:\/\/semmelweis.hu\/ujsag\/wp-json\/wp\/v2\/users\/158"}],"replies":[{"embeddable":true,"href":"https:\/\/semmelweis.hu\/ujsag\/wp-json\/wp\/v2\/comments?post=169"}],"version-history":[{"count":5,"href":"https:\/\/semmelweis.hu\/ujsag\/wp-json\/wp\/v2\/posts\/169\/revisions"}],"predecessor-version":[{"id":5135,"href":"https:\/\/semmelweis.hu\/ujsag\/wp-json\/wp\/v2\/posts\/169\/revisions\/5135"}],"wp:featuredmedia":[{"embeddable":true,"href":"https:\/\/semmelweis.hu\/ujsag\/wp-json\/wp\/v2\/media\/392"}],"wp:attachment":[{"href":"https:\/\/semmelweis.hu\/ujsag\/wp-json\/wp\/v2\/media?parent=169"}],"wp:term":[{"taxonomy":"category","embeddable":true,"href":"https:\/\/semmelweis.hu\/ujsag\/wp-json\/wp\/v2\/categories?post=169"},{"taxonomy":"post_tag","embeddable":true,"href":"https:\/\/semmelweis.hu\/ujsag\/wp-json\/wp\/v2\/tags?post=169"}],"curies":[{"name":"wp","href":"https:\/\/api.w.org\/{rel}","templated":true}]}}