{"id":168,"date":"2015-04-28T00:00:00","date_gmt":"2015-04-27T22:00:00","guid":{"rendered":"http:\/\/semmelweis.hu\/ujsag\/xvi_evfolyam_3_szam_2015_aprilis_28_folyoirat\/"},"modified":"2017-12-20T15:15:16","modified_gmt":"2017-12-20T14:15:16","slug":"xvi_evfolyam_3_szam_2015_aprilis_28_folyoirat","status":"publish","type":"post","link":"https:\/\/semmelweis.hu\/ujsag\/2015\/04\/28\/xvi_evfolyam_3_szam_2015_aprilis_28_folyoirat\/","title":{"rendered":"Semmelweis Egyetem \u2013 XVI. \u00e9vfolyam, 3. sz\u00e1m \u2013 2015. \u00e1prilis 28."},"content":{"rendered":"<p><a href=\"https:\/\/semmelweis.hu\/ujsag\/files\/2017\/12\/xvi._evfolyam__3._szam_\u2013_2015._aprilis_28.-2015-04-28.pdf\" target=\"_blank\" rel=\"noopener\"><img loading=\"lazy\" decoding=\"async\" class=\"alignright wp-image-391 size-full\" src=\"https:\/\/semmelweis.hu\/ujsag\/files\/2015\/12\/288.jpg\" alt=\"288\" width=\"200\" height=\"282\" \/><\/a><strong>4. oldal<\/strong><br \/>\n Dr. Sz\u00e9l \u00c1goston: Lend\u00fclet, egyens\u00faly, fejl\u0151d\u00e9s a rektori program h\u00e1rom kulcsszava<br \/>\n <strong>5. oldal<\/strong><br \/>\n Letett\u00e9k a Bionikai Innov\u00e1ci\u00f3s K\u00f6zpont alapk\u00f6v\u00e9t<br \/>\n <strong>6. oldal<\/strong><br \/>\n Dr. Ligeti Erzs\u00e9bet: A kutat\u00e1sban els\u0151dleges az alkot\u00f3i fant\u00e1zia ki\u00e9l\u00e9se<br \/>\n <strong>7. oldal<\/strong><br \/>\n 500 milli\u00f3 forintot nyert az egyetem a szakt\u00e1rca strukt\u00fara\u00e1talak\u00edt\u00e1si p\u00e1ly\u00e1zat\u00e1n<br \/>\n \u00c9v orvosa p\u00e1ly\u00e1zatnyertesek az egyetemr\u0151l<br \/>\n <strong>8. oldal<\/strong><br \/>\n 20 \u00e9ves a hazai m\u00e1jtranszplant\u00e1ci\u00f3 \u2013 jubileumi \u00fcl\u00e9s a Transzplant\u00e1ci\u00f3s \u00e9s Seb\u00e9szeti Klinik\u00e1n<br \/>\n <strong>9. oldal<\/strong><br \/>\n A b\u00e9csi t\u00fcd\u0151transzplant\u00e1ci\u00f3s program 25 \u00e9ves \u00e9vfordul\u00f3j\u00e1t \u00fcnnepelt\u00e9k <br \/>\n <strong>10. oldal<\/strong><br \/>\n A D\u00e9l-Kazahszt\u00e1ni \u00c1llami Gy\u00f3gyszer\u00e9szeti Akad\u00e9mia vezet\u0151je l\u00e1togatott a Semmelweis Egyetemre <br \/>\n <strong>11. oldal<\/strong><br \/>\n Egy\u00fcttm\u0171k\u00f6d\u00e9si meg\u00e1llapod\u00e1st \u00edrt al\u00e1 a Semmelweis Egyetem \u00e9s a GE Healthcare<br \/>\n <strong>12. oldal<\/strong><br \/>\n Az \u00f6t\u00e9ves EKK eredm\u00e9nyeit mutatt\u00e1k be a Kutat\u00f3i Szalonban<br \/>\n <strong>13. oldal<\/strong><br \/>\n Halad\u00f3 taktikai orvosi ell\u00e1t\u00e1s kurzus \u2013 bemutat\u00f3val<br \/>\n <strong>14-15. oldal<\/strong><br \/>\n A Semmelweis Egyetem adott otthont a XXXII. OTDK Orvos- \u00e9s Eg\u00e9szs\u00e9gtudom\u00e1nyi Szekci\u00f3j\u00e1nak<br \/>\n <strong>16. oldal<\/strong><br \/>\n PhD Tudom\u00e1nyos Napok<br \/>\n <strong>17. oldal<\/strong><br \/>\n Vil\u00e1gh\u00edr\u0171 seb\u00e9sz tartott bemutat\u00f3 m\u0171t\u00e9tet a Mellkasseb\u00e9szeti Klinik\u00e1n<br \/>\n <strong>18. oldal<\/strong><br \/>\n SIASTOK: intenz\u00edv ter\u00e1pi\u00e1s, aneszteziol\u00f3giai \u00e9s s\u00fcrg\u0151ss\u00e9gi tov\u00e1bbk\u00e9pz\u00e9s hatodszor<br \/>\n <strong>19. oldal<\/strong><br \/>\n F\u00f3kuszban a betegbiztons\u00e1g \u2013 konferencia az I. Sz. Seb\u00e9szeti Klinika t\u00e1rsszervez\u00e9s\u00e9ben<br \/>\n <strong>20. oldal<\/strong><br \/>\n \u00c9l\u0151 k\u00f6zvet\u00edt\u00e9ssel mutattak be \u00faj fejleszt\u00e9seket a Szem\u00e9szeti Klinik\u00e1n<br \/>\n Eg\u00e9szs\u00e9ges sz\u00e1j napja \u00e9s rekord\u00e1ll\u00edt\u00e1s<br \/>\n <strong>21. oldal<\/strong><br \/>\n Bewerbung am ACH: Neue Zust\u00e4ndigkeiten, neues Verfahren, neue Mitarbeiterin<br \/>\n <strong>22. oldal<\/strong><br \/>\n The Art of Scientific Writing <br \/>\n <strong>23. oldal<\/strong><br \/>\n Bar\u00e1ti K\u00f6r: K\u00f6z\u00f6s mesterk\u00e9pz\u00e9s, tisztelg\u00e9s \u00e9s eml\u00e9kezet <br \/>\n <strong>24. oldal<\/strong><br \/>\n E-Galeri: elektronikus zenem\u0171v\u00e9szeti m\u0171hely indult az egyetemen<br \/>\n Semmelweis Karnev\u00e1l: m\u00e1sf\u00e9l ezer hallgat\u00f3 t\u00f6bb mint h\u00fasz orsz\u00e1gb\u00f3l<br \/>\n <strong>25. oldal<\/strong><br \/>\n Medikus Kupa: \u00f6sszetett 3. helyen v\u00e9gzett a Semmelweis Egyetem Hetedik lett a Semmelweis Egyetem a III. Magyar Egyetemi \u00e9s F\u0151iskolai V\u00edzilabda-bajnoks\u00e1gon Semmelweises orvosok biztos\u00edtj\u00e1k az orvosi h\u00e1tteret a 2017-es vizes vb-hez<br \/>\n <strong>26. oldal<\/strong><br \/>\n Elhunyt dr. T\u00f6mb\u00f6l Ter\u00e9z\u00a0<\/p>\n","protected":false},"excerpt":{"rendered":"<p><a href=\"https:\/\/semmelweis.hu\/ujsag\/files\/2017\/12\/xvi._evfolyam__3._szam_\u2013_2015._aprilis_28.-2015-04-28.pdf\" target=\"_blank\" rel=\"noopener\"><\/a> 4. oldal Dr. Sz\u00e9l \u00c1goston: Lend\u00fclet, egyens\u00faly, fejl\u0151d\u00e9s a rektori program h\u00e1rom kulcsszava 5. oldal Letett\u00e9k a Bionikai Innov\u00e1ci\u00f3s K\u00f6zpont alapk\u00f6v\u00e9t 6. oldal Dr. Ligeti Erzs\u00e9bet: A kutat\u00e1sban els\u0151dleges az alkot\u00f3i fant\u00e1zia ki\u00e9l\u00e9se 7. oldal 500 milli\u00f3 forintot nyert az egyetem a szakt\u00e1rca strukt\u00fara\u00e1talak\u00edt\u00e1si p\u00e1ly\u00e1zat\u00e1n \u00c9v orvosa p\u00e1ly\u00e1zatnyertesek az egyetemr\u0151l 8. oldal 20 \u00e9ves a &hellip;<\/p>\n","protected":false},"author":158,"featured_media":391,"comment_status":"closed","ping_status":"closed","sticky":false,"template":"","format":"standard","meta":{"_acf_changed":false,"footnotes":""},"categories":[6],"tags":[],"class_list":["post-168","post","type-post","status-publish","format-standard","has-post-thumbnail","hentry","category-6"],"acf":[],"_links":{"self":[{"href":"https:\/\/semmelweis.hu\/ujsag\/wp-json\/wp\/v2\/posts\/168","targetHints":{"allow":["GET"]}}],"collection":[{"href":"https:\/\/semmelweis.hu\/ujsag\/wp-json\/wp\/v2\/posts"}],"about":[{"href":"https:\/\/semmelweis.hu\/ujsag\/wp-json\/wp\/v2\/types\/post"}],"author":[{"embeddable":true,"href":"https:\/\/semmelweis.hu\/ujsag\/wp-json\/wp\/v2\/users\/158"}],"replies":[{"embeddable":true,"href":"https:\/\/semmelweis.hu\/ujsag\/wp-json\/wp\/v2\/comments?post=168"}],"version-history":[{"count":5,"href":"https:\/\/semmelweis.hu\/ujsag\/wp-json\/wp\/v2\/posts\/168\/revisions"}],"predecessor-version":[{"id":5139,"href":"https:\/\/semmelweis.hu\/ujsag\/wp-json\/wp\/v2\/posts\/168\/revisions\/5139"}],"wp:featuredmedia":[{"embeddable":true,"href":"https:\/\/semmelweis.hu\/ujsag\/wp-json\/wp\/v2\/media\/391"}],"wp:attachment":[{"href":"https:\/\/semmelweis.hu\/ujsag\/wp-json\/wp\/v2\/media?parent=168"}],"wp:term":[{"taxonomy":"category","embeddable":true,"href":"https:\/\/semmelweis.hu\/ujsag\/wp-json\/wp\/v2\/categories?post=168"},{"taxonomy":"post_tag","embeddable":true,"href":"https:\/\/semmelweis.hu\/ujsag\/wp-json\/wp\/v2\/tags?post=168"}],"curies":[{"name":"wp","href":"https:\/\/api.w.org\/{rel}","templated":true}]}}