{"id":167,"date":"2015-03-31T00:00:00","date_gmt":"2015-03-30T22:00:00","guid":{"rendered":"http:\/\/semmelweis.hu\/ujsag\/xvi_evfolyam_2_szam_2015_marcius_31_folyoirat\/"},"modified":"2017-12-20T15:24:42","modified_gmt":"2017-12-20T14:24:42","slug":"xvi_evfolyam_2_szam_2015_marcius_31_folyoirat","status":"publish","type":"post","link":"https:\/\/semmelweis.hu\/ujsag\/2015\/03\/31\/xvi_evfolyam_2_szam_2015_marcius_31_folyoirat\/","title":{"rendered":"Semmelweis Egyetem \u2013 XVI. \u00e9vfolyam, 2. sz\u00e1m \u2013 2015. m\u00e1rcius 31."},"content":{"rendered":"<p><a href=\"https:\/\/semmelweis.hu\/ujsag\/files\/2015\/12\/xvi._evfolyam__2._szam_\u2013_2015._marcius_31.-2015-04-09.pdf\"><img loading=\"lazy\" decoding=\"async\" class=\"size-full wp-image-390 alignright\" src=\"https:\/\/semmelweis.hu\/ujsag\/files\/2015\/12\/283.jpg\" alt=\"283\" width=\"200\" height=\"282\" \/><\/a><strong>4-5. oldal<\/strong><br \/>\nMegeml\u00e9kez\u00e9s az 1848\/49-es forradalom \u00e9s szabads\u00e1gharc 167. \u00e9vfordul\u00f3j\u00e1r\u00f3l<br \/>\n<strong>6. oldal<\/strong><br \/>\n Magas rang\u00fa \u00e1llami kit\u00fcntet\u00e9sek a nemzeti \u00fcnnepen a Semmelweis Egyetem munkat\u00e1rsainak<br \/>\n<strong>7. oldal<\/strong><br \/>\n Elfogadta a Szen\u00e1tus az egyetem k\u00f6lts\u00e9gvet\u00e9s\u00e9t<br \/>\n <strong>8. oldal<\/strong><br \/>\n A legnagyobb nig\u00e9riai egyetemmel k\u00f6t\u00f6tt egy\u00fcttm\u0171k\u00f6d\u00e9st a Semmelweis<br \/>\n <strong>9. oldal<\/strong><br \/>\nTudom\u00e1nyos f\u0151tan\u00e1csad\u00f3i kinevez\u00e9s dr. Stefan Kowitznak, a budapesti NATO KEKK igazgat\u00f3j\u00e1nak<br \/>\n <strong>10. oldal<\/strong><br \/>\n H\u00e1rom fel\u00faj\u00edtott m\u0171t\u0151t adtak \u00e1t az I. Sz. Seb\u00e9szeti Klinik\u00e1n<br \/>\nMeg\u00fajult a k\u00faraszer\u0171 ell\u00e1t\u00e1s az I. Sz. Belgy\u00f3gy\u00e1szati Klinik\u00e1n<br \/>\n<strong>11. oldal<\/strong><br \/>\n \u00datt\u00f6r\u0151 kat\u00e9teres m\u0171t\u00e9t a f\u0151\u00fct\u0151\u00e9r rekeszk\u00f6zeli szakasz\u00e1n, aorta aneurysm\u00e1s betegekn\u00e9l<br \/>\nV\u00e9ralvad\u00e1st seg\u00edt\u0151 eszk\u00f6zt kapott a Transzplant\u00e1ci\u00f3s \u00e9s Seb\u00e9szeti Klinika<br \/>\n<strong>12. oldal<\/strong><br \/>\n Neues Finanzierungsmodell f\u00fcr das Studium am Asklepios Campus Hamburg<br \/>\n<strong>14. oldal<\/strong><br \/>\n A migr\u00e9n kialakul\u00e1s\u00e1t vizsg\u00e1lja a Nemzeti Agykutat\u00e1si Program keret\u00e9ben alakult \u00faj kutat\u00f3csoport<br \/>\n<strong>15. oldal<\/strong><br \/>\n \u00c1tfog\u00f3 tanulm\u00e1ny k\u00e9sz\u00fclt a t\u00fcd\u0151r\u00e1kot okoz\u00f3 egyik legfontosabb genetikai elv\u00e1ltoz\u00e1sr\u00f3l<br \/>\n<strong>16. oldal<\/strong><br \/>\n Lend\u00fclet-program nyertesek a Kutat\u00f3 Szalonban<br \/>\n<strong>17. oldal<\/strong><br \/>\n Junior Prima D\u00edjasok &#8211; Dr. Enyedi Bal\u00e1zs: Merj\u00fcnk nagyobb l\u00e9pt\u00e9kben gondolkozni!<br \/>\n<strong>18. oldal<\/strong> <br \/>\n Mintegy n\u00e9gysz\u00e1z el\u0151ad\u00e1s az idei egyetemi \u00e9s nemzetk\u00f6zi TDK-n<br \/>\n <strong>19. oldal<\/strong><br \/>\n XX. Kor\u00e1nyi Frigyes Tudom\u00e1nyos F\u00f3rum: Egy helyen az egyetem legjobbjai<br \/>\n<strong>20. oldal<\/strong><br \/>\n Korszer\u0171 el\u0151ad\u00f3i m\u00f3dszerek az ETK szakmai napj\u00e1n<br \/>\n <strong>21. oldal<\/strong><br \/>\n Ritka Betegs\u00e9gek Vil\u00e1gnapja a NET-ben<br \/>\n <strong>22. oldal<\/strong><br \/>\n K\u00e9pz\u0151m\u0171v\u00e9szeti alkot\u00e1ssal, k\u00f6nyvvel \u00e9s konferenci\u00e1val is eml\u00e9kezik az egyetem Semmelweisre<br \/>\n<strong>23. oldal<\/strong><br \/>\n Semmelweis Tavaszi Fesztiv\u00e1l kilencedszer<br \/>\n<strong>24. oldal<\/strong><br \/>\n Megel\u0151legezett t\u00e1jeml\u00e9kek- Varga Patr\u00edcia Minerva ki\u00e1ll\u00edt\u00e1sa a Semmelweis Szalonban<br \/>\n <strong>25. oldal<\/strong><br \/>\n Bar\u00e1ti K\u00f6r: Garat\u00edven innen \u00e9s t\u00fal<br \/>\n<strong>26. oldal<\/strong><br \/>\n T\u00e1ncos L\u00e1szl\u00f3 \u00e9s Polg\u00e1r Vera k\u00f6nyvbemutat\u00f3ja az ETK-n<\/p>\n","protected":false},"excerpt":{"rendered":"<p><a href=\"https:\/\/semmelweis.hu\/ujsag\/files\/2015\/12\/xvi._evfolyam__2._szam_\u2013_2015._marcius_31.-2015-04-09.pdf\"><\/a> 4-5. oldal Megeml\u00e9kez\u00e9s az 1848\/49-es forradalom \u00e9s szabads\u00e1gharc 167. \u00e9vfordul\u00f3j\u00e1r\u00f3l 6. oldal Magas rang\u00fa \u00e1llami kit\u00fcntet\u00e9sek a nemzeti \u00fcnnepen a Semmelweis Egyetem munkat\u00e1rsainak 7. oldal Elfogadta a Szen\u00e1tus az egyetem k\u00f6lts\u00e9gvet\u00e9s\u00e9t 8. oldal A legnagyobb nig\u00e9riai egyetemmel k\u00f6t\u00f6tt egy\u00fcttm\u0171k\u00f6d\u00e9st a Semmelweis 9. oldal Tudom\u00e1nyos f\u0151tan\u00e1csad\u00f3i kinevez\u00e9s dr. Stefan Kowitznak, a budapesti NATO KEKK igazgat\u00f3j\u00e1nak 10. &hellip;<\/p>\n","protected":false},"author":158,"featured_media":390,"comment_status":"closed","ping_status":"closed","sticky":false,"template":"","format":"standard","meta":{"_acf_changed":false,"footnotes":""},"categories":[6],"tags":[],"class_list":["post-167","post","type-post","status-publish","format-standard","has-post-thumbnail","hentry","category-6"],"acf":[],"_links":{"self":[{"href":"https:\/\/semmelweis.hu\/ujsag\/wp-json\/wp\/v2\/posts\/167","targetHints":{"allow":["GET"]}}],"collection":[{"href":"https:\/\/semmelweis.hu\/ujsag\/wp-json\/wp\/v2\/posts"}],"about":[{"href":"https:\/\/semmelweis.hu\/ujsag\/wp-json\/wp\/v2\/types\/post"}],"author":[{"embeddable":true,"href":"https:\/\/semmelweis.hu\/ujsag\/wp-json\/wp\/v2\/users\/158"}],"replies":[{"embeddable":true,"href":"https:\/\/semmelweis.hu\/ujsag\/wp-json\/wp\/v2\/comments?post=167"}],"version-history":[{"count":5,"href":"https:\/\/semmelweis.hu\/ujsag\/wp-json\/wp\/v2\/posts\/167\/revisions"}],"predecessor-version":[{"id":5141,"href":"https:\/\/semmelweis.hu\/ujsag\/wp-json\/wp\/v2\/posts\/167\/revisions\/5141"}],"wp:featuredmedia":[{"embeddable":true,"href":"https:\/\/semmelweis.hu\/ujsag\/wp-json\/wp\/v2\/media\/390"}],"wp:attachment":[{"href":"https:\/\/semmelweis.hu\/ujsag\/wp-json\/wp\/v2\/media?parent=167"}],"wp:term":[{"taxonomy":"category","embeddable":true,"href":"https:\/\/semmelweis.hu\/ujsag\/wp-json\/wp\/v2\/categories?post=167"},{"taxonomy":"post_tag","embeddable":true,"href":"https:\/\/semmelweis.hu\/ujsag\/wp-json\/wp\/v2\/tags?post=167"}],"curies":[{"name":"wp","href":"https:\/\/api.w.org\/{rel}","templated":true}]}}