{"id":166,"date":"2015-02-23T00:00:00","date_gmt":"2015-02-22T23:00:00","guid":{"rendered":"http:\/\/semmelweis.hu\/ujsag\/xvi_evfolyam_1_szam_2015_februar_23_folyoirat\/"},"modified":"2017-12-20T15:35:01","modified_gmt":"2017-12-20T14:35:01","slug":"xvi_evfolyam_1_szam_2015_februar_23_folyoirat","status":"publish","type":"post","link":"https:\/\/semmelweis.hu\/ujsag\/2015\/02\/23\/xvi_evfolyam_1_szam_2015_februar_23_folyoirat\/","title":{"rendered":"Semmelweis Egyetem \u2013 XVI. \u00e9vfolyam, 1. sz\u00e1m \u2013 2015. febru\u00e1r 23."},"content":{"rendered":"<p><a href=\"https:\/\/semmelweis.hu\/ujsag\/files\/2017\/12\/xvi._evfolyam__1._szam_\u2013_2015._februar_23.-2015-02-23.pdf\" target=\"_blank\" rel=\"noopener\"><img loading=\"lazy\" decoding=\"async\" class=\"alignright wp-image-389 size-full\" src=\"https:\/\/semmelweis.hu\/ujsag\/files\/2015\/12\/264.jpg\" alt=\"264\" width=\"200\" height=\"282\" \/><\/a> <strong>4. oldal<\/strong><br \/>\nA kancell\u00e1r a 2015. \u00e9vi k\u00f6lts\u00e9gvet\u00e9si ir\u00e1nyelvekr\u0151l<br \/>\n<strong>5. oldal<\/strong><br \/>\n Elfogadta az \u00faj SZMSZ-t a Szen\u00e1tus<br \/>\n<strong>6. oldal<\/strong><br \/>\n El\u0151sz\u00f6r adt\u00e1k \u00e1t a Semmelweis Innov\u00e1ci\u00f3s D\u00edjakat<br \/>\n<strong>7. oldal<\/strong><br \/>\n Mini szimp\u00f3zium a g\u00e9nkutat\u00e1s jelen\u00e9r\u0151l \u00e9s j\u00f6v\u0151j\u00e9r\u0151l<br \/>\n<strong>8. oldal<\/strong><br \/>\n 2015 Semmelweis Ign\u00e1c \u00e9ve<br \/>\n <strong>9. oldal<\/strong><br \/>\n Kor\u00e1nyi projekt \u2013 megkezd\u0151dtek a befejez\u0151 munk\u00e1latok<br \/>\n<strong>10. oldal<\/strong><br \/>\n Elindulhat Magyarorsz\u00e1gon a t\u00fcd\u0151transzplant\u00e1ci\u00f3<br \/>\n<strong>11. oldal<\/strong><br \/>\n \u00daj s\u00fcrg\u0151ss\u00e9gi oszt\u00e1ly \u00e9p\u00fcl az I. Sz. Gyermekgy\u00f3gy\u00e1szati Klinik\u00e1n<br \/>\n<strong>12. oldal<\/strong><br \/>\n Rekordsz\u00e1m\u00fa sz\u00edv\u00e1t\u00fcltet\u00e9s a V\u00e1rosmajori Sz\u00edv- \u00e9s \u00c9rgy\u00f3gy\u00e1szati Klinik\u00e1n Vesetranszplant\u00e1ci\u00f3 \u2013 els\u0151 helyen Eur\u00f3p\u00e1ban a Transzplant\u00e1ci\u00f3s \u00e9s Seb\u00e9szeti Klinika<br \/>\n <strong>13. oldal<\/strong><br \/>\n Tudatos jelenl\u00e9t-alap\u00fa kognit\u00edv ter\u00e1pi\u00e1s k\u00e9pz\u00e9s Magyarorsz\u00e1gon el\u0151sz\u00f6r<br \/>\n<strong>14. oldal<\/strong><br \/>\n Educatio Ki\u00e1ll\u00edt\u00e1s \u2013 n\u00e9pszer\u0171ek voltak a Semmelweis Egyetem standjai <br \/>\n<strong>15. oldal<\/strong><br \/>\n A fiatalok eredm\u00e9nyei az egyetem j\u00f3 h\u00edr\u00e9t \u00f6regb\u00edtik &#8211; Kerpel Tehets\u00e9gnap <br \/>\n<strong>16. oldal<\/strong><br \/>\n Dr. B\u00f6d\u00f6r Csaba: A tudom\u00e1nyban neh\u00e9z sz\u00fcnetet tartani<br \/>\n<strong> 17. oldal<\/strong><br \/>\n Hungary at the Forefront of European Healthcare Innovation<br \/>\n<strong>18. oldal<\/strong><br \/>\n 32 klinikai szakpszichol\u00f3gus vehette \u00e1t diplom\u00e1j\u00e1t Diplomaoszt\u00f3k az Eg\u00e9szs\u00e9g\u00fcgyi K\u00f6zszolg\u00e1lati Karon<br \/>\n<strong>19. oldal<\/strong><br \/>\n D\u00edjnyertes dokumentumfilm az egyetem legnagyobb korasz\u00fcl\u00f6tt-oszt\u00e1ly\u00e1r\u00f3l<br \/>\nD\u00edjat kapott a Nemzetk\u00f6zi Kapcsolatok Igazgat\u00f3s\u00e1g\u00e1nak Honlapja<br \/>\n<strong>20. oldal<\/strong><br \/>\n Asklepios Campus Hamburg volt a Kutat\u00f3i Szalon vend\u00e9ge<br \/>\n<strong>22. oldal<\/strong> <br \/>\n Dr. Monos Emilt k\u00f6sz\u00f6nt\u00f6tt\u00e9k 80. sz\u00fclet\u00e9snapj\u00e1n<br \/>\n<strong>23. oldal<\/strong><br \/>\n Bar\u00e1ti K\u00f6r: Magasztal\u00f3 szavak, ametiszt k\u00f6vekkel pomp\u00e1z\u00f3 ez\u00fcst kehely \u00e9s r\u00e1dium \u00e1gy\u00fa<br \/>\n<strong>24. oldal<\/strong><br \/>\n A globaliz\u00e1ci\u00f3 \u00e9s az eg\u00e9szs\u00e9g \u00f6sszef\u00fcgg\u00e9sei \u2013 Dr. Tompa Anna k\u00f6nyvbemutat\u00f3ja<br \/>\n<strong>25. oldal<\/strong><br \/>\n Szobor, k\u00e9p, zene \u2013 Cs\u00edkszentmih\u00e1lyi R\u00f3bert \u00e9s Cs\u00edkszentmih\u00e1lyi M\u00e1rton a Semmelweis Szalonban<br \/>\n<strong>26. oldal<\/strong><br \/>\n Elhunyt dr. P\u00e1sztor Emil Sz\u00e9chenyi-d\u00edjas idegseb\u00e9sz<br \/>\n Eml\u00e9kezz\u00fcnk dr. Honti J\u00f3zsef patol\u00f3gus f\u0151orvosra<\/p>\n","protected":false},"excerpt":{"rendered":"<p><a href=\"https:\/\/semmelweis.hu\/ujsag\/files\/2017\/12\/xvi._evfolyam__1._szam_\u2013_2015._februar_23.-2015-02-23.pdf\" target=\"_blank\" rel=\"noopener\"><\/a> 4. oldal A kancell\u00e1r a 2015. \u00e9vi k\u00f6lts\u00e9gvet\u00e9si ir\u00e1nyelvekr\u0151l 5. oldal Elfogadta az \u00faj SZMSZ-t a Szen\u00e1tus 6. oldal El\u0151sz\u00f6r adt\u00e1k \u00e1t a Semmelweis Innov\u00e1ci\u00f3s D\u00edjakat 7. oldal Mini szimp\u00f3zium a g\u00e9nkutat\u00e1s jelen\u00e9r\u0151l \u00e9s j\u00f6v\u0151j\u00e9r\u0151l 8. oldal 2015 Semmelweis Ign\u00e1c \u00e9ve 9. oldal Kor\u00e1nyi projekt \u2013 megkezd\u0151dtek a befejez\u0151 munk\u00e1latok 10. oldal Elindulhat Magyarorsz\u00e1gon a &hellip;<\/p>\n","protected":false},"author":158,"featured_media":389,"comment_status":"closed","ping_status":"closed","sticky":false,"template":"","format":"standard","meta":{"_acf_changed":false,"footnotes":""},"categories":[6],"tags":[],"class_list":["post-166","post","type-post","status-publish","format-standard","has-post-thumbnail","hentry","category-6"],"acf":[],"_links":{"self":[{"href":"https:\/\/semmelweis.hu\/ujsag\/wp-json\/wp\/v2\/posts\/166","targetHints":{"allow":["GET"]}}],"collection":[{"href":"https:\/\/semmelweis.hu\/ujsag\/wp-json\/wp\/v2\/posts"}],"about":[{"href":"https:\/\/semmelweis.hu\/ujsag\/wp-json\/wp\/v2\/types\/post"}],"author":[{"embeddable":true,"href":"https:\/\/semmelweis.hu\/ujsag\/wp-json\/wp\/v2\/users\/158"}],"replies":[{"embeddable":true,"href":"https:\/\/semmelweis.hu\/ujsag\/wp-json\/wp\/v2\/comments?post=166"}],"version-history":[{"count":4,"href":"https:\/\/semmelweis.hu\/ujsag\/wp-json\/wp\/v2\/posts\/166\/revisions"}],"predecessor-version":[{"id":5144,"href":"https:\/\/semmelweis.hu\/ujsag\/wp-json\/wp\/v2\/posts\/166\/revisions\/5144"}],"wp:featuredmedia":[{"embeddable":true,"href":"https:\/\/semmelweis.hu\/ujsag\/wp-json\/wp\/v2\/media\/389"}],"wp:attachment":[{"href":"https:\/\/semmelweis.hu\/ujsag\/wp-json\/wp\/v2\/media?parent=166"}],"wp:term":[{"taxonomy":"category","embeddable":true,"href":"https:\/\/semmelweis.hu\/ujsag\/wp-json\/wp\/v2\/categories?post=166"},{"taxonomy":"post_tag","embeddable":true,"href":"https:\/\/semmelweis.hu\/ujsag\/wp-json\/wp\/v2\/tags?post=166"}],"curies":[{"name":"wp","href":"https:\/\/api.w.org\/{rel}","templated":true}]}}