{"id":1524,"date":"2008-02-19T00:00:00","date_gmt":"2008-02-18T23:00:00","guid":{"rendered":"http:\/\/semmelweis.hu\/ujsag\/ix-evfolyam-1-szam-%c2%b7-2008-februar-19\/"},"modified":"2018-01-15T12:44:16","modified_gmt":"2018-01-15T11:44:16","slug":"ix-evfolyam-1-szam-%c2%b7-2008-februar-19","status":"publish","type":"post","link":"https:\/\/semmelweis.hu\/ujsag\/2008\/02\/19\/ix-evfolyam-1-szam-%c2%b7-2008-februar-19\/","title":{"rendered":"IX. \u00e9vfolyam 1. sz\u00e1m \u00b7 2008. febru\u00e1r 19."},"content":{"rendered":"<p>&nbsp;<\/p>\n<div style=\"background-color: #fff;\" align=\"center\">\n<table style=\"border-bottom: 2px solid #336699; margin-bottom: 2em;\" border=\"0\" cellspacing=\"0\" cellpadding=\"0\">\n<tbody>\n<tr>\n<td style=\"background-image: url('..\/basics\/se_fej.jpg');\" valign=\"bottom\" width=\"750\" height=\"223\">\n<p align=\"right\"><span class=\"Megjelenes\">IX. \u00e9vfolyam 1. sz\u00e1m \u00b7 2008. febru\u00e1r 19.<\/span><\/p>\n<\/td>\n<\/tr>\n<\/tbody>\n<\/table>\n<table border=\"0\" width=\"750\" cellspacing=\"0\" cellpadding=\"0\">\n<tbody>\n<tr>\n<td align=\"left\" valign=\"top\" width=\"370\">\n<p><img loading=\"lazy\" decoding=\"async\" src=\"20080100.jpg\" alt=\"20080100.jpg\" width=\"370\" height=\"524\" border=\"0\" \/><\/p>\n<p style=\"color: #000000; font-family: Verdana,Arial; font-size: 11px; font-weight: normal; text-decoration: none; line-height: 16px; margin-top: 10px;\" align=\"left\">A h\u00e1toldalon az ETK ny\u00edlt napj\u00e1nak fot\u00f3it l\u00e1thatj\u00e1k<\/p>\n<p style=\"color: #000000; font-family: Verdana,Arial; font-size: 11px; font-weight: normal; text-decoration: none; line-height: 16px; margin-top: 10px;\" align=\"left\">C\u00edmlapon f\u00f6nt \u00e9s lent <b>\u00c1goston R\u00f3bert<\/b> Semmelweis B\u00e1lon k\u00e9sz\u00fclt felv\u00e9telei<\/p>\n<p style=\"color: #000000; font-family: Verdana,Arial; font-size: 11px; font-weight: normal; text-decoration: none; line-height: 16px; margin-top: 20px;\" align=\"left\"><a class=\"Tartalom\" href=\"se0801.pdf\">A lapsz\u00e1m let\u00f6lthet\u0151 itt PDF-form\u00e1tumban<\/a><\/p>\n<p style=\"color: #000000; font-family: Verdana,Arial; font-size: 11px; font-weight: normal; text-decoration: none; line-height: 16px; margin-top: 20px;\" align=\"left\">E lapsz\u00e1munk c\u00edmlapj\u00e1t <b>Romv\u00e1ri J\u00e1nos<\/b> k\u00e9sz\u00edtette.<\/p>\n<\/td>\n<td width=\"20\">\u00a0<\/td>\n<td align=\"left\" valign=\"top\" width=\"360\">\n<table border=\"0\" width=\"360\" cellspacing=\"0\" cellpadding=\"0\" bgcolor=\"#ffffff\">\n<tbody>\n<tr>\n<td>\n<table border=\"0\" width=\"100%\" cellspacing=\"0\" cellpadding=\"0\">\n<tbody>\n<tr>\n<td colspan=\"2\"><img decoding=\"async\" src=\"..\/basics\/n1.jpg\" alt=\"\" \/><\/td>\n<\/tr>\n<tr>\n<td align=\"left\"><img decoding=\"async\" src=\"..\/basics\/new.jpg\" alt=\"\" \/><\/td>\n<td valign=\"bottom\">\n<p style=\"color: #000000; font-family: Verdana,Arial; font-size: 11px; font-weight: normal; text-decoration: none; line-height: 16px; margin-bottom: 15px;\">Tisztelt L\u00e1togat\u00f3nk! Az al\u00e1bbi n\u00e9h\u00e1ny \u00edr\u00e1st a nyomtatott \u00fajs\u00e1gban nem, kiz\u00e1r\u00f3lag lapunk webes v\u00e1ltozat\u00e1ban olvashatja.<\/p>\n<\/td>\n<\/tr>\n<tr>\n<td align=\"left\">\u00a0<\/td>\n<td height=\"5\"><img decoding=\"async\" src=\"..\/basics\/onepixel.gif\" alt=\"blank\" \/><\/td>\n<\/tr>\n<\/tbody>\n<\/table>\n<table border=\"0\" width=\"100%\" cellspacing=\"0\" cellpadding=\"0\">\n<tbody>\n<tr>\n<td>&nbsp;<\/td>\n<td colspan=\"2\"><a class=\"Tartalom\" href=\"20080126.html\">H\u00edrek, esem\u00e9nyek \u2013 r\u00f6viden, csak weben<\/a><\/td>\n<\/tr>\n<tr>\n<td>&nbsp;<\/td>\n<td colspan=\"2\"><a class=\"Tartalom\" href=\"20071227.html\">Kutat\u00f3v\u00e1 nevel\u00e9s szeretettel, szigorral<\/a><\/td>\n<\/tr>\n<tr>\n<td>&nbsp;<\/td>\n<td>&nbsp;<\/td>\n<td><a class=\"Tartalom2\" href=\"20080127.html\">T\u00f6bbf\u00e9le szakmai elismer\u00e9st kaptam m\u00e1r az elm\u00falt \u00e9vekben, de a nemr\u00e9g elnyert Kiv\u00e1l\u00f3 PhD oktat\u00f3i c\u00edm egy\u00e9rtelm\u0171en a legkedvesebbek k\u00f6z\u00e9 tartozik \u2013 mondja <b>F\u00f6ldesin\u00e9 dr. Szab\u00f3 Gy\u00f6ngyi<\/b>, a TF T\u00e1rsadalomtudom\u00e1nyi Tansz\u00e9k\u00e9nek egyetemi tan\u00e1ra (teljes cikk)<\/a><\/td>\n<\/tr>\n<tr>\n<td>&nbsp;<\/td>\n<td colspan=\"2\"><a class=\"Tartalom\" href=\"20080128.html\">Besz\u00e1mol\u00f3 a Bar\u00e1ti K\u00f6r janu\u00e1ri \u00f6sszej\u00f6vetel\u00e9r\u0151l,<\/a><\/td>\n<\/tr>\n<tr>\n<td>&nbsp;<\/td>\n<td>&nbsp;<\/td>\n<td><a class=\"Tartalom2\" href=\"20080128.html\">ahol <i>Desits Imre<\/i> \u00e9s <i>\u00c9ger Istv\u00e1n<\/i> tartott el\u0151ad\u00e1st<\/a><\/td>\n<\/tr>\n<tr>\n<td>&nbsp;<\/td>\n<td colspan=\"2\"><a class=\"Tartalom\" href=\"20080129.html\">A k\u00e9sz\u00fcl\u0151 k\u00f6lts\u00e9gvet\u00e9s \u00e9s v\u00e1ltoz\u00f3 jogszab\u00e1lyok<\/a><\/td>\n<\/tr>\n<tr>\n<td colspan=\"3\"><img decoding=\"async\" src=\"..\/basics\/n2.jpg\" alt=\"\" \/><\/td>\n<\/tr>\n<\/tbody>\n<\/table>\n<\/td>\n<\/tr>\n<\/tbody>\n<\/table>\n<table border=\"0\" width=\"100%\" cellspacing=\"0\" cellpadding=\"0\">\n<tbody>\n<tr>\n<td height=\"20\"><img decoding=\"async\" src=\"..\/basics\/onepixel.gif\" alt=\"blank\" \/><\/td>\n<\/tr>\n<\/tbody>\n<\/table>\n<table border=\"0\" width=\"360\" cellspacing=\"0\" cellpadding=\"0\">\n<tbody>\n<tr>\n<td colspan=\"2\"><a class=\"Tartalom\" href=\"20080101.html\">H\u00edrek, esem\u00e9nyek \u2013 r\u00f6viden<\/a><\/td>\n<\/tr>\n<tr>\n<td colspan=\"2\"><a class=\"Tartalom\" href=\"20080102.html\">Id\u0151vonat<\/a><\/td>\n<\/tr>\n<tr>\n<td>&nbsp;<\/td>\n<td><a class=\"Tartalom2\" href=\"20080102.html\">Publicisztika<\/a><\/td>\n<\/tr>\n<tr>\n<td colspan=\"2\"><a class=\"Tartalom\" href=\"20080103.html\">Sz\u00e1z \u00e9ve a gy\u00f3gyszerell\u00e1t\u00e1s szolg\u00e1lat\u00e1ban<\/a><\/td>\n<\/tr>\n<tr>\n<td>&nbsp;<\/td>\n<td><a class=\"Tartalom2\" href=\"20080103.html\">2007. december 14-\u00e9n \u00fcnnepelte az Egyetemi Gy\u00f3gyszert\u00e1r Gy\u00f3gyszer\u00fcgyi Szervez\u00e9si Int\u00e9zet alap\u00edt\u00e1s\u00e1nak centen\u00e1rium\u00e1t. Az \u00e9vfordul\u00f3 alkalm\u00e1b\u00f3l rendezett \u00fcnneps\u00e9gen a kar \u00e9s a szakma k\u00e9pvisel\u0151i nagy sz\u00e1mban jelentek meg \u2013 szinte az \u00f6sszes hazai gy\u00f3gyszer\u00e9sz szervezet vezet\u0151 tiszts\u00e9gvisel\u0151je k\u00f6sz\u00f6nt\u00f6tte az int\u00e9zet munkat\u00e1rsait.<\/a><\/td>\n<\/tr>\n<tr>\n<td colspan=\"2\"><a class=\"Tartalom\" href=\"20080104.html\">M\u00e9g t\u00f6bb es\u00e9ly a korasz\u00fcl\u00f6tteknek<\/a><\/td>\n<\/tr>\n<tr>\n<td>&nbsp;<\/td>\n<td><a class=\"Tartalom2\" href=\"20080104.html\">\u00daj betegmegfigyel\u0151 g\u00e9pekkel b\u0151v\u00fclt az I. sz Sz\u00fcl\u00e9szeti \u00e9s N\u0151gy\u00f3gy\u00e1szati Klinika eszk\u00f6zparkja<\/a><\/td>\n<\/tr>\n<tr>\n<td colspan=\"2\"><a class=\"Tartalom\" href=\"20080105.html\">\u00c9letment\u0151 hibern\u00e1l\u00e1s egyetem\u00fcnk\u00f6n<\/a><\/td>\n<\/tr>\n<tr>\n<td>&nbsp;<\/td>\n<td><a class=\"Tartalom2\" href=\"20080105.html\">\u00daj ter\u00e1pi\u00e1s lehet\u0151s\u00e9g az oxig\u00e9nhi\u00e1nyt \u00e1t\u00e9lt \u00fajsz\u00fcl\u00f6tteknek az I. sz\u00e1m\u00fa Gyermekgy\u00f3gy\u00e1szati Klinik\u00e1n<\/a><\/td>\n<\/tr>\n<tr>\n<td colspan=\"2\"><a class=\"Tartalom\" href=\"20080106.html\">Egyetemi publik\u00e1ci\u00f3s adatb\u00e1zis<\/a><\/td>\n<\/tr>\n<tr>\n<td>&nbsp;<\/td>\n<td><a class=\"Tartalom2\" href=\"20080106.html\">A 2006. \u00e9vi tudom\u00e1nymetriai m\u00e9r\u0151sz\u00e1mok nyer\u00e9se els\u0151 \u00edzben val\u00f3sult meg a K\u00f6zponti K\u00f6nyvt\u00e1r saj\u00e1t fejleszt\u00e9s\u0171 szoftvere seg\u00edts\u00e9g\u00e9vel, a publik\u00e1ci\u00f3s adatok elektronikus felt\u00f6lt\u00e9se \u00fatj\u00e1n<\/a><\/td>\n<\/tr>\n<tr>\n<td colspan=\"2\"><a class=\"Tartalom\" href=\"20080107.html\">Professzorok k\u00fclf\u00f6ldr\u0151l<\/a><\/td>\n<\/tr>\n<tr>\n<td>&nbsp;<\/td>\n<td><a class=\"Tartalom2\" href=\"20080107.html\">Egyetem\u00fcnkre l\u00e1togatott janu\u00e1r 17-18-\u00e1n, prof. dr. <b>Tulassay Tivadar <\/b>rektor megh\u00edv\u00e1s\u00e1ra, <b>Charlotte Niemeyer<\/b>, a freiburgi Albert-Ludwigs Egyetem (Gyermekklinika) \u00e1prilis 1-j\u00e9n hivatalba l\u00e9p\u0151 rektorhelyettese \u00e9s a magyar sz\u00e1rmaz\u00e1s\u00fa<b> Peter Bucsky<\/b>, a L\u00fcbecki Egyetem (Gyermekklinika) professzora.<\/a><\/td>\n<\/tr>\n<tr>\n<td colspan=\"2\"><a class=\"Tartalom\" href=\"20080108.html\">Vend\u00e9geink voltak a NIIFI vezet\u0151i<\/a><\/td>\n<\/tr>\n<tr>\n<td>&nbsp;<\/td>\n<td><a class=\"Tartalom2\" href=\"20080108.html\">H\u00e9t\u00e9ves sikeres egy\u00fcttm\u0171k\u00f6d\u00e9s adta az alkalmat, hogy meg\u00e1lljanak \u00e9s \u00f6sszegezz\u00e9k az eddig megval\u00f3sult fejleszt\u00e9seket \u00e9s a tov\u00e1bbi terveket az egyetem \u00e9s a Nemzeti Inform\u00e1ci\u00f3s Infrastrukt\u00fara Fejleszt\u00e9si Int\u00e9zet (NIIFI) vezet\u0151i<\/a><\/td>\n<\/tr>\n<tr>\n<td colspan=\"2\"><a class=\"Tartalom\" href=\"20080109.html\">P\u00e1ly\u00e1zati felh\u00edv\u00e1sok<\/a><\/td>\n<\/tr>\n<tr>\n<td colspan=\"2\"><a class=\"Tartalom\" href=\"20080110.html\">Felh\u00edv\u00e1s a Kor\u00e1nyi Frigyes Szakkoll\u00e9gium XIII. Tudom\u00e1nyos F\u00f3rum\u00e1ra<\/a><\/td>\n<\/tr>\n<tr>\n<td colspan=\"2\"><a class=\"Tartalom\" href=\"20080111.html\">Kutat\u00f3v\u00e1 nevel\u00e9s szeretettel, szigorral<\/a><\/td>\n<\/tr>\n<tr>\n<td>&nbsp;<\/td>\n<td><a class=\"Tartalom2\" href=\"20080111.html\">Portr\u00e9 <b>F\u00f6ldesin\u00e9 dr. Szab\u00f3 Gy\u00f6ngyir\u0151l<\/b>, a TF T\u00e1rsadalomtudom\u00e1nyi Tansz\u00e9k\u00e9nek egyetemi tan\u00e1r\u00e1r\u00f3l (R\u00f6vid\u00edtett cikk)<\/a><\/td>\n<\/tr>\n<tr>\n<td colspan=\"2\"><a class=\"Tartalom\" href=\"20080112.html\">Vesebetegek \u00e9letmin\u0151s\u00e9ge<\/a><\/td>\n<\/tr>\n<tr>\n<td colspan=\"2\"><a class=\"Tartalom\" href=\"20080113.html\">Tudom\u00e1nyos Di\u00e1kk\u00f6ri esem\u00e9nyek<\/a><\/td>\n<\/tr>\n<tr>\n<td>&nbsp;<\/td>\n<td><a class=\"Tartalom2\" href=\"20080113.html\">Febru\u00e1r 13-14-15-\u00e9n tartott\u00e1k az \u00c1OK, FOK \u00e9s GyTK karok Tudom\u00e1nyos Di\u00e1kk\u00f6ri Konferenci\u00e1j\u00e1t a NET-ben. A konferenci\u00e1t<b> Tulassay Tivadar<\/b> rektor nyitotta meg<\/a><\/td>\n<\/tr>\n<tr>\n<td colspan=\"2\"><a class=\"Tartalom\" href=\"20080114.html\">A Semmelweis Tudom\u00e1nyos Di\u00e1kk\u00f6ri Alap\u00edtv\u00e1ny h\u00edrei<\/a><\/td>\n<\/tr>\n<tr>\n<td colspan=\"2\"><a class=\"Tartalom\" href=\"20080115.html\">Adventi gondolatok \u00e9s tettek<\/a><\/td>\n<\/tr>\n<tr>\n<td>&nbsp;<\/td>\n<td><a class=\"Tartalom2\" href=\"20080115.html\">Tavaly december 6-\u00e1n <b>B\u00f6jte Csaba<\/b> ferences szerzetes adventi gondolatait, elm\u00e9lked\u00e9seit osztotta meg vel\u00fcnk az I. Gyermekgy\u00f3gy\u00e1szati Klinik\u00e1n, <b>Tulassay Tivadar <\/b>rektor megh\u00edv\u00e1s\u00e1ra.<\/a><\/td>\n<\/tr>\n<tr>\n<td colspan=\"2\"><a class=\"Tartalom\" href=\"20080116.html\">Besz\u00e1mol\u00f3 az Iowa-i Egyetem K\u00f6rnyezeteg\u00e9szs\u00e9g\u00fcgyi t\u00e1voktat\u00e1si programj\u00e1r\u00f3l<\/a><\/td>\n<\/tr>\n<tr>\n<td>&nbsp;<\/td>\n<td><a class=\"Tartalom2\" href=\"20080116.html\">Tavaly janu\u00e1rban kezd\u0151d\u00f6tt a KSOHIA program keret\u00e9ben h\u00e1rom amerikai orvostudom\u00e1nyi egyetem Kansas (KS), Ohio (OH) \u00e9s Iowa (IA) k\u00f6z\u00f6s t\u00e1voktat\u00e1si k\u00e9pz\u00e9st tartott gyermek eg\u00e9szs\u00e9g\u00fcgyi szakemberek r\u00e9sz\u00e9re<\/a><\/td>\n<\/tr>\n<tr>\n<td colspan=\"2\"><a class=\"Tartalom\" href=\"20080117.html\">Homo heidelbergensis<\/a><\/td>\n<\/tr>\n<tr>\n<td colspan=\"2\"><a class=\"Tartalom\" href=\"20080118.html\">\u00c9v eleji k\u00f6nyvszemle<\/a><\/td>\n<\/tr>\n<tr>\n<td>&nbsp;<\/td>\n<td><a class=\"Tartalom2\" href=\"20080118.html\">A XXI. sz\u00e1zadi elektronika vil\u00e1g\u00e1ban sokan kongatj\u00e1k a v\u00e9szharangot a k\u00f6nyvek j\u00f6v\u0151j\u00e9t illet\u0151en. A Gutenberg-galaxis v\u00e9g\u00e9t j\u00f3solj\u00e1k. Nem v\u00e9letlen, hogy a Newsweek novemberi c\u00edmlapj\u00e1n \u00f6les bet\u0171kkel a k\u00f6vetkez\u0151 olvashat\u00f3:<i> \u201eThe books aren\u2019t dead!\u201d<\/i><\/a><\/td>\n<\/tr>\n<tr>\n<td colspan=\"2\"><a class=\"Tartalom\" href=\"20080119.html\">Nyolcvan \u00e9ve sz\u00fcletett dr. Kiszel J\u00e1nos, a hazai neonatol\u00f3gia kiemelked\u0151 alakja<\/a><\/td>\n<\/tr>\n<tr>\n<td colspan=\"2\"><a class=\"Tartalom\" href=\"20080120.html\">\u00d6r\u00f6kre elb\u00facs\u00fazott<\/a><\/td>\n<\/tr>\n<tr>\n<td>&nbsp;<\/td>\n<td><a class=\"Tartalom2\" href=\"20080120.html\">A TF tan\u00e1ra, dr. <b>Kis Jen\u0151<\/b> \u00e9let\u00e9nek 66. esztendej\u00e9ben, tavaly december 21-\u00e9n elhunyt.<\/a><\/td>\n<\/tr>\n<tr>\n<td colspan=\"2\"><a class=\"Tartalom\" href=\"20080121.html\">Piros, de nem eper<\/a><\/td>\n<\/tr>\n<tr>\n<td>&nbsp;<\/td>\n<td><a class=\"Tartalom2\" href=\"20080121.html\">Egyperces visszaeml\u00e9kez\u00e9s<\/a><\/td>\n<\/tr>\n<tr>\n<td colspan=\"2\"><a class=\"Tartalom\" href=\"20080122.html\">Az els\u0151 Semmelweis B\u00e1l egy szervez\u0151 szem\u00e9vel<\/a><\/td>\n<\/tr>\n<tr>\n<td colspan=\"2\"><a class=\"Tartalom\" href=\"20080123.html\">Jeltolm\u00e1cs szoftver<\/a><\/td>\n<\/tr>\n<tr>\n<td colspan=\"2\"><a class=\"Tartalom\" href=\"20080124.html\">Ny\u00edlt nap az Eg\u00e9szs\u00e9gtudom\u00e1nyi Karon<\/a><\/td>\n<\/tr>\n<tr>\n<td colspan=\"2\"><a class=\"Tartalom\" href=\"20080125.html\">Hirdet\u00e9sek<\/a><\/td>\n<\/tr>\n<\/tbody>\n<\/table>\n<\/td>\n<\/tr>\n<\/tbody>\n<\/table>\n<p>&nbsp;<\/p>\n<table border=\"0\" width=\"750\" cellspacing=\"0\" cellpadding=\"0\">\n<tbody>\n<tr>\n<td align=\"left\" valign=\"top\">\n<p><a class=\"Ugras\" href=\"http:\/\/www.sote.hu\/\">Semmelweis Egyetem<\/a> | <a class=\"Ugras\" href=\"..\/index.html\">Semmelweis Egyetem \u00fajs\u00e1g<\/a> | <a class=\"Ugras\" href=\"20080101.html\">Els\u0151 cikk<\/a> |<\/p>\n<hr noshade=\"noshade\" \/><\/td>\n<\/tr>\n<tr>\n<td><span class=\"Mod_dat\"> <script>            <!-- document.write(\"Utols\u00f3 m\u00f3dos\u00edt\u00e1s: \" + document.lastModified); \/\/ -->          <\/script> <\/span><\/td>\n<\/tr>\n<\/tbody>\n<\/table>\n<\/div>\n","protected":false},"excerpt":{"rendered":"<p>&nbsp; IX. \u00e9vfolyam 1. sz\u00e1m \u00b7 2008. febru\u00e1r 19. A h\u00e1toldalon az ETK ny\u00edlt napj\u00e1nak fot\u00f3it l\u00e1thatj\u00e1k C\u00edmlapon f\u00f6nt \u00e9s lent \u00c1goston R\u00f3bert Semmelweis B\u00e1lon k\u00e9sz\u00fclt felv\u00e9telei <a class=\"Tartalom\" href=\"se0801.pdf\">A lapsz\u00e1m let\u00f6lthet\u0151 itt PDF-form\u00e1tumban<\/a> E lapsz\u00e1munk c\u00edmlapj\u00e1t Romv\u00e1ri J\u00e1nos k\u00e9sz\u00edtette. \u00a0 Tisztelt L\u00e1togat\u00f3nk! Az al\u00e1bbi n\u00e9h\u00e1ny \u00edr\u00e1st a nyomtatott \u00fajs\u00e1gban nem, kiz\u00e1r\u00f3lag lapunk webes v\u00e1ltozat\u00e1ban olvashatja. \u00a0 &nbsp; <a class=\"Tartalom\" href=\"20080126.html\">H\u00edrek, esem\u00e9nyek \u2013 r\u00f6viden, csak weben<\/a> &nbsp; <a class=\"Tartalom\" href=\"20071227.html\">Kutat\u00f3v\u00e1 nevel\u00e9s szeretettel, szigorral<\/a> &nbsp; &nbsp; <a class=\"Tartalom2\" href=\"20080127.html\">T\u00f6bbf\u00e9le szakmai elismer\u00e9st kaptam m\u00e1r az elm\u00falt \u00e9vekben, de a nemr\u00e9g elnyert Kiv\u00e1l\u00f3 PhD oktat\u00f3i c\u00edm egy\u00e9rtelm\u0171en a legkedvesebbek k\u00f6z\u00e9 tartozik \u2013 mondja F\u00f6ldesin\u00e9 dr. Szab\u00f3 Gy\u00f6ngyi, a TF T\u00e1rsadalomtudom\u00e1nyi Tansz\u00e9k\u00e9nek egyetemi tan\u00e1ra (teljes cikk)<\/a> &nbsp; &hellip;<\/p>\n","protected":false},"author":101243,"featured_media":0,"comment_status":"closed","ping_status":"closed","sticky":false,"template":"","format":"standard","meta":{"_acf_changed":false,"footnotes":""},"categories":[13],"tags":[23],"class_list":["post-1524","post","type-post","status-publish","format-standard","hentry","category-13","tag-se200801"],"acf":[],"_links":{"self":[{"href":"https:\/\/semmelweis.hu\/ujsag\/wp-json\/wp\/v2\/posts\/1524","targetHints":{"allow":["GET"]}}],"collection":[{"href":"https:\/\/semmelweis.hu\/ujsag\/wp-json\/wp\/v2\/posts"}],"about":[{"href":"https:\/\/semmelweis.hu\/ujsag\/wp-json\/wp\/v2\/types\/post"}],"author":[{"embeddable":true,"href":"https:\/\/semmelweis.hu\/ujsag\/wp-json\/wp\/v2\/users\/101243"}],"replies":[{"embeddable":true,"href":"https:\/\/semmelweis.hu\/ujsag\/wp-json\/wp\/v2\/comments?post=1524"}],"version-history":[{"count":2,"href":"https:\/\/semmelweis.hu\/ujsag\/wp-json\/wp\/v2\/posts\/1524\/revisions"}],"predecessor-version":[{"id":5311,"href":"https:\/\/semmelweis.hu\/ujsag\/wp-json\/wp\/v2\/posts\/1524\/revisions\/5311"}],"wp:attachment":[{"href":"https:\/\/semmelweis.hu\/ujsag\/wp-json\/wp\/v2\/media?parent=1524"}],"wp:term":[{"taxonomy":"category","embeddable":true,"href":"https:\/\/semmelweis.hu\/ujsag\/wp-json\/wp\/v2\/categories?post=1524"},{"taxonomy":"post_tag","embeddable":true,"href":"https:\/\/semmelweis.hu\/ujsag\/wp-json\/wp\/v2\/tags?post=1524"}],"curies":[{"name":"wp","href":"https:\/\/api.w.org\/{rel}","templated":true}]}}