{"id":1522,"date":"2008-03-15T00:00:00","date_gmt":"2008-03-14T23:00:00","guid":{"rendered":"http:\/\/semmelweis.hu\/ujsag\/ix-evfolyam-3-szam-%c2%b7-2008-marcius-15\/"},"modified":"2018-01-15T12:42:56","modified_gmt":"2018-01-15T11:42:56","slug":"ix-evfolyam-3-szam-%c2%b7-2008-marcius-15","status":"publish","type":"post","link":"https:\/\/semmelweis.hu\/ujsag\/2008\/03\/15\/ix-evfolyam-3-szam-%c2%b7-2008-marcius-15\/","title":{"rendered":"IX. \u00e9vfolyam 3. sz\u00e1m \u00b7 2008. m\u00e1rcius 15."},"content":{"rendered":"<div style=\"background-color: #fff;\" align=\"center\">\n<table style=\"border-bottom: 2px solid #336699; margin-bottom: 2em;\" border=\"0\" cellspacing=\"0\" cellpadding=\"0\">\n<tbody>\n<tr>\n<td style=\"background-image: url('..\/basics\/se_fej.jpg');\" valign=\"bottom\" width=\"750\" height=\"223\">\n<p align=\"right\"><span class=\"Megjelenes\">IX. \u00e9vfolyam 3. sz\u00e1m \u00b7 2008. m\u00e1rcius 15.<\/span><\/p>\n<\/td>\n<\/tr>\n<\/tbody>\n<\/table>\n<table border=\"0\" width=\"750\" cellspacing=\"0\" cellpadding=\"0\">\n<tbody>\n<tr>\n<td align=\"left\" valign=\"top\" width=\"370\"><img loading=\"lazy\" decoding=\"async\" src=\"20080300.jpg\" alt=\"20080300.jpg\" width=\"370\" height=\"524\" border=\"0\" \/><\/p>\n<p style=\"color: #000000; font-family: Verdana,Arial; font-size: 11px; font-weight: normal; text-decoration: none; line-height: 16px; margin-top: 20px;\" align=\"left\"><a class=\"Tartalom\" href=\"se0803.pdf\">A lapsz\u00e1m let\u00f6lthet\u0151 itt PDF-form\u00e1tumban<\/a><\/p>\n<p style=\"color: #000000; font-family: Verdana,Arial; font-size: 11px; font-weight: normal; text-decoration: none; line-height: 16px; margin-top: 20px;\" align=\"left\">E lapsz\u00e1munk c\u00edmlapj\u00e1t <b>Romv\u00e1ri J\u00e1nos<\/b> k\u00e9sz\u00edtette.<\/p>\n<\/td>\n<td width=\"20\">\u00a0<\/td>\n<td align=\"left\" valign=\"top\" width=\"360\">\n<table border=\"0\" width=\"360\" cellspacing=\"0\" cellpadding=\"0\" bgcolor=\"#ffffff\">\n<tbody>\n<tr>\n<td>\n<table border=\"0\" width=\"100%\" cellspacing=\"0\" cellpadding=\"0\">\n<tbody>\n<tr>\n<td colspan=\"2\"><img decoding=\"async\" src=\"..\/basics\/n1.jpg\" alt=\"\" \/><\/td>\n<\/tr>\n<tr>\n<td align=\"left\"><img decoding=\"async\" src=\"..\/basics\/new.jpg\" alt=\"\" \/><\/td>\n<td valign=\"bottom\">\n<p style=\"color: #000000; font-family: Verdana,Arial; font-size: 11px; font-weight: normal; text-decoration: none; line-height: 16px; margin-bottom: 15px;\">Tisztelt L\u00e1togat\u00f3nk! Az al\u00e1bbi n\u00e9h\u00e1ny \u00edr\u00e1st a nyomtatott \u00fajs\u00e1gban nem, kiz\u00e1r\u00f3lag lapunk webes v\u00e1ltozat\u00e1ban olvashatja.<\/p>\n<\/td>\n<\/tr>\n<tr>\n<td align=\"left\">\u00a0<\/td>\n<td height=\"5\"><img decoding=\"async\" src=\"..\/basics\/onepixel.gif\" alt=\"blank\" \/><\/td>\n<\/tr>\n<\/tbody>\n<\/table>\n<table border=\"0\" width=\"100%\" cellspacing=\"0\" cellpadding=\"0\">\n<tbody>\n<tr>\n<td>&nbsp;<\/td>\n<td><a class=\"Tartalom\" href=\"20080316.html\">Csak weben olvashat\u00f3 h\u00edrek, esem\u00e9nyek \u2013 r\u00f6viden<\/a><\/td>\n<\/tr>\n<tr>\n<td>&nbsp;<\/td>\n<td><a class=\"Tartalom\" href=\"20080317.html\">A pesti egyetemi orvoskar 1848\/49-ben Moln\u00e1r L\u00e1szl\u00f3 \u00edr\u00e1sa (hosszabb v\u00e1ltozat)<\/a><\/td>\n<\/tr>\n<tr>\n<td>&nbsp;<\/td>\n<td><a class=\"Tartalom\" href=\"20080318.html\">P\u00e1ly\u00e1zati h\u00edrlev\u00e9lb\u0151l: a 7. Keretprogramban meghirdetett p\u00e1ly\u00e1zatok<\/a><\/td>\n<\/tr>\n<tr>\n<td>&nbsp;<\/td>\n<td><a class=\"Tartalom\" href=\"20080319.html\">15th Budapest Nephrology School\/CME Course<br \/>\n<i>(26 August \u2013 31 August)<\/i><\/a><\/td>\n<\/tr>\n<tr>\n<td>&nbsp;<\/td>\n<td><a class=\"Tartalom\" href=\"20080320.html\">K\u00f6zalkalmazotti Tan\u00e1cs v\u00e1laszt\u00e1sra \u00e1ll\u00edtott jel\u00f6ltek n\u00e9vsora<\/a><\/td>\n<\/tr>\n<tr>\n<td colspan=\"2\"><img decoding=\"async\" src=\"..\/basics\/n2.jpg\" alt=\"\" \/><\/td>\n<\/tr>\n<\/tbody>\n<\/table>\n<\/td>\n<\/tr>\n<\/tbody>\n<\/table>\n<table border=\"0\" width=\"100%\" cellspacing=\"0\" cellpadding=\"0\">\n<tbody>\n<tr>\n<td height=\"20\"><img decoding=\"async\" src=\"..\/basics\/onepixel.gif\" alt=\"blank\" \/><\/td>\n<\/tr>\n<\/tbody>\n<\/table>\n<table border=\"0\" width=\"360\" cellspacing=\"0\" cellpadding=\"0\">\n<tbody>\n<tr>\n<td colspan=\"2\"><a class=\"Tartalom\" href=\"20080301.html\">H\u00edrek, esem\u00e9nyek \u2013 r\u00f6viden<\/a><\/td>\n<\/tr>\n<tr>\n<td colspan=\"2\"><a class=\"Tartalom\" href=\"20080302.html\">Ami t\u00fal\u00e9l, n\u00f6vekszik<\/a><\/td>\n<\/tr>\n<tr>\n<td>&nbsp;<\/td>\n<td><a class=\"Tartalom2\" href=\"20080302.html\">Publicisztika<\/a><\/td>\n<\/tr>\n<tr>\n<td colspan=\"2\"><a class=\"Tartalom\" href=\"20080303.html\">\u201eElvesz\u00edtett\u00fck a m\u0171sz\u00edves beteget\u201d<\/a><\/td>\n<\/tr>\n<tr>\n<td>&nbsp;<\/td>\n<td><a class=\"Tartalom2\" href=\"20080303.html\">Ezzel a dr\u00e1mai bejelent\u00e9ssel kezdte rendk\u00edv\u00fcli sajt\u00f3t\u00e1j\u00e9koztat\u00f3j\u00e1t <b>Szabolcs Zolt\u00e1n<\/b> \u00e9s <b>Merkely B\u00e9la<\/b> professzor a Semmelweis Egyetem V\u00e1rosmajori Klinikai T\u00f6mbj\u00e9ben febru\u00e1r 28-\u00e1n. A k\u00e9t hete sikeres m\u0171sz\u00edvbe\u00fcltet\u00e9sen \u00e1tesett beteget a fell\u00e9p\u0151 v\u00e9rz\u00e9ses sz\u00f6v\u0151dm\u00e9ny miatt az orvosok minden er\u0151fesz\u00edt\u00e9s\u00fck ellen\u00e9re sem tudt\u00e1k megmenteni.<\/a><\/td>\n<\/tr>\n<tr>\n<td colspan=\"2\"><a class=\"Tartalom\" href=\"20080304.html\">A pesti egyetemi orvoskar 1848\/49-ben (r\u00f6videbb v\u00e1ltozat)<\/a><\/td>\n<\/tr>\n<tr>\n<td>&nbsp;<\/td>\n<td><a class=\"Tartalom2\" href=\"20080304.html\">A pesti forradalom kit\u00f6r\u00e9s\u00e9ben az orvoskari ifj\u00fas\u00e1g is szerepet v\u00e1llalt. A m\u00e1rciusi ifjak csoportja a Pilvaxb\u00f3l el\u0151sz\u00f6r az orvoskarra ment, hiszen ez az egyetemi int\u00e9zm\u00e9ny esett a k\u00e1v\u00e9h\u00e1zhoz a legk\u00f6zelebb. A mindig k\u00f6nnyen mozg\u00f3s\u00edthat\u00f3, a forradalmi, de legal\u00e1bbis reformeszm\u00e9kt\u0151l er\u0151sen f\u0171t\u00f6tt egyetemi ifj\u00fas\u00e1gb\u00f3l el\u0151sz\u00f6r itt pr\u00f3b\u00e1ltak maguk mell\u00e9 h\u00edveket toborozni.<\/a><\/td>\n<\/tr>\n<tr>\n<td colspan=\"2\"><a class=\"Tartalom\" href=\"20080305.html\">K\u00f6zponti szolg\u00e1lat \u2013 mobil aneszteziol\u00f3gusok<\/a><\/td>\n<\/tr>\n<tr>\n<td>&nbsp;<\/td>\n<td><a class=\"Tartalom2\" href=\"20080305.html\">Szervez\u00e9s alatt \u00e1ll a Semmelweis Egyetem K\u00f6zponti Aneszteziol\u00f3giai \u00e9s Intenz\u00edv Ter\u00e1pi\u00e1s Szolg\u00e1lata. A h\u00edrrel kapcsolatban sz\u00e1mos f\u00e9lre\u00e9rt\u00e9s, felesleges f\u00e9lelem, k\u00e9tked\u00e9s is sz\u00e1rnyra kapott. Ezeket igyeksz\u00fcnk eloszlatni az Aneszteziol\u00f3giai \u00e9s Intenz\u00edv Ter\u00e1pi\u00e1s Klinika (AITK) igazgat\u00f3ja, <b>G\u00e1l J\u00e1nos<\/b> egyetemi docens seg\u00edts\u00e9g\u00e9vel, akit\u0151l e szakter\u00fclet \u00f6sszevon\u00e1s\u00e1nak sz\u00fcks\u00e9gess\u00e9g\u00e9r\u0151l is inform\u00e1l\u00f3dtunk.<\/a><\/td>\n<\/tr>\n<tr>\n<td colspan=\"2\"><a class=\"Tartalom\" href=\"20080306.html\">\u00c1pol\u00f3k kritikus helyzetben<\/a><\/td>\n<\/tr>\n<tr>\n<td>&nbsp;<\/td>\n<td><a class=\"Tartalom2\" href=\"20080306.html\">Az \u00e1pol\u00f3i hivat\u00e1s l\u00e9nyege m\u00e1s embereknek t\u00f6rt\u00e9n\u0151 seg\u00edts\u00e9gny\u00fajt\u00e1s. T\u00f6bb \u00e9ves negat\u00edv tendencia k\u00f6vetkezm\u00e9nyek\u00e9nt az \u00e1pol\u00f3i l\u00e9tsz\u00e1m orsz\u00e1gos szinten jelent\u0151sen cs\u00f6kkent, \u00e9s most az \u00e1pol\u00f3k szorulnak seg\u00edts\u00e9gre, t\u00e1mogat\u00e1sra.<\/a><\/td>\n<\/tr>\n<tr>\n<td colspan=\"2\"><a class=\"Tartalom\" href=\"20080307.html\">Szigor\u00fabban szab\u00e1lyozott orvostov\u00e1bbk\u00e9pz\u00e9s<\/a><\/td>\n<\/tr>\n<tr>\n<td>&nbsp;<\/td>\n<td><a class=\"Tartalom2\" href=\"20080307.html\">Amikor h\u00e1rom \u00e9vvel ezel\u0151tt egyetem\u00fcnk \u00e1tvette az akkori HIETE-t\u0151l az orvostov\u00e1bbk\u00e9pz\u00e9s megszervez\u00e9s\u00e9t, alaposan megv\u00e1ltozott az addig megszokott gyakorlat. Az eltelt id\u0151szak tapasztalatair\u00f3l a Tov\u00e1bbk\u00e9pz\u00e9si K\u00f6zpont szakmai gr\u00e9mium\u00e1nak eln\u00f6k\u00e9t, <b>Szathm\u00e1ri Mikl\u00f3s<\/b> egyetemi docenst k\u00e9rdezt\u00fck.<\/a><\/td>\n<\/tr>\n<tr>\n<td colspan=\"2\"><a class=\"Tartalom\" href=\"20080308.html\">Semmelweis Innov\u00e1ci\u00f3s Szakkoll\u00e9gium<\/a><\/td>\n<\/tr>\n<tr>\n<td>&nbsp;<\/td>\n<td><a class=\"Tartalom2\" href=\"20080308.html\">Sikerrel p\u00e1ly\u00e1zott egyetem\u00fcnk a \u201eSemmelweis Innov\u00e1ci\u00f3s Szakkoll\u00e9gium \u2013 innov\u00e1ci\u00f3val kapcsolatos el\u0151ad\u00e1ssorozat a j\u00f6v\u0151 sikeres tud\u00f3snemzed\u00e9k\u00e9\u00e9rt\u201d c\u00edm\u0171, Baross G\u00e1bor programhoz kapcsol\u00f3d\u00f3 projekt megval\u00f3s\u00edt\u00e1s\u00e1ra. A 2008 m\u00e1rcius\u00e1ig tart\u00f3 projekt sor\u00e1n megalakult a Semmelweis Innov\u00e1ci\u00f3s Szakkoll\u00e9gium, amelynek keret\u00e9ben janu\u00e1r 8-t\u00f3l t\u00edz alkalomb\u00f3l \u00e1ll\u00f3 el\u0151ad\u00e1ssorozat indult innov\u00e1ci\u00f3-menedzsment t\u00e9mak\u00f6rben.<\/a><\/td>\n<\/tr>\n<tr>\n<td colspan=\"2\"><a class=\"Tartalom\" href=\"20080309.html\">Eur\u00f3pai szabadalmaztat\u00e1s v\u00e1ltoz\u00e1s-k\u00f6zeli \u00e1llapotban<\/a><\/td>\n<\/tr>\n<tr>\n<td>&nbsp;<\/td>\n<td><a class=\"Tartalom2\" href=\"20080309.html\">Az eur\u00f3pai versenyk\u00e9pess\u00e9g, a val\u00f3s\u00e1gos bels\u0151 piac kialakul\u00e1sa szempontj\u00e1b\u00f3l fontos k\u00e9rd\u00e9s, hogy milyen felt\u00e9telekkel szabadalmaztathatj\u00e1k kutat\u00e1saikat, tal\u00e1lm\u00e1nyaikat az innov\u00e1torok. Az eddigi elj\u00e1r\u00e1srenden v\u00e1ltoztatni kell, ez nyilv\u00e1nval\u00f3, no de meddig terjedjen a m\u00f3dos\u00edt\u00e1s hat\u00e1ra? Legyen-e k\u00f6z\u00f6ss\u00e9gi szabadalom? A szakmai berkekben r\u00e9g\u00f3ta d\u00fal\u00f3, nemzeti \u00e9rdekeket is \u00e9rint\u0151 vit\u00e1ban most mintha k\u00f6zeledn\u00e9nek egym\u00e1shoz a tagorsz\u00e1gok. A jelenlegi \u00e1ll\u00e1spontot a Magyar Szabadalmi Hivatal (MSZH) eln\u00f6ke, <b>Bendzsel Mikl\u00f3s<\/b> seg\u00edts\u00e9g\u00e9vel \u00e9rtelmezz\u00fck.<\/a><\/td>\n<\/tr>\n<tr>\n<td colspan=\"2\"><a class=\"Tartalom\" href=\"20080310.html\">Egyetemi TDK konferencia<\/a><\/td>\n<\/tr>\n<tr>\n<td colspan=\"2\"><a class=\"Tartalom\" href=\"20080311.html\">Zene \u00e9s gy\u00f3gy\u00edt\u00e1s<\/a><\/td>\n<\/tr>\n<tr>\n<td>&nbsp;<\/td>\n<td><a class=\"Tartalom2\" href=\"20080311.html\">A Bar\u00e1ti K\u00f6r febru\u00e1ri klubestj\u00e9t a Fogorvosi Szekci\u00f3 rendezte. Amikor dr. <b>G\u00f6mb\u00f6s Gabriella<\/b> szekci\u00f3eln\u00f6k k\u00f6sz\u00f6nt\u00f6tte a megjelenteket, m\u00e1r r\u00e9gen nem volt szabad \u00fcl\u0151hely a NET D\u00edszp\u00e1holy\u00e1ban.<\/a><\/td>\n<\/tr>\n<tr>\n<td colspan=\"2\"><a class=\"Tartalom\" href=\"20080312.html\">Gyan\u00fasak a kommunizmus m\u00fami\u00e1i<\/a><\/td>\n<\/tr>\n<tr>\n<td>&nbsp;<\/td>\n<td><a class=\"Tartalom2\" href=\"20080312.html\">\u201eN\u00e9h\u00e1ny ezer \u00e9vvel ezel\u0151tt, legink\u00e1bb az egyiptomiak azt gondolt\u00e1k, pontosabban hitt\u00e9k, hogy lesz valamif\u00e9le \u00e9let a hal\u00e1l ut\u00e1n is, \u00e9s hogy a test megint \u00f6sszetal\u00e1lkozik a l\u00e9lekkel (ami parkol\u00f3p\u00e1ly\u00e1n leledzik valahol), ez\u00e9rt a legokosabb, amit tehet\u00fcnk, hogy test\u00fcnket addig is valamilyen m\u00f3don meg\u0151rizz\u00fck. Hogy azt\u00e1n kinek jutott el\u0151sz\u00f6r esz\u00e9be a meg\u0151rz\u00e9snek az a m\u00f3dja, amit ma balzsamoz\u00e1snak nevez\u00fcnk, a csuda tudja. Mindenesetre a b\u00f6lcs papok is maguk\u00e9v\u00e1 tett\u00e9k az \u00f6tletet, mondhatn\u00e1nk, ki is saj\u00e1t\u00edtott\u00e1k. Az biztos, abban az id\u0151ben a technol\u00f3gia hozz\u00e1tartozott a mindennapokhoz, nemcsak a gazdagok kiv\u00e1lts\u00e1gak\u00e9nt, lehetett rendelni t\u00f6bbf\u00e9le szolg\u00e1ltat\u00e1st. Persze a p\u00e9nz \u00e9s a poz\u00edci\u00f3 akkor sem volt k\u00f6z\u00f6mb\u00f6s\u201d<\/a><\/td>\n<\/tr>\n<tr>\n<td colspan=\"2\"><a class=\"Tartalom\" href=\"20080313.html\">Semmelweis Egyetemi Kultur\u00e1lis Napok<\/a><\/td>\n<\/tr>\n<tr>\n<td colspan=\"2\"><a class=\"Tartalom\" href=\"20080314.html\">PhD Tudom\u00e1nyos Napok<\/a><\/td>\n<\/tr>\n<tr>\n<td colspan=\"2\"><a class=\"Tartalom\" href=\"20080315.html\">Hirdet\u00e9s<\/a><\/td>\n<\/tr>\n<\/tbody>\n<\/table>\n<\/td>\n<\/tr>\n<\/tbody>\n<\/table>\n<p><\/p>\n<table border=\"0\" width=\"750\" cellspacing=\"0\" cellpadding=\"0\">\n<tbody>\n<tr>\n<td align=\"left\" valign=\"top\"><a class=\"Ugras\" href=\"http:\/\/www.sote.hu\/\">Semmelweis Egyetem<\/a> | <a class=\"Ugras\" href=\"..\/index.html\">Semmelweis Egyetem \u00fajs\u00e1g<\/a> | <a class=\"Ugras\" href=\"20080301.html\">Els\u0151 cikk<\/a> |<\/p>\n<hr noshade=\"noshade\" \/><\/td>\n<\/tr>\n<tr>\n<td><span class=\"Mod_dat\"> <script>            <!--          \tdocument.write(\"Utols\u00f3 m\u00f3dos\u00edt\u00e1s: \" + document.lastModified);            \/\/ -->          <\/script> <\/span><\/td>\n<\/tr>\n<\/tbody>\n<\/table>\n<\/div>\n","protected":false},"excerpt":{"rendered":"<p>IX. \u00e9vfolyam 3. sz\u00e1m \u00b7 2008. m\u00e1rcius 15. <a class=\"Tartalom\" href=\"se0803.pdf\">A lapsz\u00e1m let\u00f6lthet\u0151 itt PDF-form\u00e1tumban<\/a> E lapsz\u00e1munk c\u00edmlapj\u00e1t Romv\u00e1ri J\u00e1nos k\u00e9sz\u00edtette. \u00a0 Tisztelt L\u00e1togat\u00f3nk! Az al\u00e1bbi n\u00e9h\u00e1ny \u00edr\u00e1st a nyomtatott \u00fajs\u00e1gban nem, kiz\u00e1r\u00f3lag lapunk webes v\u00e1ltozat\u00e1ban olvashatja. \u00a0 &nbsp; <a class=\"Tartalom\" href=\"20080316.html\">Csak weben olvashat\u00f3 h\u00edrek, esem\u00e9nyek \u2013 r\u00f6viden<\/a> &nbsp; <a class=\"Tartalom\" href=\"20080317.html\">A pesti egyetemi orvoskar 1848\/49-ben Moln\u00e1r L\u00e1szl\u00f3 \u00edr\u00e1sa (hosszabb v\u00e1ltozat)<\/a> &nbsp; <a class=\"Tartalom\" href=\"20080318.html\">P\u00e1ly\u00e1zati h\u00edrlev\u00e9lb\u0151l: a 7. Keretprogramban meghirdetett p\u00e1ly\u00e1zatok<\/a> &nbsp; <a class=\"Tartalom\" href=\"20080319.html\">15th Budapest Nephrology School\/CME Course (26 August \u2013 31 August)<\/a> &nbsp; <a class=\"Tartalom\" href=\"20080320.html\">K\u00f6zalkalmazotti Tan\u00e1cs v\u00e1laszt\u00e1sra \u00e1ll\u00edtott jel\u00f6ltek n\u00e9vsora<\/a> <a class=\"Tartalom\" href=\"20080301.html\">H\u00edrek, esem\u00e9nyek \u2013 r\u00f6viden<\/a> <a class=\"Tartalom\" href=\"20080302.html\">Ami t\u00fal\u00e9l, n\u00f6vekszik<\/a> &nbsp; <a class=\"Tartalom2\" href=\"20080302.html\">Publicisztika<\/a> <a class=\"Tartalom\" href=\"20080303.html\">\u201eElvesz\u00edtett\u00fck a m\u0171sz\u00edves beteget\u201d<\/a> &nbsp; <a class=\"Tartalom2\" href=\"20080303.html\">Ezzel a dr\u00e1mai bejelent\u00e9ssel kezdte rendk\u00edv\u00fcli sajt\u00f3t\u00e1j\u00e9koztat\u00f3j\u00e1t Szabolcs Zolt\u00e1n \u00e9s Merkely B\u00e9la professzor a Semmelweis Egyetem V\u00e1rosmajori Klinikai T\u00f6mbj\u00e9ben febru\u00e1r 28-\u00e1n. A k\u00e9t hete sikeres m\u0171sz\u00edvbe\u00fcltet\u00e9sen \u00e1tesett beteget a fell\u00e9p\u0151 v\u00e9rz\u00e9ses sz\u00f6v\u0151dm\u00e9ny miatt az orvosok minden er\u0151fesz\u00edt\u00e9s\u00fck ellen\u00e9re sem tudt\u00e1k megmenteni.<\/a> <a class=\"Tartalom\" href=\"20080304.html\">A pesti egyetemi orvoskar 1848\/49-ben (r\u00f6videbb v\u00e1ltozat)<\/a> &nbsp; <a class=\"Tartalom2\" href=\"20080304.html\">A pesti forradalom kit\u00f6r\u00e9s\u00e9ben az orvoskari ifj\u00fas\u00e1g is szerepet v\u00e1llalt. A m\u00e1rciusi ifjak csoportja a Pilvaxb\u00f3l el\u0151sz\u00f6r az orvoskarra ment, hiszen ez az egyetemi int\u00e9zm\u00e9ny esett a k\u00e1v\u00e9h\u00e1zhoz a legk\u00f6zelebb. A mindig k\u00f6nnyen mozg\u00f3s\u00edthat\u00f3, a forradalmi, de legal\u00e1bbis reformeszm\u00e9kt\u0151l er\u0151sen f\u0171t\u00f6tt egyetemi ifj\u00fas\u00e1gb\u00f3l el\u0151sz\u00f6r itt pr\u00f3b\u00e1ltak maguk mell\u00e9 h\u00edveket toborozni.<\/a> <a class=\"Tartalom\" href=\"20080305.html\">K\u00f6zponti szolg\u00e1lat \u2013 mobil aneszteziol\u00f3gusok<\/a> &nbsp; <a class=\"Tartalom2\" href=\"20080305.html\">Szervez\u00e9s alatt \u00e1ll a Semmelweis Egyetem K\u00f6zponti Aneszteziol\u00f3giai \u00e9s Intenz\u00edv Ter\u00e1pi\u00e1s Szolg\u00e1lata. A h\u00edrrel kapcsolatban sz\u00e1mos f\u00e9lre\u00e9rt\u00e9s, felesleges f\u00e9lelem, k\u00e9tked\u00e9s is sz\u00e1rnyra kapott. Ezeket igyeksz\u00fcnk eloszlatni az Aneszteziol\u00f3giai \u00e9s Intenz\u00edv Ter\u00e1pi\u00e1s Klinika (AITK) igazgat\u00f3ja, G\u00e1l J\u00e1nos egyetemi docens seg\u00edts\u00e9g\u00e9vel, akit\u0151l e szakter\u00fclet \u00f6sszevon\u00e1s\u00e1nak sz\u00fcks\u00e9gess\u00e9g\u00e9r\u0151l is inform\u00e1l\u00f3dtunk.<\/a> <a class=\"Tartalom\" href=\"20080306.html\">\u00c1pol\u00f3k kritikus helyzetben<\/a> &nbsp; <a class=\"Tartalom2\" href=\"20080306.html\">Az \u00e1pol\u00f3i hivat\u00e1s l\u00e9nyege m\u00e1s embereknek t\u00f6rt\u00e9n\u0151 seg\u00edts\u00e9gny\u00fajt\u00e1s. T\u00f6bb \u00e9ves negat\u00edv tendencia k\u00f6vetkezm\u00e9nyek\u00e9nt az \u00e1pol\u00f3i l\u00e9tsz\u00e1m orsz\u00e1gos szinten jelent\u0151sen cs\u00f6kkent, \u00e9s most az \u00e1pol\u00f3k szorulnak seg\u00edts\u00e9gre, t\u00e1mogat\u00e1sra.<\/a> <a class=\"Tartalom\" href=\"20080307.html\">Szigor\u00fabban szab\u00e1lyozott orvostov\u00e1bbk\u00e9pz\u00e9s<\/a> &nbsp; <a class=\"Tartalom2\" href=\"20080307.html\">Amikor h\u00e1rom \u00e9vvel ezel\u0151tt egyetem\u00fcnk \u00e1tvette az akkori HIETE-t\u0151l az orvostov\u00e1bbk\u00e9pz\u00e9s megszervez\u00e9s\u00e9t, alaposan megv\u00e1ltozott az addig megszokott gyakorlat. Az eltelt id\u0151szak tapasztalatair\u00f3l a Tov\u00e1bbk\u00e9pz\u00e9si K\u00f6zpont szakmai gr\u00e9mium\u00e1nak eln\u00f6k\u00e9t, Szathm\u00e1ri Mikl\u00f3s egyetemi docenst k\u00e9rdezt\u00fck.<\/a> <a class=\"Tartalom\" href=\"20080308.html\">Semmelweis Innov\u00e1ci\u00f3s Szakkoll\u00e9gium<\/a> &nbsp; &hellip;<\/p>\n","protected":false},"author":101243,"featured_media":0,"comment_status":"closed","ping_status":"closed","sticky":false,"template":"","format":"standard","meta":{"_acf_changed":false,"footnotes":""},"categories":[13],"tags":[21],"class_list":["post-1522","post","type-post","status-publish","format-standard","hentry","category-13","tag-se200803"],"acf":[],"_links":{"self":[{"href":"https:\/\/semmelweis.hu\/ujsag\/wp-json\/wp\/v2\/posts\/1522","targetHints":{"allow":["GET"]}}],"collection":[{"href":"https:\/\/semmelweis.hu\/ujsag\/wp-json\/wp\/v2\/posts"}],"about":[{"href":"https:\/\/semmelweis.hu\/ujsag\/wp-json\/wp\/v2\/types\/post"}],"author":[{"embeddable":true,"href":"https:\/\/semmelweis.hu\/ujsag\/wp-json\/wp\/v2\/users\/101243"}],"replies":[{"embeddable":true,"href":"https:\/\/semmelweis.hu\/ujsag\/wp-json\/wp\/v2\/comments?post=1522"}],"version-history":[{"count":2,"href":"https:\/\/semmelweis.hu\/ujsag\/wp-json\/wp\/v2\/posts\/1522\/revisions"}],"predecessor-version":[{"id":5309,"href":"https:\/\/semmelweis.hu\/ujsag\/wp-json\/wp\/v2\/posts\/1522\/revisions\/5309"}],"wp:attachment":[{"href":"https:\/\/semmelweis.hu\/ujsag\/wp-json\/wp\/v2\/media?parent=1522"}],"wp:term":[{"taxonomy":"category","embeddable":true,"href":"https:\/\/semmelweis.hu\/ujsag\/wp-json\/wp\/v2\/categories?post=1522"},{"taxonomy":"post_tag","embeddable":true,"href":"https:\/\/semmelweis.hu\/ujsag\/wp-json\/wp\/v2\/tags?post=1522"}],"curies":[{"name":"wp","href":"https:\/\/api.w.org\/{rel}","templated":true}]}}