{"id":1517,"date":"2008-06-20T00:00:00","date_gmt":"2008-06-19T22:00:00","guid":{"rendered":"http:\/\/semmelweis.hu\/ujsag\/ix-evfolyam-8-szam-%c2%b7-2008-junius-20\/"},"modified":"2017-07-21T16:06:46","modified_gmt":"2017-07-21T14:06:46","slug":"ix-evfolyam-8-szam-%c2%b7-2008-junius-20","status":"publish","type":"post","link":"https:\/\/semmelweis.hu\/ujsag\/2008\/06\/20\/ix-evfolyam-8-szam-%c2%b7-2008-junius-20\/","title":{"rendered":"IX. \u00e9vfolyam 8. sz\u00e1m \u00b7 2008. j\u00fanius 20."},"content":{"rendered":"<div  style=\"background-color: #fff\" align=\"center\">\n<table style=\"border-bottom: 2px solid #336699; margin-bottom: 2em ; background-image: url(..\/basics\/se_fej.jpg)\" border=\"0\" cellspacing=\"0\" cellpadding=\"0\">\n<tbody>\n<tr>\n<td valign=\"bottom\" width=\"750\" height=\"223\">\n<p align=\"right\"><span class=\"Megjelenes\">IX. \u00e9vfolyam 8. sz\u00e1m \u00b7 2008. j\u00fanius 20.<\/span><\/p>\n<\/td>\n<\/tr>\n<\/tbody>\n<\/table>\n<table border=\"0\" width=\"750\" cellspacing=\"0\" cellpadding=\"0\">\n<tbody>\n<tr>\n<td align=\"left\" valign=\"top\" width=\"370\">\n<p><img loading=\"lazy\" decoding=\"async\" src=\"20080800.jpg\" alt=\"20080800.jpg\" width=\"370\" height=\"524\" border=\"0\" \/><\/p>\n<p style=\"color: #000000; font-family: Verdana,Arial; font-size: 11px; font-weight: normal; text-decoration: none; line-height: 16px; margin-top: 10px;\" align=\"left\">Fels\u0151 c\u00edmlapk\u00e9pen: Sz\u00f6vettani diagnosztikai egys\u00e9get avattak az I.sz. Patol\u00f3giai \u00e9s K\u00eds\u00e9rleti R\u00e1kkutat\u00f3 Int\u00e9zetben, cikk a <a class=\"Tartalom\" href=\"20080803.html\">3. oldalon<\/a>.<br \/>\nAls\u00f3 c\u00edmlapk\u00e9pen: A tervek szerint j\u00f6v\u0151 \u00e1prilisra teljesen meg\u00fajul a M\u00e1ria utcai Szemklinika \u00e9p\u00fclete, cikk a <a class=\"Tartalom\" href=\"20080804.html\">4-5. oldalon<\/a>.<br \/>\nFot\u00f3k: D. Kiss Bal\u00e1zs<\/p>\n<p style=\"color: #000000; font-family: Verdana,Arial; font-size: 11px; font-weight: normal; text-decoration: none; line-height: 16px; margin-top: 20px;\" align=\"left\"><a class=\"Tartalom\" href=\"se0808.pdf\">A lapsz\u00e1m let\u00f6lthet\u0151 itt PDF-form\u00e1tumban<\/a><\/p>\n<p style=\"color: #000000; font-family: Verdana,Arial; font-size: 11px; font-weight: normal; text-decoration: none; line-height: 16px; margin-top: 20px;\" align=\"left\">E lapsz\u00e1munk bor\u00edt\u00f3j\u00e1t <b>Romv\u00e1ri J\u00e1nos<\/b> k\u00e9sz\u00edtette.<\/p>\n<\/td>\n<td width=\"20\">\u00a0<\/td>\n<td align=\"left\" valign=\"top\" width=\"360\">\n<table border=\"0\" width=\"360\" cellspacing=\"0\" cellpadding=\"0\" bgcolor=\"#ffffff\">\n<tbody>\n<tr>\n<td>\n<table border=\"0\" width=\"100%\" cellspacing=\"0\" cellpadding=\"0\">\n<tbody>\n<tr>\n<td colspan=\"2\"><img decoding=\"async\" src=\"..\/basics\/n1.jpg\" alt=\"\" \/><\/td>\n<\/tr>\n<tr>\n<td align=\"left\"><img decoding=\"async\" src=\"..\/basics\/new.jpg\" alt=\"\" \/><\/td>\n<td valign=\"bottom\">\n<p style=\"color: #000000; font-family: Verdana,Arial; font-size: 11px; font-weight: normal; text-decoration: none; line-height: 16px; margin-bottom: 15px;\">Tisztelt L\u00e1togat\u00f3nk! Az al\u00e1bbi n\u00e9h\u00e1ny \u00edr\u00e1st a nyomtatott \u00fajs\u00e1gban nem, kiz\u00e1r\u00f3lag lapunk webes v\u00e1ltozat\u00e1ban olvashatja.<\/p>\n<\/td>\n<\/tr>\n<tr>\n<td align=\"left\">\u00a0<\/td>\n<td height=\"5\"><img decoding=\"async\" src=\"..\/basics\/onepixel.gif\" alt=\"blank\" \/><\/td>\n<\/tr>\n<\/tbody>\n<\/table>\n<table border=\"0\" width=\"100%\" cellspacing=\"0\" cellpadding=\"0\">\n<tbody>\n<tr>\n<td>&nbsp;<\/td>\n<td colspan=\"2\"><a class=\"Tartalom\" href=\"20080826.html\">Csak weben olvashat\u00f3 h\u00edrek, esem\u00e9nyek \u2013 r\u00f6viden<\/a><\/td>\n<\/tr>\n<tr>\n<td>&nbsp;<\/td>\n<td colspan=\"2\"><a class=\"Tartalom\" href=\"20080827.html\">F\u00f3rum a kr\u00edzist okoz\u00f3 munkaer\u0151hi\u00e1nyr\u00f3l<\/a><\/td>\n<\/tr>\n<tr>\n<td>&nbsp;<\/td>\n<td>&nbsp;<\/td>\n<td><a class=\"Tartalom2\" href=\"20080827.html\">Az Eg\u00e9szs\u00e9g\u00fcgyi Menedzserk\u00e9pz\u0151 K\u00f6zpontban j\u00fanius 10-\u00e9n tartott Eg\u00e9szs\u00e9g\u00fcgyi Emberi Er\u0151forr\u00e1s F\u00f3rumr\u00f3l sz\u00f3l\u00f3 besz\u00e1mol\u00f3t S\u00e1ndor Judit toll\u00e1b\u00f3l olvashatj\u00e1k.<\/a><\/td>\n<\/tr>\n<tr>\n<td>&nbsp;<\/td>\n<td colspan=\"2\"><a class=\"Tartalom\" href=\"20080828.html\">A 2007-es gy\u00f3gyszerpiaci tapasztalatokr\u00f3l<\/a><\/td>\n<\/tr>\n<tr>\n<td>&nbsp;<\/td>\n<td>&nbsp;<\/td>\n<td><a class=\"Tartalom2\" href=\"20080828.html\">Hogyan \u00e9rintett\u00e9k a gy\u00f3gyszerpiac szerepl\u0151it a gy\u00f3gyszerpiac szab\u00e1lyoz\u00e1s\u00e1ban tavaly bek\u00f6vetkezett jelent\u0151s v\u00e1ltoz\u00e1sok? \u2013 Urb\u00e1n Beatrice \u00edr\u00e1sa.<\/a><\/td>\n<\/tr>\n<tr>\n<td>&nbsp;<\/td>\n<td colspan=\"2\"><a class=\"Tartalom\" href=\"20080829.html\">Transzplant\u00e1ci\u00f3 \u2013 szervkiv\u00e9tel cadaver \u00e9s \u00e9l\u0151 donorb\u00f3l<\/a><\/td>\n<\/tr>\n<tr>\n<td>&nbsp;<\/td>\n<td>&nbsp;<\/td>\n<td><a class=\"Tartalom2\" href=\"20080829.html\">A szerv\u00e1t\u00fcltet\u00e9ssel kapcsolatban t\u00f6bb jelent\u0151s etikai, jogi k\u00e9rd\u00e9s mer\u00fcl fel. Ezeket tiszt\u00e1zza Smudla Anik\u00f3.<\/a><\/td>\n<\/tr>\n<tr>\n<td>&nbsp;<\/td>\n<td colspan=\"2\"><a class=\"Tartalom\" href=\"20080830.html\">Csanda Endre professzor eml\u00e9kei<\/a><\/td>\n<\/tr>\n<tr>\n<td>&nbsp;<\/td>\n<td>&nbsp;<\/td>\n<td><a class=\"Tartalom2\" href=\"20080830.html\">Csanda Endre professzort k\u00f6sz\u00f6nt\u00f6tt\u00fck 85. sz\u00fclet\u00e9snapja alkalm\u00e1b\u00f3l. \u00d6n\u00e9letrajzi \u00edr\u00e1saib\u00f3l olvashatnak.<\/a><\/td>\n<\/tr>\n<tr>\n<td>&nbsp;<\/td>\n<td colspan=\"2\"><a class=\"Tartalom\" href=\"20080831.html\">T\u00f6preng\u00e9sek \u00e9s tettek az Oktat\u00e1si Centrum\u00e9rt<\/a><\/td>\n<\/tr>\n<tr>\n<td>&nbsp;<\/td>\n<td>&nbsp;<\/td>\n<td><a class=\"Tartalom2\" href=\"20080831.html\">Egyre k\u00f6zeled\u00fcnk ahhoz a pillanathoz, amikor birtokba vehetj\u00fck egyetem\u00fcnk \u00faj Oktat\u00e1si Centrum\u00e1t. Kopper L\u00e1szl\u00f3nak, az \u00e9p\u00fclet egyik meg\u00e1lmod\u00f3j\u00e1nak gondolatait olvashatj\u00e1k Tolnai Kata \u00e9s T\u00f3th Andrea \u00edr\u00e1s\u00e1ban.<\/a><\/td>\n<\/tr>\n<tr>\n<td>&nbsp;<\/td>\n<td colspan=\"2\"><a class=\"Tartalom\" href=\"20080832.html\">TF-napok m\u00e1jus elej\u00e9n<\/a><\/td>\n<\/tr>\n<tr>\n<td>&nbsp;<\/td>\n<td>&nbsp;<\/td>\n<td><a class=\"Tartalom2\" href=\"20080832.html\">Csermely G\u00e1bor \u00edr\u00e1sa.<\/a><\/td>\n<\/tr>\n<tr>\n<td>&nbsp;<\/td>\n<td colspan=\"2\"><a class=\"Tartalom\" href=\"20080833.html\">Mikor is iratkozott be az egyetemre, Alad\u00e1r b\u00e1csi?<\/a><\/td>\n<\/tr>\n<tr>\n<td>&nbsp;<\/td>\n<td>&nbsp;<\/td>\n<td><a class=\"Tartalom2\" href=\"20080833.html\">Az arany okleveles Szende Istv\u00e1n gondolatai<\/a><\/td>\n<\/tr>\n<tr>\n<td>&nbsp;<\/td>\n<td colspan=\"2\"><a class=\"Tartalom\" href=\"20080834.html\">Eml\u00e9kez\u00e9s Urai L\u00e1szl\u00f3ra<\/a><\/td>\n<\/tr>\n<tr>\n<td>&nbsp;<\/td>\n<td>&nbsp;<\/td>\n<td><a class=\"Tartalom2\" href=\"20080834.html\">Urai L\u00e1szl\u00f3 angiol\u00f3gus, egyetemi tan\u00e1r 1987. \u00e1prilis 5-\u00e9n hunyt el \u2013 Emed Alexander eml\u00e9kezik r\u00e1 \u00edr\u00e1s\u00e1val.<\/a><\/td>\n<\/tr>\n<tr>\n<td>&nbsp;<\/td>\n<td colspan=\"2\"><a class=\"Tartalom\" href=\"20080835.html\">Csod\u00e1latos Patol\u00f3gia \u2013 fot\u00f3ki\u00e1ll\u00edt\u00e1s<\/a><\/td>\n<\/tr>\n<tr>\n<td>&nbsp;<\/td>\n<td>&nbsp;<\/td>\n<td><a class=\"Tartalom2\" href=\"20080835.html\">Fluoreszcens \u00e9s konfok\u00e1lis mikroszk\u00f3pos k\u00e9pekb\u0151l rendezett ki\u00e1ll\u00edt\u00e1sr\u00f3l Urb\u00e1n Beatrice sz\u00e1molt be lapunknak<\/a><\/td>\n<\/tr>\n<tr>\n<td colspan=\"3\"><img decoding=\"async\" src=\"..\/basics\/n2.jpg\" alt=\"\" \/><\/td>\n<\/tr>\n<\/tbody>\n<\/table>\n<\/td>\n<\/tr>\n<\/tbody>\n<\/table>\n<table border=\"0\" width=\"100%\" cellspacing=\"0\" cellpadding=\"0\">\n<tbody>\n<tr>\n<td height=\"20\"><img decoding=\"async\" src=\"..\/basics\/onepixel.gif\" alt=\"blank\" \/><\/td>\n<\/tr>\n<\/tbody>\n<\/table>\n<table style=\"margin-bottom: 20px;\" border=\"0\" width=\"360\" cellspacing=\"0\" cellpadding=\"0\">\n<tbody>\n<tr>\n<td colspan=\"2\"><a class=\"Tartalom\" href=\"20080801.html\">H\u00edrek, esem\u00e9nyek \u2013 r\u00f6viden<\/a><\/td>\n<\/tr>\n<tr>\n<td colspan=\"2\"><a class=\"Tartalom\" href=\"20080802.html\">Gondolatok a <i>b\u00e9ranya sejtekr\u0151l<\/i><\/a><\/td>\n<\/tr>\n<tr>\n<td>&nbsp;<\/td>\n<td><a class=\"Tartalom2\" href=\"20080802.html\">Publicisztika<\/a><\/td>\n<\/tr>\n<tr>\n<td colspan=\"2\"><a class=\"Tartalom\" href=\"20080803.html\">El\u0151d\u00f6k \u00e9s ut\u00f3dok teremtette sz\u00f6vettani diagnosztikai egys\u00e9g<\/a><\/td>\n<\/tr>\n<tr>\n<td>&nbsp;<\/td>\n<td><a class=\"Tartalom2\" href=\"20080803.html\">Eur\u00f3pai dimenzi\u00f3j\u00fa nagyberuh\u00e1z\u00e1snak nevezte prof. dr. <b>Tulassay Tivadar<\/b> rektor az I. sz. Patol\u00f3giai \u00e9s K\u00eds\u00e9rleti R\u00e1kkutat\u00f3 Int\u00e9zetben m\u00e1jus 21-\u00e9n \u00e1tadott sz\u00f6vettani diagnosztikai egys\u00e9g megteremt\u00e9s\u00e9t, utalva ezzel az \u00faj l\u00e9tes\u00edtm\u00e9ny jelent\u0151s\u00e9g\u00e9re. Az avat\u00e1si cerem\u00f3ni\u00e1n nemcsak a jelen \u00e9s a k\u00f6zelm\u00falt munk\u00e1lkod\u00f3ir\u00f3l eml\u00e9keztek meg, hanem \u2013 portr\u00e9j\u00e1nak leleplez\u00e9s\u00e9vel \u2013 e tudom\u00e1nyter\u00fclet fejl\u0151d\u00e9s\u00e9ben egykor fontos szerepet j\u00e1tsz\u00f3 dr. <b>Balogh Ern\u0151<\/b> professzorr\u00f3l is.<\/a><\/td>\n<\/tr>\n<tr>\n<td colspan=\"2\"><a class=\"Tartalom\" href=\"20080804.html\">\u00c1t\u00e9p\u00edt\u00e9s alatt a M\u00e1ria utcai szemklinikai \u00e9p\u00fclet<\/a><\/td>\n<\/tr>\n<tr>\n<td>&nbsp;<\/td>\n<td><a class=\"Tartalom2\" href=\"20080804.html\">A tervek szerint j\u00f6v\u0151 \u00e1prilisra k\u00edv\u00fcl-bel\u00fcl meg\u00fajul, s\u0151t m\u00e9g b\u0151v\u00fcl is a Szem\u00e9szeti Klinika M\u00e1ria utcai \u00e9p\u00fclete. A m\u00e1r elkezd\u0151d\u00f6tt rekonstrukci\u00f3 ideje alatt v\u00e1ltozatlanul ell\u00e1tj\u00e1k a betegeket. Az \u00e1t\u00e9p\u00edt\u00e9sr\u0151l dr. <b>Nagy Zolt\u00e1n Zsolt<\/b> egyetemi docens, az \u00e9p\u00edtkez\u00e9si projekt vezet\u0151je, a kl<br \/>\n inika igazgat\u00f3helyettese t\u00e1j\u00e9koztatta lapunkat.<\/a><\/td>\n<\/tr>\n<tr>\n<td colspan=\"2\"><a class=\"Tartalom\" href=\"20080805.html\">Fel\u00faj\u00edt\u00e1s \u00e9s hozz\u00e1\u00e9p\u00edt\u00e9s<\/a><\/td>\n<\/tr>\n<tr>\n<td>&nbsp;<\/td>\n<td><a class=\"Tartalom2\" href=\"20080805.html\">\u201eNagy \u00f6r\u00f6m sz\u00e1munkra, hogy megkezd\u0151d\u00f6tt a M\u00e1ria utcai Szemklinika k\u00fcls\u0151 \u00e9s bels\u0151 teljes fel\u00faj\u00edt\u00e1sa, hisz az \u00e9p\u00fclet \u00e9ppen az id\u00e9n lesz 100 \u00e9ves.\u201d \u2013 mondta lapunknak dr. <b>N\u00e9meth J\u00e1nos<\/b> klinikaigazgat\u00f3 professzor. \u2013 \u201eT\u00f6bb, mint k\u00e9t \u00e9vsz\u00e1zada van Szem\u00e9szeti Klinika Budapesten, amely 1804-es alap\u00edt\u00e1s\u00e1val a m\u00e1sodik legr\u00e9gebbi a vil\u00e1gon. A jelenlegi M\u00e1ria utcai \u00e9p\u00fcletet egy \u00e9v alatt h\u00fazt\u00e1k fel 1908-ban, s rem\u00e9nyeink szerint a mostani \u00e1talak\u00edt\u00e1s is megt\u00f6rt\u00e9nik j\u00f6v\u0151 tavaszra.\u201d<\/a><\/td>\n<\/tr>\n<tr>\n<td colspan=\"2\"><a class=\"Tartalom\" href=\"20080806.html\">Rektori p\u00e1lyamunk\u00e1k d\u00edjazottjai<\/a><\/td>\n<\/tr>\n<tr>\n<td colspan=\"2\"><a class=\"Tartalom\" href=\"20080807.html\">H\u00fasz\u00e9ves a Mozsonyi S\u00e1ndor Alap\u00edtv\u00e1ny<\/a><\/td>\n<\/tr>\n<tr>\n<td colspan=\"2\"><a class=\"Tartalom\" href=\"20080808.html\">Sokfel\u00e9 nyit\u00f3 egyetemi nemzetk\u00f6zi kapcsolatok<\/a><\/td>\n<\/tr>\n<tr>\n<td>&nbsp;<\/td>\n<td><a class=\"Tartalom2\" href=\"20080808.html\">Idestova m\u00e1sf\u00e9l \u00e9ve \u00faj vezet\u0151 ir\u00e1ny\u00edtja a Nemzetk\u00f6zi Kapcsolatok Igazgat\u00f3s\u00e1g\u00e1t egyetem\u00fcnk\u00f6n. A tavaly janu\u00e1rt\u00f3l hozz\u00e1nk ker\u00fclt <b>S\u00fcmeghy Gyul\u00e1t\u00f3l <\/b>nem csak az \u00fagymond, klasszikus feladataikr\u00f3l szerezt\u00fcnk inform\u00e1ci\u00f3t, de \u00e9rtes\u00fclt\u00fcnk \u00faj teend\u0151ikr\u0151l is.<\/a><\/td>\n<\/tr>\n<tr>\n<td colspan=\"2\"><a class=\"Tartalom\" href=\"20080809.html\">Uni\u00f3s ir\u00e1nyelvek a biztons\u00e1gos, min\u0151s\u00e9gi szerv\u00e1t\u00fcltet\u00e9s\u00e9rt<\/a><\/td>\n<\/tr>\n<tr>\n<td colspan=\"2\"><a class=\"Tartalom\" href=\"20080810.html\">Szakma \u00e9s halad\u00e1s \u2013 kit\u00fcntett\u00e9k Paulin Ferencet<\/a><\/td>\n<\/tr>\n<tr>\n<td>&nbsp;<\/td>\n<td><a class=\"Tartalom2\" href=\"20080810.html\">A Magyar K\u00f6zt\u00e1rsas\u00e1gi \u00c9rdemrend Lovagkeresztje kit\u00fcntet\u00e9st kapta dr. <b>Paulin Ferenc<\/b>, a II. sz. Sz\u00fcl\u00e9szeti \u00e9s N\u0151gy\u00f3gy\u00e1szati Klinika egyetemi tan\u00e1ra. Az egyetem ism\u00e9telt felterjeszt\u00e9s\u00e9re m\u00e1rcius 15-\u00e9n ezzel a magas kit\u00fcntet\u00e9ssel fejezte ki az elismer\u00e9s\u00e9t az \u00e1llam \u00e9s a t\u00e1rca a professzor oktat\u00e1sban v\u00e9gzett sok\u00e9ves, magas sz\u00ednvonal\u00fa munk\u00e1j\u00e1\u00e9rt.<\/a><\/td>\n<\/tr>\n<tr>\n<td colspan=\"2\"><a class=\"Tartalom\" href=\"20080811.html\">Korasz\u00fcl\u00f6ttek maj\u00e1lisa<\/a><\/td>\n<\/tr>\n<tr>\n<td colspan=\"2\"><a class=\"Tartalom\" href=\"20080812.html\">A biztons\u00e1g fel\u00e9rt\u00e9kel\u0151d\u00f6tt<\/a><\/td>\n<\/tr>\n<tr>\n<td>&nbsp;<\/td>\n<td><a class=\"Tartalom2\" href=\"20080812.html\">\u00dcnneps\u00e9g keret\u00e9ben adtuk \u00e1t j\u00fanius 4-\u00e9n a Nagyv\u00e1rad t\u00e9ri Elm\u00e9leti T\u00f6mb fej\u00faj\u00edt\u00e1s\u00e1val \u00f6sszef\u00fcgg\u00e9sben megval\u00f3sult biztons\u00e1gtechnikai beruh\u00e1z\u00e1s-sorozat els\u0151 \u00fctem\u00e9t. Ez a munka nem olyan l\u00e1tv\u00e1nyos, nincs annyira szem el\u0151tt, mint p\u00e9ld\u00e1ul volt a NET b\u0151v\u00edt\u00e9se, \u00f6sszege sem t\u00fal nagy, viszont ann\u00e1l nagyobb az \u00e9rt\u00e9k, amit teremtett: az \u00e9p\u00fcletet haszn\u00e1l\u00f3 hallgat\u00f3k \u00e9s dolgoz\u00f3k biztons\u00e1g\u00e1nak v\u00e9delm\u00e9t szolg\u00e1lja. Emiatt fontos, hogy a nyilv\u00e1noss\u00e1g el\u00e9 t\u00e1rjuk az e t\u00e9ren el\u00e9rt eredm\u00e9nyeket. Nem lehet olyan sz\u0171k\u00f6s az egyetem k\u00f6lts\u00e9gvet\u00e9se, hogy ne \u00e1ldozzunk a biztons\u00e1g n\u00f6vel\u00e9s\u00e9re, ez\u00e9rt folytatni k\u00edv\u00e1njuk a most megkezdett beruh\u00e1z\u00e1st.<\/a><\/td>\n<\/tr>\n<tr>\n<td colspan=\"2\"><a class=\"Tartalom\" href=\"20080813.html\">A Kardiol\u00f3gia Napja<\/a><\/td>\n<\/tr>\n<tr>\n<td colspan=\"2\"><a class=\"Tartalom\" href=\"20080814.html\">Vil\u00e1gsz\u00ednvonal\u00fa diagnosztikai rendszer a gyermekell\u00e1t\u00e1sban<\/a><\/td>\n<\/tr>\n<tr>\n<td>&nbsp;<\/td>\n<td><a class=\"Tartalom2\" href=\"20080814.html\">Az I. sz. Gyermek\u00adgy\u00f3gy\u00e1szati Klinika 33,2 milli\u00f3 forint \u00e9rt\u00e9k\u0171 m\u0171szeradom\u00e1nyt kapott a Gyermekr\u00e1k Alap\u00edt\u00adv\u00e1nyt\u00f3l. Az Olympus Endoszk\u00f3pos Torony\u00adrendszer seg\u00edts\u00e9g\u00e9vel \u00e9vente mintegy 250-300 gyomor- \u00e9s b\u00e9ltraktus betegs\u00e9gekben szenved\u0151 gyermeket vizsg\u00e1lhatnak ezent\u00fal \u2013 mondta az \u00e1tad\u00e1si \u00fcnneps\u00e9gen prof. dr. <b>Arat\u00f3 Andr\u00e1s<\/b> igazgat\u00f3helyettes.<\/a><\/td>\n<\/tr>\n<tr>\n<td colspan=\"2\"><a class=\"Tartalom\" href=\"20080815.html\">Egy \u00e1pol\u00f3i f\u00f3rum \u00fcr\u00fcgy\u00e9n <\/a><\/td>\n<\/tr>\n<tr>\n<td>&nbsp;<\/td>\n<td><a class=\"Tartalom2\" href=\"20080815.html\">Emberi er\u0151forr\u00e1s kr\u00edzis az eg\u00e9szs\u00e9g\u00fcgyben<\/a><\/td>\n<\/tr>\n<tr>\n<td colspan=\"2\"><a class=\"Tartalom\" href=\"20080816.html\">K\u00e9t egyetemt\u00f6rt\u00e9neti csemege egy napon<\/a><\/td>\n<\/tr>\n<tr>\n<td colspan=\"2\"><a class=\"Tartalom\" href=\"20080817.html\">Meg\u00fajult klinikakert<\/a><\/td>\n<\/tr>\n<tr>\n<td colspan=\"2\"><a class=\"Tartalom\" href=\"20080818.html\">Korlenyomat 2008<\/a><\/td>\n<\/tr>\n<tr>\n<td>&nbsp;<\/td>\n<td><a class=\"Tartalom2\" href=\"20080818.html\">K\u00f6nyvaj\u00e1nl\u00f3<\/a><\/td>\n<\/tr>\n<tr>\n<td colspan=\"2\"><a class=\"Tartalom\" href=\"20080819.html\">Tudom\u00e1nyt\u00f3l \u00dczletig<\/a><\/td>\n<\/tr>\n<tr>\n<td>&nbsp;<\/td>\n<td><a class=\"Tartalom2\" href=\"20080819.html\">\u2013 m\u00e9rf\u00f6ldk\u0151 a Semmelweis Innovations Trimar\u00e1n Programj\u00e1ban<\/a><\/td>\n<\/tr>\n<tr>\n<td colspan=\"2\"><a class=\"Tartalom\" href=\"20080820.html\">Tov\u00e1bbfejl\u0151dni \u00e9s gy\u00f3gy\u00edtani<\/a><\/td>\n<\/tr>\n<tr>\n<td>&nbsp;<\/td>\n<td><a class=\"Tartalom2\" href=\"20080820.html\">A mindennapokat meg\u00e9lni, betegeket gy\u00f3gy\u00edtani eg\u00e9sz \u00e9letre sz\u00f3l\u00f3 elhivatotts\u00e1got jelent. A fiatal kutat\u00f3n\u0151 ars poetic\u00e1j\u00e1ban ez ker\u00fclt az els\u0151 helyre. Dr. <b>Duhaj Szilvia<\/b>, a FOK I. \u00e9ves rezidense \u201eKiv\u00e1l\u00f3 tudom\u00e1nyos di\u00e1kk\u00f6r\u00f6s\u201d kit\u00fcntet\u00e9st kapott, amelyet a febru\u00e1ri egyetemi TDK konferenci\u00e1n vett \u00e1t. <\/a><\/td>\n<\/tr>\n<tr>\n<td colspan=\"2\"><a class=\"Tartalom\" href=\"20080821.html\">Ovibemutatkoz\u00f3<\/a><\/td>\n<\/tr>\n<tr>\n<td colspan=\"2\"><a class=\"Tartalom\" href=\"20080822.html\">Hivat\u00e1sa volt az \u00e9lete <\/a><\/td>\n<\/tr>\n<tr>\n<td>&nbsp;<\/td>\n<td><a class=\"Tartalom2\" href=\"20080822.html\">Orvos sosem szakad el hivat\u00e1s\u00e1t\u00f3l, am\u00edg \u00e9l, addig foglalkoztatja szakm\u00e1ja fejl\u0151d\u00e9se. A 80. sz\u00fclet\u00e9snapj\u00e1t nemr\u00e9g \u00fcnnepl\u0151 dr. <b>Hervei Sarolta<\/b> tov\u00e1bbk\u00e9pz\u00e9sekre j\u00e1r ma is. \u00c9lete, p\u00e1ly\u00e1ja csaknem h\u00e1rom \u00e9vtizeden \u00e1t kapcsol\u00f3dott \u00f6ssze a II. sz. Gyermekgy\u00f3gy\u00e1szati Klinik\u00e1val. K\u00e9r\u00e9s\u00fcnkre eml\u00e9keib\u0151l szemezgetett.<\/a><\/td>\n<\/tr>\n<tr>\n<td colspan=\"2\"><a class=\"Tartalom\" href=\"20080823.html\">A kor is lehet \u00e9rdem<\/a><\/td>\n<\/tr>\n<tr>\n<td>&nbsp;<\/td>\n<td><a class=\"Tartalom2\" href=\"20080823.html\">Csanda Endre professzor nyolcvan\u00f6t \u00e9ves<\/a><\/td>\n<\/tr>\n<tr>\n<td colspan=\"2\"><a class=\"Tartalom\" href=\"20080824.html\">A Semmelweis Egyetem Szen\u00e1tusa, 2008<\/a><\/td>\n<\/tr>\n<tr>\n<td colspan=\"2\"><a class=\"Tartalom\" href=\"20080825.html\">Fizetett hirdet\u00e9s<\/a><\/td>\n<\/tr>\n<tr>\n<td>&nbsp;<\/td>\n<td><a class=\"Tartalom2\" href=\"20080825.html\">Medicomm<\/a><\/td>\n<\/tr>\n<\/tbody>\n<\/table>\n<\/td>\n<\/tr>\n<\/tbody>\n<\/table>\n<p>&nbsp;<\/p>\n<table border=\"0\" width=\"750\" cellspacing=\"0\" cellpadding=\"0\">\n<tbody>\n<tr>\n<td align=\"left\" valign=\"top\">\n<p><a class=\"Ugras\" href=\"http:\/\/www.sote.hu\/\">Semmelweis Egyetem<\/a> | <a class=\"Ugras\" href=\"..\/index.html\">Semmelweis Egyetem \u00fajs\u00e1g<\/a> | <a class=\"Ugras\" href=\"20080801.html\">Els\u0151 cikk<\/a> |<\/p>\n<hr noshade=\"noshade\" \/><\/td>\n<\/tr>\n<tr>\n<td><span class=\"Mod_dat\"> <script>            <!-- document.write(\"Utols\u00f3 m\u00f3dos\u00edt\u00e1s: \" + document.lastModified); \/\/ -->          <\/script> <\/span><\/td>\n<\/tr>\n<\/tbody>\n<\/table>\n<\/div>\n","protected":false},"excerpt":{"rendered":"<p>IX. \u00e9vfolyam 8. sz\u00e1m \u00b7 2008. j\u00fanius 20. Fels\u0151 c\u00edmlapk\u00e9pen: Sz\u00f6vettani diagnosztikai egys\u00e9get avattak az I.sz. Patol\u00f3giai \u00e9s K\u00eds\u00e9rleti R\u00e1kkutat\u00f3 Int\u00e9zetben, cikk a <a class=\"Tartalom\" href=\"20080803.html\">3. oldalon<\/a> . Als\u00f3 c\u00edmlapk\u00e9pen: A tervek szerint j\u00f6v\u0151 \u00e1prilisra teljesen meg\u00fajul a M\u00e1ria utcai Szemklinika \u00e9p\u00fclete, cikk a <a class=\"Tartalom\" href=\"20080804.html\">4-5. oldalon<\/a> . Fot\u00f3k: D. Kiss Bal\u00e1zs <a class=\"Tartalom\" href=\"se0808.pdf\">A lapsz\u00e1m let\u00f6lthet\u0151 itt PDF-form\u00e1tumban<\/a> E lapsz\u00e1munk bor\u00edt\u00f3j\u00e1t Romv\u00e1ri J\u00e1nos k\u00e9sz\u00edtette. \u00a0 Tisztelt L\u00e1togat\u00f3nk! Az &hellip;<\/p>\n","protected":false},"author":101243,"featured_media":0,"comment_status":"closed","ping_status":"closed","sticky":false,"template":"","format":"standard","meta":{"_acf_changed":false,"footnotes":""},"categories":[13],"tags":[24],"class_list":["post-1517","post","type-post","status-publish","format-standard","hentry","category-13","tag-se200808"],"acf":[],"_links":{"self":[{"href":"https:\/\/semmelweis.hu\/ujsag\/wp-json\/wp\/v2\/posts\/1517","targetHints":{"allow":["GET"]}}],"collection":[{"href":"https:\/\/semmelweis.hu\/ujsag\/wp-json\/wp\/v2\/posts"}],"about":[{"href":"https:\/\/semmelweis.hu\/ujsag\/wp-json\/wp\/v2\/types\/post"}],"author":[{"embeddable":true,"href":"https:\/\/semmelweis.hu\/ujsag\/wp-json\/wp\/v2\/users\/101243"}],"replies":[{"embeddable":true,"href":"https:\/\/semmelweis.hu\/ujsag\/wp-json\/wp\/v2\/comments?post=1517"}],"version-history":[{"count":10,"href":"https:\/\/semmelweis.hu\/ujsag\/wp-json\/wp\/v2\/posts\/1517\/revisions"}],"predecessor-version":[{"id":4975,"href":"https:\/\/semmelweis.hu\/ujsag\/wp-json\/wp\/v2\/posts\/1517\/revisions\/4975"}],"wp:attachment":[{"href":"https:\/\/semmelweis.hu\/ujsag\/wp-json\/wp\/v2\/media?parent=1517"}],"wp:term":[{"taxonomy":"category","embeddable":true,"href":"https:\/\/semmelweis.hu\/ujsag\/wp-json\/wp\/v2\/categories?post=1517"},{"taxonomy":"post_tag","embeddable":true,"href":"https:\/\/semmelweis.hu\/ujsag\/wp-json\/wp\/v2\/tags?post=1517"}],"curies":[{"name":"wp","href":"https:\/\/api.w.org\/{rel}","templated":true}]}}