{"id":107,"date":"2009-10-12T00:00:00","date_gmt":"2009-10-11T22:00:00","guid":{"rendered":"http:\/\/semmelweis.hu\/ujsag\/x_evfolyam_9_szam_2009_oktober_12_folyoirat\/"},"modified":"2018-01-10T14:40:32","modified_gmt":"2018-01-10T13:40:32","slug":"x_evfolyam_9_szam_2009_oktober_12_folyoirat","status":"publish","type":"post","link":"https:\/\/semmelweis.hu\/ujsag\/2009\/10\/12\/x_evfolyam_9_szam_2009_oktober_12_folyoirat\/","title":{"rendered":"Semmelweis Egyetem \u2013 X. \u00e9vfolyam, 9. sz\u00e1m \u2013 2009. okt\u00f3ber 12."},"content":{"rendered":"<p><strong><a href=\"https:\/\/semmelweis.hu\/ujsag\/files\/2015\/12\/x._evfolyam__9._szam_\u2013_2009._oktober_12.-2009-10-12.pdf\"><img loading=\"lazy\" decoding=\"async\" class=\"size-full wp-image-406 alignright\" src=\"https:\/\/semmelweis.hu\/ujsag\/files\/2015\/12\/764.jpg\" alt=\"764\" width=\"200\" height=\"283\" \/><\/a>5-6. oldal<br \/>\n<\/strong>Lobog\u00f3 z\u00f6ld z\u00e1szl\u00f3kkal\u00a0<br \/>\n Egyetem\u00fcnk is egyik kezdem\u00e9nyez\u0151je \u2013 az Egyetemi Klinik\u00e1k Sz\u00f6vets\u00e9g\u00e9nek tagjak\u00e9nt \u2013 a szakmai<br \/>\n szervezetekkel k\u00f6z\u00f6s tiltakoz\u00f3 akci\u00f3nak. Az ezt jelk\u00e9pz\u0151 z\u00f6ld z\u00e1szl\u00f3t szeptember 24-\u00e9n d\u00e9lel\u0151tt az<br \/>\n egyetemi vezet\u00e9s, a klinikaigazgat\u00f3k \u00e9s a sajt\u00f3 k\u00e9pvisel\u0151inek jelenl\u00e9t\u00e9ben h\u00fazt\u00e1k fel a Bels\u0151 Klinikai<br \/>\n T\u00f6mb kertj\u00e9ben. A r\u00e9szletekr\u0151l Stubnya Guszt\u00e1v f\u0151igazgat\u00f3 besz\u00e9lt lapunknak \u00e9s olvashatj\u00e1k a<br \/>\n tiltakoz\u00f3 nyilatkozatokat is.<br \/>\n <strong>7-8. oldal<br \/>\n<\/strong>T\u00f6bb p\u00e9nz kell az eg\u00e9szs\u00e9g\u00fcgy \u00e9s az egyetem kassz\u00e1j\u00e1ba\u00a0<br \/>\n A betegs\u00e9g nem tud v\u00e1rni, v\u00e1ls\u00e1gban is gy\u00f3gy\u00edtani kell \u2013 mostan\u00e1ban sokat hallani ezt a mondatot<br \/>\n Iv\u00e1dy Vilmos gazdas\u00e1gi-m\u0171szaki f\u0151igazgat\u00f3t\u00f3l, aki lapunknak adott helyzet\u00e9rt\u00e9kel\u0151j\u00e9ben<br \/>\n elmondta: a negyedik negyed\u00e9vben az \u00e9v els\u0151 kilenc h\u00f3napj\u00e1hoz k\u00e9pest havi 386 milli\u00f3 forint OEP-bev\u00e9telkies\u00e9s v\u00e1rhat\u00f3. Emiatt k\u00e9nyszer\u00fclt restrikci\u00f3s int\u00e9zked\u00e9sek elfogad\u00e1s\u00e1ra szeptember 24-\u00e9n a Szen\u00e1tus.<br \/>\n <strong>9. oldal<br \/>\n<\/strong>K\u00fczdelem a szakdolgoz\u00f3k megtart\u00e1s\u00e1\u00e9rt\u00a0<br \/>\n \u201eRitk\u00e1n adnak \u00e1pol\u00f3knak vagy sz\u00fcl\u00e9szn\u0151knek \u00e1llami kit\u00fcntet\u00e9st. \u00c9n sem sz\u00e1m\u00edtottam ekkora megtiszteltet\u00e9sre, hisz kaptam m\u00e1r miniszteri, szakmai \u00e9s munkahelyi elismer\u00e9seket. Azt gondolom,<br \/>\n hogy ez\u00fattal nem csup\u00e1n engem t\u00fcntettek ki, hanem f\u0151n\u0151v\u00e9r \u00e9s \u00e1pol\u00f3 t\u00e1rsaimat, a k\u00f6r\u00fcl\u00f6ttem dolgoz\u00f3 koll\u00e9g\u00e1kat is, csak ez a rangos \u00e9rem v\u00e9letlen\u00fcl hozz\u00e1m \u00e9rt el.\u201d \u2013 vallja Csetneki Julianna, egyetem\u00fcnk \u00e1pol\u00e1si igazgat\u00f3ja, aki m\u00e1rcius 15-e alkalm\u00e1b\u00f3l a Magyar K\u00f6zt\u00e1rsas\u00e1g Ez\u00fcst \u00c9rdemkereszt kit\u00fcntet\u00e9sben r\u00e9szes\u00fclt.<br \/>\n <strong>10. oldal <br \/>\n<\/strong>Klinikai szimul\u00e1ci\u00f3s labor az ETK-n\u00a0<br \/>\n Sol omnibus lucet \u2013 sz\u00f3l az Eg\u00e9szs\u00e9gtudom\u00e1nyi Kar mott\u00f3ja, vagyis a Nap mindenkinek s\u00fct, m\u00e9g annak az \u00e9letnagys\u00e1g\u00fa szimul\u00e1tor bab\u00e1nak is, aki szeptember 16-a \u00f3ta akt\u00edvan gy\u00f3gyul a korszer\u0171en felszerelt laborat\u00f3riumban, k\u00f6zben tan\u00edtva nemcsak a kar, hanem az egyetem \u00f6sszes gy\u00f3gy\u00edt\u00e1ssal foglalkoz\u00f3 kar\u00e1nak hallgat\u00f3it.<br \/>\n <strong>11. oldal<br \/>\n<\/strong>Egyetemi lovasok\u00a0<br \/>\n \u0150k lesznek azok, akik \u00e1llj\u00e1k a sarat, vagyis a lovak \u00e9s a lovasok \u2013 mondta besz\u00e9d\u00e9ben Dobozy L\u00e1szl\u00f3, arra utalva, hogy a nagy s\u00e1rban az aut\u00f3k elakadnak, de a lovak nem. Mindez a Testnevel\u00e9si \u00e9s Sporttudom\u00e1nyi Kar lovaskult\u00fara oktat\u00f3 fels\u0151fok\u00fa szakir\u00e1ny\u00fa tov\u00e1bbk\u00e9pz\u00e9si szak S\u00f3sk\u00fati Lovas Sportklubban tartott tan\u00e9vnyit\u00f3 \u00fcnneps\u00e9g\u00e9n hangzott el szeptember 27-\u00e9n d\u00e9lut\u00e1n.<br \/>\n <strong>13. oldal<br \/>\n<\/strong>Kutat\u00f3 b\u0151rgy\u00f3gy\u00e1szok Budapesten <br \/>\n A Magyar Dermatol\u00f3giai T\u00e1rsulat \u00e9s a Semmelweis Egyetem B\u0151r-Nemik\u00f3rtani \u00e9s B\u0151ronkol\u00f3giai Klinik\u00e1ja volt a h\u00e1zigazd\u00e1ja a szeptember 9. \u00e9s 12. k\u00f6z\u00f6tt rendezett Eur\u00f3pai Kutat\u00f3 B\u0151rgy\u00f3gy\u00e1sz T\u00e1rsas\u00e1g (European Society for Dermatological Research) 39. \u00e9ves konferenci\u00e1j\u00e1nak.<br \/>\n <strong>17. oldal<br \/>\n<\/strong>\u00c9lm\u00e9nynap adom\u00e1nyokkal <br \/>\n Legkevesebb nyolcsz\u00e1z gyermeknek volt legszebb napja szeptember 24-e, s e rendezv\u00e9ny keret\u00e9ben nagy \u00f6sszeg\u0171 adom\u00e1nyait \u00e1tadta az egyetem k\u00e9t gyermekklinik\u00e1j\u00e1nak az MVM Zrt.<br \/>\n <strong>19. oldal<br \/>\n<\/strong>18th International Semmelweis Symposium\u00a0<br \/>\n \u201eNew trends, innovations and technology in urology\u201d 19th \u2013 21st November &#8211; Programme<br \/>\n <strong>21. oldal<br \/>\n<\/strong>Introducing ESN Semmelweis <br \/>\n No doubt many will have come across the enigmatic expression \u201cESN Semmelweis\u201d via the Neptun system, but let\u2019s see what lies behind the abbreviation!<br \/>\n <strong>23-25. oldal<\/strong><br \/>\nH\u00edrek, esem\u00e9nyek \u2013 r\u00f6viden<\/p>\n","protected":false},"excerpt":{"rendered":"<p><a href=\"https:\/\/semmelweis.hu\/ujsag\/files\/2015\/12\/x._evfolyam__9._szam_\u2013_2009._oktober_12.-2009-10-12.pdf\"><\/a> 5-6. oldal Lobog\u00f3 z\u00f6ld z\u00e1szl\u00f3kkal\u00a0 Egyetem\u00fcnk is egyik kezdem\u00e9nyez\u0151je \u2013 az Egyetemi Klinik\u00e1k Sz\u00f6vets\u00e9g\u00e9nek tagjak\u00e9nt \u2013 a szakmai szervezetekkel k\u00f6z\u00f6s tiltakoz\u00f3 akci\u00f3nak. Az ezt jelk\u00e9pz\u0151 z\u00f6ld z\u00e1szl\u00f3t szeptember 24-\u00e9n d\u00e9lel\u0151tt az egyetemi vezet\u00e9s, a klinikaigazgat\u00f3k \u00e9s a sajt\u00f3 k\u00e9pvisel\u0151inek jelenl\u00e9t\u00e9ben h\u00fazt\u00e1k fel a Bels\u0151 Klinikai T\u00f6mb kertj\u00e9ben. A r\u00e9szletekr\u0151l Stubnya Guszt\u00e1v f\u0151igazgat\u00f3 besz\u00e9lt lapunknak \u00e9s &hellip;<\/p>\n","protected":false},"author":158,"featured_media":406,"comment_status":"closed","ping_status":"closed","sticky":false,"template":"","format":"standard","meta":{"_acf_changed":false,"footnotes":""},"categories":[12],"tags":[],"class_list":["post-107","post","type-post","status-publish","format-standard","has-post-thumbnail","hentry","category-12"],"acf":[],"_links":{"self":[{"href":"https:\/\/semmelweis.hu\/ujsag\/wp-json\/wp\/v2\/posts\/107","targetHints":{"allow":["GET"]}}],"collection":[{"href":"https:\/\/semmelweis.hu\/ujsag\/wp-json\/wp\/v2\/posts"}],"about":[{"href":"https:\/\/semmelweis.hu\/ujsag\/wp-json\/wp\/v2\/types\/post"}],"author":[{"embeddable":true,"href":"https:\/\/semmelweis.hu\/ujsag\/wp-json\/wp\/v2\/users\/158"}],"replies":[{"embeddable":true,"href":"https:\/\/semmelweis.hu\/ujsag\/wp-json\/wp\/v2\/comments?post=107"}],"version-history":[{"count":5,"href":"https:\/\/semmelweis.hu\/ujsag\/wp-json\/wp\/v2\/posts\/107\/revisions"}],"predecessor-version":[{"id":5228,"href":"https:\/\/semmelweis.hu\/ujsag\/wp-json\/wp\/v2\/posts\/107\/revisions\/5228"}],"wp:featuredmedia":[{"embeddable":true,"href":"https:\/\/semmelweis.hu\/ujsag\/wp-json\/wp\/v2\/media\/406"}],"wp:attachment":[{"href":"https:\/\/semmelweis.hu\/ujsag\/wp-json\/wp\/v2\/media?parent=107"}],"wp:term":[{"taxonomy":"category","embeddable":true,"href":"https:\/\/semmelweis.hu\/ujsag\/wp-json\/wp\/v2\/categories?post=107"},{"taxonomy":"post_tag","embeddable":true,"href":"https:\/\/semmelweis.hu\/ujsag\/wp-json\/wp\/v2\/tags?post=107"}],"curies":[{"name":"wp","href":"https:\/\/api.w.org\/{rel}","templated":true}]}}