{"id":101,"date":"2009-03-23T00:00:00","date_gmt":"2009-03-22T23:00:00","guid":{"rendered":"http:\/\/semmelweis.hu\/ujsag\/x_evfolyam_3_szam_2009_marcius_23_folyoirat\/"},"modified":"2018-01-10T15:17:08","modified_gmt":"2018-01-10T14:17:08","slug":"x_evfolyam_3_szam_2009_marcius_23_folyoirat","status":"publish","type":"post","link":"https:\/\/semmelweis.hu\/ujsag\/2009\/03\/23\/x_evfolyam_3_szam_2009_marcius_23_folyoirat\/","title":{"rendered":"Semmelweis Egyetem \u2013 X. \u00e9vfolyam, 3. sz\u00e1m \u2013 2009. m\u00e1rcius 23."},"content":{"rendered":"<p><strong><a href=\"https:\/\/semmelweis.hu\/ujsag\/files\/2015\/12\/x._evfolyam__3._szam_\u2013_2009._marcius_23.-2009-03-23.pdf\"><img loading=\"lazy\" decoding=\"async\" class=\"size-full wp-image-401 alignright\" src=\"https:\/\/semmelweis.hu\/ujsag\/files\/2015\/12\/752.jpg\" alt=\"752\" width=\"200\" height=\"282\" \/><\/a>4. oldal<\/strong><br \/>\n Rektorv\u00e1laszt\u00e1s <br \/>\n A Semmelweis Egyetem Szen\u00e1tusa febru\u00e1r 26-i \u00fcl\u00e9s\u00e9n t\u00e1mogatta Tulassay Tivadar egyetemi tan\u00e1r<br \/>\n rektori megb\u00edz\u00e1s elnyer\u00e9s\u00e9re beny\u00fajtott p\u00e1ly\u00e1zat\u00e1t.<br \/>\n <strong>5\u20136. oldal<br \/>\n <\/strong>Ben\u00e9pes\u00fcl\u0151 k\u00f6zponti \u00e9p\u00fclet, j\u00f6v\u0151re \u00e9p\u00fcl\u0151 koll\u00e9gium <br \/>\n Befejez\u00e9s el\u0151tt az \u00dcll\u0151i \u00fati egyetemi f\u0151\u00e9p\u00fclet els\u0151 \u00fctem\u00e9nek megval\u00f3s\u00edt\u00e1sa. M\u00e1rciusban megkezd\u0151dik a m\u0171szaki \u00e1tad\u00e1s-\u00e1tv\u00e9tel \u00e9s az irod\u00e1k visszak\u00f6lt\u00f6z\u00e9se \u2013 mondta el lapunknak Iv\u00e1dy Vilmos gazdas\u00e1gi-m\u0171szaki f\u0151igazgat\u00f3, akit\u0151l egy\u00e9b beruh\u00e1z\u00e1sokr\u00f3l is \u00e9rdekl\u0151dt\u00fcnk.<br \/>\n <strong>7. oldal<\/strong><br \/>\n Csal\u00e1dgondoz\u00e1st\u00f3l a katedr\u00e1ig <br \/>\n Vid\u00e9ki v\u00e9d\u0151n\u0151k\u00e9nt kezdte p\u00e1lyafut\u00e1s\u00e1t Kahlichn\u00e9 Simon M\u00e1rta. K\u00e9s\u0151bb tan\u00edt\u00e1sra k\u00e9rt\u00e9k f\u00f6l, \u00edgy lassan v\u00e9gigj\u00e1rta az oktat\u00f3i rangl\u00e9tr\u00e1t. Munk\u00e1ja elismer\u00e9sek\u00e9nt tavaly a Magyar K\u00f6zt\u00e1rsas\u00e1gi Arany \u00c9rdemkereszt polg\u00e1ri tagozat\u00e1val t\u00fcntett\u00e9k ki.<br \/>\n <strong>9\u201310. oldal<br \/>\n <\/strong>\u0150szre k\u00e9sz\u00fcl el a M\u00e1ria utcai szemklinikai \u00e9p\u00fclet\u00a0<br \/>\n Tavaly ny\u00e1ron kezd\u0151d\u00f6tt a Szem\u00e9szeti Klinika M\u00e1ria utcai \u00e9p\u00fclet\u00e9nek fel\u00faj\u00edt\u00e1sa. Noha teljes er\u0151vel folyik a rekonstrukci\u00f3, a k\u00e9t kor\u00e1bbi klinika \u00f6sszek\u00f6lt\u00f6z\u00e9se \u0151szre halaszt\u00f3dik. Stubnya Guszt\u00e1v strat\u00e9giai, m\u0171k\u00f6d\u00e9sfejleszt\u00e9si \u00e9s igazgat\u00e1sszervez\u00e9si f\u0151igazgat\u00f3t, valamint N\u00e9meth J\u00e1nos klinikaigazgat\u00f3t \u00e9s helyettes\u00e9t, Nagy Zolt\u00e1n Zsolt docenst k\u00e9rdezt\u00fck az \u00e9p\u00edtkez\u00e9sr\u0151l.<br \/>\n <strong>12. oldal<\/strong><br \/>\n Egyetemi fogyat\u00e9kos\u00fcgyi koncepci\u00f3 <br \/>\n A Semmelweis Egyetem nem hagyhatja figyelmen k\u00edv\u00fcl az itt tanul\u00f3, fogyat\u00e9kkal \u00e9l\u0151 hallgat\u00f3k saj\u00e1tos helyzet\u00e9t. Fogyat\u00e9kos hallgat\u00f3k bizonyos k\u00f6nny\u00edt\u00e9sekkel v\u00e9gezhetik tanulm\u00e1nyaikat.<br \/>\n Reichardt Krisztina, az Igazgat\u00e1si \u00e9s Szervez\u00e9si F\u0151oszt\u00e1ly vezet\u0151je besz\u00e9lt lapunknak az egyetem fogyat\u00e9kos\u00fcgyi tev\u00e9kenys\u00e9g\u00e9r\u0151l, eredm\u00e9nyeir\u0151l.<br \/>\n <strong>13. oldal<\/strong><br \/>\n Ellentmond\u00e1sok a foglalkoz\u00e1s-eg\u00e9szs\u00e9g\u00fcgyben\u00a0<br \/>\n Minden egyetem\u00fcnkre bel\u00e9p\u0151 dolgoz\u00f3 tal\u00e1lkozott m\u00e1r a Foglalkoz\u00e1s-eg\u00e9szs\u00e9g\u00fcgyi Szolg\u00e1lat munkat\u00e1rsaival. Van el\u00e9g elfoglalts\u00e1ga a harmadik \u00e9ve v\u00e1ltozatlan fel\u00e1ll\u00e1sban tev\u00e9kenyked\u0151 csapatnak. Szil\u00e1gyi Gy\u00f6rgy igazgat\u00f3 t\u00e1j\u00e9koztat\u00e1sa szerint, az \u00f6sszegyetemi l\u00e9tsz\u00e1mot,- mely kb. 8-9 ezer dolgoz\u00f3, plusz az egyetemist\u00e1k, rezidensek &#8211; h\u00e1rom orvos \u00e9s h\u00e1rom asszisztens l\u00e1tja el.<br \/>\n <strong>14-15. oldal<br \/>\n <\/strong>A neurobiol\u00f3gia mestere <br \/>\n Szobrot \u00e1ll\u00edtottak m\u00e1rcius 4-\u00e9n Ap\u00e1thy Istv\u00e1n eml\u00e9k\u00e9re a Hum\u00e1nmorfol\u00f3giai \u00e9s Fejl\u0151d\u00e9sbiol\u00f3giai Int\u00e9zet m\u00e1sodik emelet\u00e9n. A Kolozsv\u00e1ron \u00e9lt tud\u00f3s Budapesten szerezte orvosi diplom\u00e1j\u00e1t 1885-ben.<br \/>\n <strong>17. oldal<br \/>\n <\/strong>Students of partner grammar schools at the university <br \/>\n The Kerpel-Fronius \u00d6d\u00f6n Talent Support Council of Semmelweis University organized a Talent Day for 14 partner grammar schools of the university on 18 February.<br \/>\n <strong>22. oldal<br \/>\n <\/strong>Zum so genannten integrierten naturwissenschaftlichen Unterricht in der Sekundarstufe <br \/>\n Az integr\u00e1ltnak nevezett k\u00f6z\u00e9piskolai term\u00e9szettudom\u00e1nyos oktat\u00e1sr\u00f3l 23. oldal<br \/>\n Mandl J\u00f3zsef professzor gondolatai a t\u00e9m\u00e1r\u00f3l.<br \/>\n <strong>24. oldal<\/strong><br \/>\n H\u00edrek, esem\u00e9nyek \u2013 r\u00f6viden\u00a0<br \/>\n <strong>25. oldal<\/strong><br \/>\n J\u00f3l s\u00e1f\u00e1rkodni az adotts\u00e1gokkal<br \/>\n \u00c9vfolyamels\u0151k\u00e9nt v\u00e9gzett az Eg\u00e9szs\u00e9g\u00fcgyi Menedzserk\u00e9pz\u0151 K\u00f6zpont eg\u00e9szs\u00e9g\u00fcgyi menedzser szak\u00e1n, \u00f6v\u00e9 volt az egyik legkiv\u00e1l\u00f3bb projektmunka: Hank\u00f3 Bal\u00e1zs, az Egyetemi Gy\u00f3gyszert\u00e1r Gy\u00f3gyszer\u00fcgyi Szervez\u00e9si Int\u00e9zet igazgat\u00f3helyettese arr\u00f3l besz\u00e9l, milyen volt \u00fajra iskolapadba \u00fclni, mit kapott az MSc k\u00e9pz\u00e9st\u0151l.<br \/>\n <strong>27. oldal<\/strong><br \/>\n Eb\u00e9d helyett d\u00e9lidei testmozg\u00e1s <br \/>\n A Testnevel\u00e9si \u00e9s Sporttudom\u00e1nyi Kar tan\u00e1rainak egy csoportja t\u00f6bb mint negyven \u00e9ve hetente k\u00e9tszer tal\u00e1lkozik, hogy k\u00e9t csapatot alkotva \u00f6sszem\u00e9rje erej\u00e9t a kos\u00e1rlabdap\u00e1ly\u00e1n.<\/p>\n","protected":false},"excerpt":{"rendered":"<p><a href=\"https:\/\/semmelweis.hu\/ujsag\/files\/2015\/12\/x._evfolyam__3._szam_\u2013_2009._marcius_23.-2009-03-23.pdf\"><\/a> 4. oldal Rektorv\u00e1laszt\u00e1s A Semmelweis Egyetem Szen\u00e1tusa febru\u00e1r 26-i \u00fcl\u00e9s\u00e9n t\u00e1mogatta Tulassay Tivadar egyetemi tan\u00e1r rektori megb\u00edz\u00e1s elnyer\u00e9s\u00e9re beny\u00fajtott p\u00e1ly\u00e1zat\u00e1t. 5\u20136. oldal Ben\u00e9pes\u00fcl\u0151 k\u00f6zponti \u00e9p\u00fclet, j\u00f6v\u0151re \u00e9p\u00fcl\u0151 koll\u00e9gium Befejez\u00e9s el\u0151tt az \u00dcll\u0151i \u00fati egyetemi f\u0151\u00e9p\u00fclet els\u0151 \u00fctem\u00e9nek megval\u00f3s\u00edt\u00e1sa. M\u00e1rciusban megkezd\u0151dik a m\u0171szaki \u00e1tad\u00e1s-\u00e1tv\u00e9tel \u00e9s az irod\u00e1k visszak\u00f6lt\u00f6z\u00e9se \u2013 mondta el lapunknak Iv\u00e1dy Vilmos gazdas\u00e1gi-m\u0171szaki f\u0151igazgat\u00f3, &hellip;<\/p>\n","protected":false},"author":158,"featured_media":401,"comment_status":"closed","ping_status":"closed","sticky":false,"template":"","format":"standard","meta":{"_acf_changed":false,"footnotes":""},"categories":[12],"tags":[],"class_list":["post-101","post","type-post","status-publish","format-standard","has-post-thumbnail","hentry","category-12"],"acf":[],"_links":{"self":[{"href":"https:\/\/semmelweis.hu\/ujsag\/wp-json\/wp\/v2\/posts\/101","targetHints":{"allow":["GET"]}}],"collection":[{"href":"https:\/\/semmelweis.hu\/ujsag\/wp-json\/wp\/v2\/posts"}],"about":[{"href":"https:\/\/semmelweis.hu\/ujsag\/wp-json\/wp\/v2\/types\/post"}],"author":[{"embeddable":true,"href":"https:\/\/semmelweis.hu\/ujsag\/wp-json\/wp\/v2\/users\/158"}],"replies":[{"embeddable":true,"href":"https:\/\/semmelweis.hu\/ujsag\/wp-json\/wp\/v2\/comments?post=101"}],"version-history":[{"count":6,"href":"https:\/\/semmelweis.hu\/ujsag\/wp-json\/wp\/v2\/posts\/101\/revisions"}],"predecessor-version":[{"id":5243,"href":"https:\/\/semmelweis.hu\/ujsag\/wp-json\/wp\/v2\/posts\/101\/revisions\/5243"}],"wp:featuredmedia":[{"embeddable":true,"href":"https:\/\/semmelweis.hu\/ujsag\/wp-json\/wp\/v2\/media\/401"}],"wp:attachment":[{"href":"https:\/\/semmelweis.hu\/ujsag\/wp-json\/wp\/v2\/media?parent=101"}],"wp:term":[{"taxonomy":"category","embeddable":true,"href":"https:\/\/semmelweis.hu\/ujsag\/wp-json\/wp\/v2\/categories?post=101"},{"taxonomy":"post_tag","embeddable":true,"href":"https:\/\/semmelweis.hu\/ujsag\/wp-json\/wp\/v2\/tags?post=101"}],"curies":[{"name":"wp","href":"https:\/\/api.w.org\/{rel}","templated":true}]}}