{"id":100,"date":"2009-03-02T00:00:00","date_gmt":"2009-03-01T23:00:00","guid":{"rendered":"http:\/\/semmelweis.hu\/ujsag\/x_evfolyam_2_szam_2009_marcius_2_folyoirat\/"},"modified":"2018-01-10T15:20:01","modified_gmt":"2018-01-10T14:20:01","slug":"x_evfolyam_2_szam_2009_marcius_2_folyoirat","status":"publish","type":"post","link":"https:\/\/semmelweis.hu\/ujsag\/2009\/03\/02\/x_evfolyam_2_szam_2009_marcius_2_folyoirat\/","title":{"rendered":"Semmelweis Egyetem \u2013 X. \u00e9vfolyam, 2. sz\u00e1m \u2013 2009. m\u00e1rcius 2."},"content":{"rendered":"<p><strong><a href=\"https:\/\/semmelweis.hu\/ujsag\/files\/2015\/12\/x._evfolyam__2._szam_\u2013_2009._marcius_2.-2009-03-02.pdf\"><img loading=\"lazy\" decoding=\"async\" class=\"size-full wp-image-400 alignright\" src=\"https:\/\/semmelweis.hu\/ujsag\/files\/2015\/12\/750.jpg\" alt=\"750\" width=\"200\" height=\"282\" \/><\/a>4. oldal<br \/>\n<\/strong>Konzorcium a lovas kult\u00far\u00e1\u00e9rt\u00a0<br \/>\n Egyetem\u00fcnk is tagja lett annak a konzorciumnak, amely v\u00e1llalta, hogy a magyarorsz\u00e1gi lovas szak<br \/>\n k\u00e9pz\u00e9srendszer\u00e9nek meg\u00faj\u00edt\u00e1s\u00e1val k\u00f6zvetve jelent\u0151sen hozz\u00e1j\u00e1rul a lovassportok, a l\u00f3teny\u00e9szt\u00e9s,<br \/>\n a lovas turizmus, a l\u00f3sportok \u00e9s m\u00e1s, a l\u00f3tart\u00e1shoz kapcsol\u00f3d\u00f3 \u00e1gazatok gazdas\u00e1gi meger\u0151s\u00f6d\u00e9s\u00e9hez.<br \/>\n <strong>5-6. oldal<\/strong><br \/>\n\u00c9veken \u00e1t tart\u00f3 bar\u00e1ts\u00e1gok is k\u00f6ttettek&#8230;\u00a0<br \/>\n Schaff Zsuzsanna egyetemi tan\u00e1r a Magyar Kult\u00fara Napj\u00e1n Szent-Gy\u00f6rgyi Albert-d\u00edjban r\u00e9szes\u00fclt.<br \/>\n A professzor asszony \u00e9lete \u00e9s munk\u00e1ss\u00e1ga egyetlen int\u00e9zm\u00e9nyhez, a Semmelweis Egyetemhez<br \/>\n k\u00f6t\u0151dik, k\u00f6zel negyven \u00e9ve.<br \/>\n <strong>7. oldal<\/strong><br \/>\nOuting in Pannonhalma\u00a0<br \/>\n Established by Tivadar Tulassay one and a half years ago, the Kerpel-Fronius \u00d6d\u00f6n Talent-Retention Programme organizes cultural programs and trips in addition to its professional activity. Lately, we have visited the Benedictine Abbey of Pannonhalma.<br \/>\n <strong>8-9. oldal<\/strong><br \/>\nSikeres n\u00e9gy esztend\u0151\u00a0<br \/>\n Lez\u00e1rult a Szent\u00e1gothai J\u00e1nos Region\u00e1lis Egyetemi Tud\u00e1sk\u00f6zpont els\u0151 4 \u00e9ves m\u0171k\u00f6d\u00e9se, az eredm\u00e9nyek fel\u00fclm\u00falj\u00e1k a v\u00e1rakoz\u00e1sokat \u2013 der\u00fcl ki ez is a nemr\u00e9g megjelent 2008-as jelent\u00e9sb\u0151l.<br \/>\n <strong>10-11. oldal<\/strong><br \/>\nKutat\u00e1sok, fejleszt\u00e9sek a piacon\u00a0<br \/>\n Janu\u00e1r 19-\u00e9n \u00fajabb m\u00e9rf\u00f6ldk\u0151h\u00f6z \u00e9rkezett a Trimar\u00e1n \u00dczletfejleszt\u00e9si Program. 2,5 milli\u00e1rdos innov\u00e1ci\u00f3s portfoli\u00f3val v\u00e1rj\u00e1k a befektet\u0151ket.<br \/>\n <strong>12. oldal<\/strong><br \/>\nSzakmailag a cs\u00facson\u00a0<br \/>\n Ha azt mondom, csont-, vagy l\u00e1gyr\u00e9sztumor kezel\u00e9s, v\u00e9gtagmeg\u0151rz\u0151 speci\u00e1lis m\u0171t\u00e9tek, vagy cs\u00edp\u0151prot\u00e9zis be\u00fcltet\u00e9s \u00e9s csere, speci\u00e1lis gyermekortop\u00e9diai m\u0171t\u00e9tek, akkor az embereknek az Ortop\u00e9diai Klinika jut el\u0151sz\u00f6r esz\u00e9be \u2013 mondja a t\u00f6bbi k\u00f6zt Szendr\u0151i Mikl\u00f3s klinikaigazgat\u00f3.<br \/>\n <strong>17-18. oldal<\/strong><br \/>\nB\u00e9r- \u00e9s munkahely megtart\u00e1sra t\u00f6rekv\u0151 szakszervezet\u00a0<br \/>\n Reform\u00e1l\u00e1s el\u0151tt \u00e1llt a SOTE Szakszervezet, \u00fajabb nev\u00e9n Semmelweis \u00c9rdekv\u00e9delmi Sz\u00f6vets\u00e9g, aminek k\u00e9pvisel\u0151i \u00e9s a f\u0151igazgat\u00f3 k\u00f6z\u00f6tt egyeztet\u00e9s zajlott az idei k\u00f6lts\u00e9gvet\u00e9sr\u0151l, amit elfogadhat\u00f3nak \u00e9s t\u00e1mogatand\u00f3nak tartanak \u2013 mondta a t\u00f6bbi k\u00f6zt Berki Zolt\u00e1n titk\u00e1r.<br \/>\n <strong>20-21. oldal<\/strong><br \/>\nOrganverpflanzung und Studium?\u00a0<br \/>\n Im vergangenen Oktober wurde in der von Professor Jen\u0151 J\u00e1ray geleiteten Klinik f\u00fcr Transplantation und Chirurgie der Semmelweis Universit\u00e4t das Transplantations-Ruf-Programm f\u00fcr Medizinstudenten gestartet.<br \/>\n <strong>22. oldal<\/strong><br \/>\nDoh\u00e1nyz\u00e1skutat\u00e1s kiterjeszt\u00e9se Magyarorsz\u00e1gra <br \/>\n Az amerikai National Institute of Health keret\u00e9ben m\u0171k\u00f6d\u0151 Fogarty International Center (FIC) 2007-ben 4-5 \u00e9ves folyamatos kutat\u00e1sra lehet\u0151s\u00e9get ad\u00f3 vil\u00e1gm\u00e9ret\u0171 p\u00e1ly\u00e1zatot hirdetett a doh\u00e1nyz\u00e1ssal kapcsolatos nemzeti kutat\u00e1sok kapacit\u00e1sainak b\u0151v\u00edt\u00e9s\u00e9re. Bal\u00e1zs P\u00e9ter \u00e9s Foley L. Kristie \u00edr\u00e1sa.<br \/>\n<strong>23. oldal<\/strong><br \/>\nH\u00edrek, esem\u00e9nyek\u00a0<br \/>\n <strong>26-27. oldal<\/strong><br \/>\nB\u00e1li szezon\u00a0<br \/>\n K\u00e9t b\u00e1lt is rendeztek a Semmelweis Egyetemen.<\/p>\n","protected":false},"excerpt":{"rendered":"<p><a href=\"https:\/\/semmelweis.hu\/ujsag\/files\/2015\/12\/x._evfolyam__2._szam_\u2013_2009._marcius_2.-2009-03-02.pdf\"><\/a> 4. oldal Konzorcium a lovas kult\u00far\u00e1\u00e9rt\u00a0 Egyetem\u00fcnk is tagja lett annak a konzorciumnak, amely v\u00e1llalta, hogy a magyarorsz\u00e1gi lovas szak k\u00e9pz\u00e9srendszer\u00e9nek meg\u00faj\u00edt\u00e1s\u00e1val k\u00f6zvetve jelent\u0151sen hozz\u00e1j\u00e1rul a lovassportok, a l\u00f3teny\u00e9szt\u00e9s, a lovas turizmus, a l\u00f3sportok \u00e9s m\u00e1s, a l\u00f3tart\u00e1shoz kapcsol\u00f3d\u00f3 \u00e1gazatok gazdas\u00e1gi meger\u0151s\u00f6d\u00e9s\u00e9hez. 5-6. oldal \u00c9veken \u00e1t tart\u00f3 bar\u00e1ts\u00e1gok is k\u00f6ttettek&#8230;\u00a0 Schaff Zsuzsanna egyetemi tan\u00e1r a &hellip;<\/p>\n","protected":false},"author":158,"featured_media":400,"comment_status":"closed","ping_status":"closed","sticky":false,"template":"","format":"standard","meta":{"_acf_changed":false,"footnotes":""},"categories":[12],"tags":[],"class_list":["post-100","post","type-post","status-publish","format-standard","has-post-thumbnail","hentry","category-12"],"acf":[],"_links":{"self":[{"href":"https:\/\/semmelweis.hu\/ujsag\/wp-json\/wp\/v2\/posts\/100","targetHints":{"allow":["GET"]}}],"collection":[{"href":"https:\/\/semmelweis.hu\/ujsag\/wp-json\/wp\/v2\/posts"}],"about":[{"href":"https:\/\/semmelweis.hu\/ujsag\/wp-json\/wp\/v2\/types\/post"}],"author":[{"embeddable":true,"href":"https:\/\/semmelweis.hu\/ujsag\/wp-json\/wp\/v2\/users\/158"}],"replies":[{"embeddable":true,"href":"https:\/\/semmelweis.hu\/ujsag\/wp-json\/wp\/v2\/comments?post=100"}],"version-history":[{"count":5,"href":"https:\/\/semmelweis.hu\/ujsag\/wp-json\/wp\/v2\/posts\/100\/revisions"}],"predecessor-version":[{"id":5245,"href":"https:\/\/semmelweis.hu\/ujsag\/wp-json\/wp\/v2\/posts\/100\/revisions\/5245"}],"wp:featuredmedia":[{"embeddable":true,"href":"https:\/\/semmelweis.hu\/ujsag\/wp-json\/wp\/v2\/media\/400"}],"wp:attachment":[{"href":"https:\/\/semmelweis.hu\/ujsag\/wp-json\/wp\/v2\/media?parent=100"}],"wp:term":[{"taxonomy":"category","embeddable":true,"href":"https:\/\/semmelweis.hu\/ujsag\/wp-json\/wp\/v2\/categories?post=100"},{"taxonomy":"post_tag","embeddable":true,"href":"https:\/\/semmelweis.hu\/ujsag\/wp-json\/wp\/v2\/tags?post=100"}],"curies":[{"name":"wp","href":"https:\/\/api.w.org\/{rel}","templated":true}]}}