{"id":12289,"date":"2026-04-27T11:09:29","date_gmt":"2026-04-27T09:09:29","guid":{"rendered":"https:\/\/semmelweis.hu\/tuzoltoklinika\/?p=12289"},"modified":"2026-04-27T11:09:29","modified_gmt":"2026-04-27T09:09:29","slug":"magyarorszagon-elsokent-kaptak-emelt-dozisu-kezelest-sma-val-elo-gyermekek","status":"publish","type":"post","link":"https:\/\/semmelweis.hu\/tuzoltoklinika\/2026\/04\/27\/magyarorszagon-elsokent-kaptak-emelt-dozisu-kezelest-sma-val-elo-gyermekek\/","title":{"rendered":"Magyarorsz\u00e1gon els\u0151k\u00e9nt kaptak emelt d\u00f3zis\u00fa kezel\u00e9st SMA-val \u00e9l\u0151 gyermekek"},"content":{"rendered":"<div class=\"lead\">\u00c1prilis 24-\u00e9n a Semmelweis Gyermekklinik\u00e1n az orsz\u00e1gban el\u0151sz\u00f6r k\u00e9t gyermek is megkapta \u00e9lete els\u0151 emelt d\u00f3zis\u00fa SPINRAZA kezel\u00e9s\u00e9t, mely most m\u00e1r haz\u00e1nkban is el\u00e9rhet\u0151.<\/div>\n<p>A gerincvel\u0151i izomsorvad\u00e1s (SMA) egy s\u00falyos, fokozatos roml\u00e1ssal j\u00e1r\u00f3 izombetegs\u00e9g. Kezel\u00e9s n\u00e9lk\u00fcl a betegek az izomgyenges\u00e9g miatt sokszor nem tanulnak meg \u00fclni, \u00e1llni, j\u00e1rni sem, vagy elvesz\u00edtik a m\u00e1r megszerzett k\u00e9pess\u00e9geiket. Magyarorsz\u00e1gon 2018. \u00f3ta alkalmazzuk betegeink kezel\u00e9s\u00e9ben a SPINRAZA (nuszinerszen) 12 mg-os form\u00e1j\u00e1t. Ennek hat\u00e9konys\u00e1g\u00e1t nemcsak sz\u00e1mos klinikai vizsg\u00e1lat, hanem a bevezet\u00e9se \u00f3ta szerzett adatok t\u00e1masztj\u00e1k al\u00e1 \u00e9letkort\u00f3l, SMA t\u00edpust\u00f3l f\u00fcggetlen\u00fcl.<\/p>\n<p><a href=\"https:\/\/semmelweis.hu\/tuzoltoklinika\/files\/2026\/04\/IMG_8336.jpg\"><img loading=\"lazy\" decoding=\"async\" class=\"alignleft wp-image-12290\" src=\"https:\/\/semmelweis.hu\/tuzoltoklinika\/files\/2026\/04\/IMG_8336-316x400.jpg\" alt=\"\" width=\"335\" height=\"424\" srcset=\"https:\/\/semmelweis.hu\/tuzoltoklinika\/files\/2026\/04\/IMG_8336-316x400.jpg 316w, https:\/\/semmelweis.hu\/tuzoltoklinika\/files\/2026\/04\/IMG_8336.jpg 700w\" sizes=\"auto, (max-width: 335px) 100vw, 335px\" \/><\/a>D\u00e9lia, a T\u0171zolt\u00f3 utcai r\u00e9szleg p\u00e1ciense 2018-ban is az els\u0151k k\u00f6z\u00f6tt kapta meg a kezel\u00e9st. Az \u00fajonnan bevezetett 50 mg-os gy\u00f3gyszert szint\u00e9n \u0151 kapta meg el\u0151sz\u00f6r Magyarorsz\u00e1gon.<\/p>\n<p>2026. janu\u00e1r 12-\u00e9n az Eur\u00f3pai Bizotts\u00e1g (EB) forgalomba hozatali enged\u00e9lyt adott a SPINRAZA\u00ae (nuszinerszen) nagy d\u00f3zis\u00fa adagol\u00e1si rendj\u00e9re, amely 50 mg- \u00e9s 28 mg\/5 ml d\u00f3zisokb\u00f3l \u00e1ll. A gy\u00f3gyszert lumb\u00e1l\u00e1ssal a gerincv\u00edzbe juttatva kapj\u00e1k meg betegeink. Bevezet\u00e9s\u00e9t megel\u0151z\u0151 vizsg\u00e1latok a motoros funkci\u00f3k javul\u00e1s\u00e1t igazolt\u00e1k a nagymozg\u00e1sokban, melyet a motoros sk\u00e1l\u00e1kon kimutatott javul\u00e1s t\u00e1masztott al\u00e1. A kezel\u00e9s j\u00f3l toler\u00e1lhat\u00f3 volt, a mell\u00e9khat\u00e1s-profil megegyezett a standard d\u00f3zis\u00fa kezel\u00e9s mellett tapasztaltakkal.<\/p>\n","protected":false},"excerpt":{"rendered":"<p>\u00c1prilis 24-\u00e9n a Semmelweis Gyermekklinik\u00e1n az orsz\u00e1gban el\u0151sz\u00f6r k\u00e9t gyermek is megkapta \u00e9lete els\u0151 emelt d\u00f3zis\u00fa SPINRAZA kezel\u00e9s\u00e9t, mely most m\u00e1r haz\u00e1nkban is el\u00e9rhet\u0151. A gerincvel\u0151i izomsorvad\u00e1s (SMA) egy s\u00falyos, fokozatos roml\u00e1ssal j\u00e1r\u00f3 izombetegs\u00e9g. Kezel\u00e9s n\u00e9lk\u00fcl a betegek az izomgyenges\u00e9g miatt sokszor nem tanulnak meg \u00fclni, \u00e1llni, j\u00e1rni sem, vagy elvesz\u00edtik a m\u00e1r megszerzett k\u00e9pess\u00e9geiket. &hellip;<\/p>\n","protected":false},"author":102391,"featured_media":12295,"comment_status":"closed","ping_status":"closed","sticky":false,"template":"","format":"standard","meta":{"_acf_changed":false,"footnotes":""},"categories":[1],"tags":[],"class_list":["post-12289","post","type-post","status-publish","format-standard","has-post-thumbnail","hentry","category-hirek"],"acf":[],"_links":{"self":[{"href":"https:\/\/semmelweis.hu\/tuzoltoklinika\/wp-json\/wp\/v2\/posts\/12289","targetHints":{"allow":["GET"]}}],"collection":[{"href":"https:\/\/semmelweis.hu\/tuzoltoklinika\/wp-json\/wp\/v2\/posts"}],"about":[{"href":"https:\/\/semmelweis.hu\/tuzoltoklinika\/wp-json\/wp\/v2\/types\/post"}],"author":[{"embeddable":true,"href":"https:\/\/semmelweis.hu\/tuzoltoklinika\/wp-json\/wp\/v2\/users\/102391"}],"replies":[{"embeddable":true,"href":"https:\/\/semmelweis.hu\/tuzoltoklinika\/wp-json\/wp\/v2\/comments?post=12289"}],"version-history":[{"count":4,"href":"https:\/\/semmelweis.hu\/tuzoltoklinika\/wp-json\/wp\/v2\/posts\/12289\/revisions"}],"predecessor-version":[{"id":12294,"href":"https:\/\/semmelweis.hu\/tuzoltoklinika\/wp-json\/wp\/v2\/posts\/12289\/revisions\/12294"}],"wp:featuredmedia":[{"embeddable":true,"href":"https:\/\/semmelweis.hu\/tuzoltoklinika\/wp-json\/wp\/v2\/media\/12295"}],"wp:attachment":[{"href":"https:\/\/semmelweis.hu\/tuzoltoklinika\/wp-json\/wp\/v2\/media?parent=12289"}],"wp:term":[{"taxonomy":"category","embeddable":true,"href":"https:\/\/semmelweis.hu\/tuzoltoklinika\/wp-json\/wp\/v2\/categories?post=12289"},{"taxonomy":"post_tag","embeddable":true,"href":"https:\/\/semmelweis.hu\/tuzoltoklinika\/wp-json\/wp\/v2\/tags?post=12289"}],"curies":[{"name":"wp","href":"https:\/\/api.w.org\/{rel}","templated":true}]}}