{"id":1065,"date":"2016-07-29T00:00:00","date_gmt":"2016-07-28T22:00:00","guid":{"rendered":"http:\/\/semmelweis.hu\/tdk\/moszkvai-sikerek-2012\/"},"modified":"2024-05-08T16:15:11","modified_gmt":"2024-05-08T14:15:11","slug":"moszkvai-sikerek-2012","status":"publish","type":"post","link":"https:\/\/semmelweis.hu\/tdk\/2016\/07\/29\/moszkvai-sikerek-2012\/","title":{"rendered":"Moszkvai sikerek 2012."},"content":{"rendered":"\n<p>A moszkvai konferenci\u00e1n a Semmelweis Egyetem hallgat\u00f3i kimagasl\u00f3 eredm\u00e9nyt \u00e9rtek el 3 f\u0151d\u00edj (Horv\u00e1th N. Orsolya, Herczeg R\u00e9ka, N\u00e9meth Bal\u00e1zs) 5 els\u0151 d\u00edj (Nagy Eszter, Kiss Loretta, Kruk Emese, Csete D\u00e1niel, Orosz \u00c1d\u00e1m) \u00e9s 3 m\u00e1sodik d\u00edj (Tur\u00f3czi Zsolt, Nemes Zolt\u00e1n, Herczeg Kata) elnyer\u00e9s\u00e9vel.<\/p>\n<p><span style=\"font-size: small\">A 2012, \u00e1prilis 18-21 megrendezett Peoples\u2019 Friendship University of Russia\u00a0TDK-konferenci\u00e1n a Semmelweis Egyetem hallgat\u00f3i kimagasl\u00f3 eredm\u00e9nyt \u00e9rtek el 3 f\u0151d\u00edj , 5 els\u0151 d\u00edj \u00e9s 3 m\u00e1sodik d\u00edj elnyer\u00e9s\u00e9vel.<\/span><\/p>\n<p><span style=\"font-size: small\"><img decoding=\"async\" style=\"float: left;margin-right: 10px;margin-bottom: 10px\" src=\"https:\/\/semmelweis.hu\/php_images\/j-kp-jpg-300x225.jpg\" alt=\"\" \/><\/span><\/p>\n<p>(Az egyetem\u00fcnk TDK\u00a0el\u0151ad\u00f3i a moszkvai konferencia\u00a0eredm\u00e9nyhirdet\u00e9se ut\u00e1n)<\/p>\n<p align=\"justify\">Imm\u00e1r negyedik alkalommal rendezt\u00e9k meg a Peoples&#8217; FriendshipUniversity of Russia nemzetk\u00f6zi TDK-konferenci\u00e1j\u00e1t orvostan-, fogorvostan- \u00e9s gy\u00f3gyszer\u00e9szhallgat\u00f3k r\u00e9sz\u00e9re. A moszkvai esem\u00e9nyre egyetem\u00fcnk hallgat\u00f3it is megh\u00edvt\u00e1k, ezzel is er\u0151s\u00edtve a k\u00e9t int\u00e9zm\u00e9ny k\u00f6z\u00f6tti \u00e9vek \u00f3ta fenn\u00e1ll\u00f3 szoros egy\u00fcttm\u0171k\u00f6d\u00e9st, melynek \u00e1pol\u00e1s\u00e1t magyar r\u00e9szr\u0151l Prof.\u00a0 Dr. Merkely B\u00e9la vezet\u00e9s\u00e9vel a Tudom\u00e1nyos Di\u00e1kk\u00f6ri Tan\u00e1cs v\u00e9gzi. A rendezv\u00e9nyt az angol \u00e9s orosz nyelv\u0171 el\u0151ad\u00e1sok mellett poszterszekci\u00f3 \u00e9s gyakorlatverseny sz\u00ednes\u00edtette. A konferenci\u00e1n a Semmelweis Egyetem hallgat\u00f3i kimagasl\u00f3 eredm\u00e9nyt \u00e9rtek el 3 f\u0151d\u00edj (Horv\u00e1th N. Orsolya, Herczeg R\u00e9ka, N\u00e9meth Bal\u00e1zs) 5 els\u0151 d\u00edj (Nagy Eszter, Kiss Loretta, Kruk Emese, Csete D\u00e1niel, Orosz \u00c1d\u00e1m) \u00e9s 3 m\u00e1sodik d\u00edj (Tur\u00f3czi Zsolt, Nemes Zolt\u00e1n, Herczeg Kata) elnyer\u00e9s\u00e9vel. A szakmai r\u00e9sz mellett vend\u00e9gl\u00e1t\u00f3ink gondoskodtak izgalmas programunkr\u00f3l is: lehet\u0151s\u00e9g\u00fcnk ny\u00edlt Moszkva legszebb \u00e9s leg\u00e9rdekesebb l\u00e1tv\u00e1nyoss\u00e1gainak bebarangol\u00e1s\u00e1ra. A V\u00f6r\u00f6s teret \u00e9jszakai f\u00e9ny\u00e9ben is megcsod\u00e1lhattuk, nem volt k\u00e9rd\u00e9s, hogy egy eg\u00e9sz napos program keretein bel\u00fcl megn\u00e9zz\u00fck az ott tal\u00e1lhat\u00f3 \u00c1llami \u00c1ruh\u00e1zat, Lenin mauz\u00f3leum\u00e1t, az egyed\u00fcl\u00e1ll\u00f3 Vaszilij Blazsennij sz\u00e9kesegyh\u00e1zat \u00e9s a m\u00e9lt\u00e1n h\u00edres Kremlt. A f\u0151v\u00e1ros kultur\u00e1lis \u00f6r\u00f6ks\u00e9g\u00e9be a Puskin M\u00fazeum \u00e9s a Tretyjakov gal\u00e9ria l\u00e1togat\u00e1sa sor\u00e1n kaphattunk k\u00f6zelebbi betekint\u00e9st, de a moszkvai metr\u00f3 n\u00e9h\u00e1ny \u00e1llom\u00e1sa is fel\u00e9rt egy m\u0171alkot\u00e1ssal. Hazautaz\u00e1sunk el\u0151tt m\u00e9g tett\u00fcnk egy kit\u00e9r\u0151t a leny\u0171g\u00f6z\u0151 f\u0151\u00e9p\u00fclettel rendelkez\u0151 Lomonoszov Moszkvai \u00c1llami Egyetem fel\u00e9, majd a rept\u00e9ren elb\u00facs\u00faztunk vend\u00e9gl\u00e1t\u00f3inkt\u00f3l, akiket a k\u00f6zelj\u00f6v\u0151ben nagy szeretettel v\u00e1runk Budapesten.Az \u00e9lettudom\u00e1nyok II. szekci\u00f3 gy\u0151ztese, N\u00e9meth Bal\u00e1zs v\u00e9lem\u00e9ny\u00e9h\u0171en t\u00fckr\u00f6zi Moszkva \u00e9s a konferencia szellemis\u00e9g\u00e9t: &#8222;Az ig\u00e9nyesen szervezett konferencia tudom\u00e1nyos programjain val\u00f3 r\u00e9szv\u00e9tel mellett jutott id\u0151 a belv\u00e1ros felfedez\u00e9s\u00e9re is, mely hatalmas m\u00e9reteivel,sz\u00e9pen rendben tartott \u00e9p\u00fcleteivel m\u00e1ig \u0151rzi a nagy m\u00falt\u00fa v\u00e1rost\u00f6rt\u00e9nelmi eml\u00e9keit. Ez az \u00f6t nap felejthetetlen eml\u00e9k lesz sz\u00e1momra, \u00e9s ha tehetem, vissza is t\u00e9rek m\u00e9g a v\u00e1rosba.&#8221;<\/p>\n<p align=\"justify\">Csete D\u00e1niel (\u00c1OK, VI. \u00e9vfolyamos hallgat\u00f3)<\/p>\n<p align=\"justify\">N\u00e9meth Bal\u00e1zs (\u00c1OK, V. \u00e9vfolyamos hallgat\u00f3)<\/p>\n<p align=\"justify\"><img decoding=\"async\" style=\"float: left;margin-right: 10px;margin-bottom: 10px\" src=\"https:\/\/semmelweis.hu\/php_images\/moszkva-foto-jpg-50204-225x300.jpg\" alt=\"\" \/><\/p>\n<p>(Vaszilij Blazsennij-sz\u00e9kesegyh\u00e1z Moszkva egyik legjelent\u0151sebb \u00e9s legismertebb \u00e9p\u00edt\u00e9szeti eml\u00e9ke)<\/p>\n<p>(oroszul: \u0425\u0440\u0430\u043c \u0412\u0430\u0441\u0438\u043b\u0438\u044f \u0411\u043b\u0430\u0436\u0435\u043d\u043d\u043e\u0433\u043e)<\/p>\n","protected":false},"excerpt":{"rendered":"<p>A moszkvai konferenci\u00e1n a Semmelweis Egyetem hallgat\u00f3i kimagasl\u00f3 eredm\u00e9nyt \u00e9rtek el 3 f\u0151d\u00edj (Horv\u00e1th N. Orsolya, Herczeg R\u00e9ka, N\u00e9meth Bal\u00e1zs) 5 els\u0151 d\u00edj (Nagy Eszter, Kiss Loretta, Kruk Emese, Csete D\u00e1niel, Orosz \u00c1d\u00e1m) \u00e9s 3 m\u00e1sodik d\u00edj (Tur\u00f3czi Zsolt, Nemes Zolt\u00e1n, Herczeg Kata) elnyer\u00e9s\u00e9vel. A 2012, \u00e1prilis 18-21 megrendezett Peoples\u2019 Friendship University of Russia\u00a0TDK-konferenci\u00e1n a &hellip;<\/p>\n","protected":false},"author":158,"featured_media":0,"comment_status":"closed","ping_status":"closed","sticky":false,"template":"","format":"standard","meta":{"_acf_changed":false,"footnotes":""},"categories":[26],"tags":[],"class_list":["post-1065","post","type-post","status-publish","format-standard","hentry","category-hirek-hu"],"acf":[],"publishpress_future_action":{"enabled":false,"date":"1970-01-01 01:00:00","action":"","terms":[],"taxonomy":"","browser_timezone_offset":0},"_links":{"self":[{"href":"https:\/\/semmelweis.hu\/tdk\/wp-json\/wp\/v2\/posts\/1065","targetHints":{"allow":["GET"]}}],"collection":[{"href":"https:\/\/semmelweis.hu\/tdk\/wp-json\/wp\/v2\/posts"}],"about":[{"href":"https:\/\/semmelweis.hu\/tdk\/wp-json\/wp\/v2\/types\/post"}],"author":[{"embeddable":true,"href":"https:\/\/semmelweis.hu\/tdk\/wp-json\/wp\/v2\/users\/158"}],"replies":[{"embeddable":true,"href":"https:\/\/semmelweis.hu\/tdk\/wp-json\/wp\/v2\/comments?post=1065"}],"version-history":[{"count":1,"href":"https:\/\/semmelweis.hu\/tdk\/wp-json\/wp\/v2\/posts\/1065\/revisions"}],"predecessor-version":[{"id":10181,"href":"https:\/\/semmelweis.hu\/tdk\/wp-json\/wp\/v2\/posts\/1065\/revisions\/10181"}],"wp:attachment":[{"href":"https:\/\/semmelweis.hu\/tdk\/wp-json\/wp\/v2\/media?parent=1065"}],"wp:term":[{"taxonomy":"category","embeddable":true,"href":"https:\/\/semmelweis.hu\/tdk\/wp-json\/wp\/v2\/categories?post=1065"},{"taxonomy":"post_tag","embeddable":true,"href":"https:\/\/semmelweis.hu\/tdk\/wp-json\/wp\/v2\/tags?post=1065"}],"curies":[{"name":"wp","href":"https:\/\/api.w.org\/{rel}","templated":true}]}}