{"id":2379,"date":"2026-09-03T13:33:10","date_gmt":"2026-09-03T11:33:10","guid":{"rendered":"https:\/\/semmelweis.hu\/szemeszet\/?p=2379"},"modified":"2026-09-03T13:35:25","modified_gmt":"2026-09-03T11:35:25","slug":"2379","status":"publish","type":"post","link":"https:\/\/semmelweis.hu\/szemeszet\/2026\/09\/03\/2379\/","title":{"rendered":"Ambulancia el\u0151jegyz\u00e9s sz\u00fcnetel\u00e9se 2026.09.16-18."},"content":{"rendered":"<p>Tisztelt P\u00e1ciensek!<\/p>\n<p>2026.09.16 \u00e9s 18 k\u00f6z\u00f6tt az \u00e1ltal\u00e1nos ambulanci\u00e1ra sz\u00fcnetel az el\u0151jegyz\u00e9s. \u00daj id\u0151pontok foglal\u00e1sa 2026.09.19-t\u0151l lehets\u00e9ges.\u00a0<\/p>\n","protected":false},"excerpt":{"rendered":"<p>Tisztelt P\u00e1ciensek!<br \/>\n2026.09.16 \u00e9s 18 k\u00f6z\u00f6tt az \u00e1ltal\u00e1nos ambulanci\u00e1ra sz\u00fcnetel az el\u0151jegyz\u00e9s. \u00daj id\u0151pontok foglal\u00e1sa 2026.09.19-t\u0151l lehets\u00e9ges.\u00a0<\/p>\n","protected":false},"author":178,"featured_media":0,"comment_status":"closed","ping_status":"closed","sticky":false,"template":"","format":"standard","meta":{"_acf_changed":false,"footnotes":""},"categories":[5],"tags":[],"class_list":["post-2379","post","type-post","status-publish","format-standard","hentry","category-hirek"],"acf":[],"_links":{"self":[{"href":"https:\/\/semmelweis.hu\/szemeszet\/wp-json\/wp\/v2\/posts\/2379","targetHints":{"allow":["GET"]}}],"collection":[{"href":"https:\/\/semmelweis.hu\/szemeszet\/wp-json\/wp\/v2\/posts"}],"about":[{"href":"https:\/\/semmelweis.hu\/szemeszet\/wp-json\/wp\/v2\/types\/post"}],"author":[{"embeddable":true,"href":"https:\/\/semmelweis.hu\/szemeszet\/wp-json\/wp\/v2\/users\/178"}],"replies":[{"embeddable":true,"href":"https:\/\/semmelweis.hu\/szemeszet\/wp-json\/wp\/v2\/comments?post=2379"}],"version-history":[{"count":3,"href":"https:\/\/semmelweis.hu\/szemeszet\/wp-json\/wp\/v2\/posts\/2379\/revisions"}],"predecessor-version":[{"id":2382,"href":"https:\/\/semmelweis.hu\/szemeszet\/wp-json\/wp\/v2\/posts\/2379\/revisions\/2382"}],"wp:attachment":[{"href":"https:\/\/semmelweis.hu\/szemeszet\/wp-json\/wp\/v2\/media?parent=2379"}],"wp:term":[{"taxonomy":"category","embeddable":true,"href":"https:\/\/semmelweis.hu\/szemeszet\/wp-json\/wp\/v2\/categories?post=2379"},{"taxonomy":"post_tag","embeddable":true,"href":"https:\/\/semmelweis.hu\/szemeszet\/wp-json\/wp\/v2\/tags?post=2379"}],"curies":[{"name":"wp","href":"https:\/\/api.w.org\/{rel}","templated":true}]}}