{"id":9329,"date":"2023-03-07T11:57:18","date_gmt":"2023-03-07T10:57:18","guid":{"rendered":"https:\/\/semmelweis.hu\/szaknyelv\/?p=9329"},"modified":"2023-03-07T11:57:18","modified_gmt":"2023-03-07T10:57:18","slug":"online-altalanos-telc-vizsgafelkeszito-trening-angol-es-nemet-nyelven","status":"publish","type":"post","link":"https:\/\/semmelweis.hu\/szaknyelv\/2023\/03\/07\/online-altalanos-telc-vizsgafelkeszito-trening-angol-es-nemet-nyelven\/","title":{"rendered":"ONLINE \u00e1ltal\u00e1nos telc vizsgafelk\u00e9sz\u00edt\u0151 tr\u00e9ning angol \u00e9s n\u00e9met nyelven"},"content":{"rendered":"<div class=\"x11i5rnm xat24cr x1mh8g0r x1vvkbs xtlvy1s x126k92a\">\n<div dir=\"auto\">A Szaknyelvi Int\u00e9zet vizsgafelk\u00e9sz\u00edt\u0151 tr\u00e9ninget hirdet <span style=\"font-size: 18pt\"><strong>telc<\/strong><\/span> nyelvvizsg\u00e1hoz n\u00e9met \u00e9s angol nyelven.<\/div>\n<div dir=\"auto\"><span class=\"x3nfvp2 x1j61x8r x1fcty0u xdj266r xhhsvwb xat24cr xgzva0m xxymvpz xlup9mm x1kky2od\"><img loading=\"lazy\" decoding=\"async\" src=\"https:\/\/static.xx.fbcdn.net\/images\/emoji.php\/v9\/t25\/1.5\/16\/27a1.png\" alt=\"\u27a1\ufe0f\" width=\"16\" height=\"16\" \/><\/span>30 \u00f3r\u00e1s (heti 1&#215;3 \u00f3r\u00e1s) online tr\u00e9ning\u00fcnk alatt megismerheted a vizsg\u00e1n szerepl\u0151 feladatt\u00edpusokat \u00e9s vizsgafort\u00e9lyokra is szert tehetsz!<\/div>\n<div dir=\"auto\"><span class=\"x3nfvp2 x1j61x8r x1fcty0u xdj266r xhhsvwb xat24cr xgzva0m xxymvpz xlup9mm x1kky2od\"><img loading=\"lazy\" decoding=\"async\" src=\"https:\/\/static.xx.fbcdn.net\/images\/emoji.php\/v9\/tbb\/1.5\/16\/23f0.png\" alt=\"\u23f0\" width=\"16\" height=\"16\" \/><\/span>Ha a 2023.03.25-i vizsg\u00e1ra k\u00e9sz\u00fclsz, olvasd el a r\u00e9szleteket!<span class=\"x3nfvp2 x1j61x8r x1fcty0u xdj266r xhhsvwb xat24cr xgzva0m xxymvpz xlup9mm x1kky2od\"><img loading=\"lazy\" decoding=\"async\" src=\"https:\/\/static.xx.fbcdn.net\/images\/emoji.php\/v9\/tb0\/1.5\/16\/1f609.png\" alt=\"\ud83d\ude09\" width=\"16\" height=\"16\" \/><\/span><\/div>\n<\/div>\n<div class=\"x11i5rnm xat24cr x1mh8g0r x1vvkbs xtlvy1s x126k92a\">\n<div dir=\"auto\"><span class=\"x3nfvp2 x1j61x8r x1fcty0u xdj266r xhhsvwb xat24cr xgzva0m xxymvpz xlup9mm x1kky2od\"><img loading=\"lazy\" decoding=\"async\" src=\"https:\/\/static.xx.fbcdn.net\/images\/emoji.php\/v9\/ta9\/1.5\/16\/260e.png\" alt=\"\u260e\ufe0f\" width=\"16\" height=\"16\" \/><\/span>El\u00e9rhet\u0151s\u00e9g:<\/div>\n<div dir=\"auto\">Vas Zsuzsanna (koordin\u00e1tor)<\/div>\n<div dir=\"auto\">vas.zsuzsanna@semmelweis-univ.hu<\/div>\n<div dir=\"auto\"><a class=\"x1i10hfl xjbqb8w x6umtig x1b1mbwd xaqea5y xav7gou x9f619 x1ypdohk xt0psk2 xe8uvvx xdj266r x11i5rnm xat24cr x1mh8g0r xexx8yu x4uap5 x18d9i69 xkhd6sd x16tdsg8 x1hl2dhg xggy1nq x1a2a7pz xt0b8zv x1qq9wsj xo1l8bm\" href=\"https:\/\/www.facebook.com\/szaknyelviintezet?__cft__[0]=AZXYgmiCb_EYVxBelEQwUid9tmKCWnljDk5MbvjCiqx3FrFXRyCrAqiFpIalPc0jvQuRB6AA7i_vAY2o3Tucwm8xjRnfXqwC1jvMqTE3DgUTo2B29ZLu3gIVEAbta9ae99d-BX79KKJjU-WS1Qt-TCLKOTLttwuruQrYoZpGBcaPjmisu4JkTI2pOAg5J1eg7EM&amp;__tn__=-]K-R\"><span class=\"xt0psk2\">facebook.com\/szaknyelviintezet<\/span><\/a><\/div>\n<div dir=\"auto\">\u00a0<\/div>\n<\/div>\n<div dir=\"auto\"><img loading=\"lazy\" decoding=\"async\" class=\"aligncenter wp-image-9327 size-large\" src=\"https:\/\/semmelweis.hu\/szaknyelv\/files\/2023\/03\/telc-angol-es-nemet-724x1024.jpg\" alt=\"\" width=\"724\" height=\"1024\" srcset=\"https:\/\/semmelweis.hu\/szaknyelv\/files\/2023\/03\/telc-angol-es-nemet-724x1024.jpg 724w, https:\/\/semmelweis.hu\/szaknyelv\/files\/2023\/03\/telc-angol-es-nemet-283x400.jpg 283w, https:\/\/semmelweis.hu\/szaknyelv\/files\/2023\/03\/telc-angol-es-nemet-768x1086.jpg 768w, https:\/\/semmelweis.hu\/szaknyelv\/files\/2023\/03\/telc-angol-es-nemet-1086x1536.jpg 1086w, https:\/\/semmelweis.hu\/szaknyelv\/files\/2023\/03\/telc-angol-es-nemet-1448x2048.jpg 1448w, https:\/\/semmelweis.hu\/szaknyelv\/files\/2023\/03\/telc-angol-es-nemet-753x1065.jpg 753w, https:\/\/semmelweis.hu\/szaknyelv\/files\/2023\/03\/telc-angol-es-nemet.jpg 1587w\" sizes=\"auto, (max-width: 724px) 100vw, 724px\" \/><\/div>\n","protected":false},"excerpt":{"rendered":"<p>A Szaknyelvi Int\u00e9zet vizsgafelk\u00e9sz\u00edt\u0151 tr\u00e9ninget hirdet telc nyelvvizsg\u00e1hoz n\u00e9met \u00e9s angol nyelven.<br \/>\n30 \u00f3r\u00e1s (heti 1&#215;3 \u00f3r\u00e1s) online tr\u00e9ning\u00fcnk alatt megismerheted a vizsg\u00e1n szerepl\u0151 feladatt\u00edpusokat \u00e9s vizsgafort\u00e9lyokra is szert tehetsz!<br \/>\nHa a 2023.03.25-i vizsg\u00e1ra k\u00e9sz\u00fclsz, olvasd el a r\u00e9szleteket!<\/p>\n<p>El\u00e9rhet\u0151s\u00e9g:<br \/>\nVas Zsuzsanna (koordin\u00e1tor)<br \/>\nvas.zsuzsanna@semmelweis-univ.hu<br \/>\n<a class=\"x1i10hfl xjbqb8w x6umtig x1b1mbwd xaqea5y xav7gou x9f619 x1ypdohk xt0psk2 xe8uvvx xdj266r x11i5rnm xat24cr x1mh8g0r xexx8yu x4uap5 x18d9i69 xkhd6sd x16tdsg8 x1hl2dhg xggy1nq x1a2a7pz xt0b8zv x1qq9wsj xo1l8bm\" href=\"https:\/\/www.facebook.com\/szaknyelviintezet?__cft__[0]=AZXYgmiCb_EYVxBelEQwUid9tmKCWnljDk5MbvjCiqx3FrFXRyCrAqiFpIalPc0jvQuRB6AA7i_vAY2o3Tucwm8xjRnfXqwC1jvMqTE3DgUTo2B29ZLu3gIVEAbta9ae99d-BX79KKJjU-WS1Qt-TCLKOTLttwuruQrYoZpGBcaPjmisu4JkTI2pOAg5J1eg7EM&amp;__tn__=-]K-R\">facebook.com\/szaknyelviintezet<\/a><br \/>\n\u00a0<\/p>\n","protected":false},"author":118,"featured_media":0,"comment_status":"closed","ping_status":"closed","sticky":false,"template":"","format":"standard","meta":{"_acf_changed":false,"footnotes":""},"categories":[23],"tags":[],"class_list":["post-9329","post","type-post","status-publish","format-standard","hentry","category-hirek"],"acf":[],"_links":{"self":[{"href":"https:\/\/semmelweis.hu\/szaknyelv\/wp-json\/wp\/v2\/posts\/9329","targetHints":{"allow":["GET"]}}],"collection":[{"href":"https:\/\/semmelweis.hu\/szaknyelv\/wp-json\/wp\/v2\/posts"}],"about":[{"href":"https:\/\/semmelweis.hu\/szaknyelv\/wp-json\/wp\/v2\/types\/post"}],"author":[{"embeddable":true,"href":"https:\/\/semmelweis.hu\/szaknyelv\/wp-json\/wp\/v2\/users\/118"}],"replies":[{"embeddable":true,"href":"https:\/\/semmelweis.hu\/szaknyelv\/wp-json\/wp\/v2\/comments?post=9329"}],"version-history":[{"count":1,"href":"https:\/\/semmelweis.hu\/szaknyelv\/wp-json\/wp\/v2\/posts\/9329\/revisions"}],"predecessor-version":[{"id":9330,"href":"https:\/\/semmelweis.hu\/szaknyelv\/wp-json\/wp\/v2\/posts\/9329\/revisions\/9330"}],"wp:attachment":[{"href":"https:\/\/semmelweis.hu\/szaknyelv\/wp-json\/wp\/v2\/media?parent=9329"}],"wp:term":[{"taxonomy":"category","embeddable":true,"href":"https:\/\/semmelweis.hu\/szaknyelv\/wp-json\/wp\/v2\/categories?post=9329"},{"taxonomy":"post_tag","embeddable":true,"href":"https:\/\/semmelweis.hu\/szaknyelv\/wp-json\/wp\/v2\/tags?post=9329"}],"curies":[{"name":"wp","href":"https:\/\/api.w.org\/{rel}","templated":true}]}}