{"id":9313,"date":"2023-03-02T10:47:54","date_gmt":"2023-03-02T09:47:54","guid":{"rendered":"https:\/\/semmelweis.hu\/szaknyelv\/?p=9313"},"modified":"2023-03-02T10:47:54","modified_gmt":"2023-03-02T09:47:54","slug":"online-orvosi-nemet-tanfolyam-angol-kozvetito-nyelvvel","status":"publish","type":"post","link":"https:\/\/semmelweis.hu\/szaknyelv\/2023\/03\/02\/online-orvosi-nemet-tanfolyam-angol-kozvetito-nyelvvel\/","title":{"rendered":"ONLINE Orvosi n\u00e9met tanfolyam angol k\u00f6zvet\u00edt\u0151 nyelvvel"},"content":{"rendered":"<p>A Semmelweis Egyetem Szaknyelvi Int\u00e9zete <strong>ONLINE Orvosi n\u00e9met <\/strong>tanfolyamot ind\u00edt<strong> angol <\/strong>k\u00f6zvet\u00edt\u0151 nyelvvel<strong> kezd\u0151k, \u00fajrakezd\u0151k<\/strong> r\u00e9sz\u00e9re.<\/p>\n<ul>\n<li>Null\u00e1r\u00f3l kezdve, r\u00f6gt\u00f6n az orvosi szaknyelv tanul\u00e1st kezdheti el.<\/li>\n<li>Aj\u00e1nljuk hallgat\u00f3knak, dolgoz\u00f3knak, partnereknek.<\/li>\n<\/ul>\n<p><strong>Kezd\u00e9s:<\/strong><\/p>\n<ul>\n<li>Jelentkez\u00e9si \u00e9s befizet\u00e9si hat\u00e1rid\u0151: 2023.03.07.<\/li>\n<li>Tanfolyam kezd\u00e9se: 2023.03.09.<\/li>\n<\/ul>\n<p><strong>El\u00e9rhet\u0151s\u00e9g: <\/strong><\/p>\n<p>Vas Zsuzsanna (koordin\u00e1tor) <br \/>\n<a href=\"mailto:vas.zsuzsanna@semmelweis-univ.hu\">vas.zsuzsanna@semmelweis-univ.hu<\/a><br \/>\nfacebook.com\/szaknyelviintezet<\/p>\n<p><img loading=\"lazy\" decoding=\"async\" class=\"aligncenter wp-image-9310 size-large\" src=\"https:\/\/semmelweis.hu\/szaknyelv\/files\/2023\/03\/Nemet-angolul-HUN-1-724x1024.jpg\" alt=\"\" width=\"724\" height=\"1024\" srcset=\"https:\/\/semmelweis.hu\/szaknyelv\/files\/2023\/03\/Nemet-angolul-HUN-1-724x1024.jpg 724w, https:\/\/semmelweis.hu\/szaknyelv\/files\/2023\/03\/Nemet-angolul-HUN-1-283x400.jpg 283w, https:\/\/semmelweis.hu\/szaknyelv\/files\/2023\/03\/Nemet-angolul-HUN-1-768x1086.jpg 768w, https:\/\/semmelweis.hu\/szaknyelv\/files\/2023\/03\/Nemet-angolul-HUN-1-1086x1536.jpg 1086w, https:\/\/semmelweis.hu\/szaknyelv\/files\/2023\/03\/Nemet-angolul-HUN-1-1448x2048.jpg 1448w, https:\/\/semmelweis.hu\/szaknyelv\/files\/2023\/03\/Nemet-angolul-HUN-1-753x1065.jpg 753w, https:\/\/semmelweis.hu\/szaknyelv\/files\/2023\/03\/Nemet-angolul-HUN-1.jpg 1587w\" sizes=\"auto, (max-width: 724px) 100vw, 724px\" \/><\/p>\n","protected":false},"excerpt":{"rendered":"<p>A Semmelweis Egyetem Szaknyelvi Int\u00e9zete ONLINE Orvosi n\u00e9met tanfolyamot ind\u00edt angol k\u00f6zvet\u00edt\u0151 nyelvvel kezd\u0151k, \u00fajrakezd\u0151k r\u00e9sz\u00e9re.<\/p>\n<p>Null\u00e1r\u00f3l kezdve, r\u00f6gt\u00f6n az orvosi szaknyelv tanul\u00e1st kezdheti el.<br \/>\nAj\u00e1nljuk hallgat\u00f3knak, dolgoz\u00f3knak, partnereknek.<\/p>\n<p>Kezd\u00e9s:<\/p>\n<p>Jelentkez\u00e9si \u00e9s befizet\u00e9si hat\u00e1rid\u0151: 2023.03.07.<br \/>\nTanfolyam kezd\u00e9se: 2023.03.09.<\/p>\n<p>El\u00e9rhet\u0151s\u00e9g:<br \/>\nVas Zsuzsanna (koordin\u00e1tor)<br \/>\n<a href=\"mailto:vas.zsuzsanna@semmelweis-univ.hu\">vas.zsuzsanna@semmelweis-univ.hu<\/a><br \/>\nfacebook.com\/szaknyelviintezet<\/p>\n","protected":false},"author":118,"featured_media":0,"comment_status":"closed","ping_status":"closed","sticky":false,"template":"","format":"standard","meta":{"_acf_changed":false,"footnotes":""},"categories":[23],"tags":[],"class_list":["post-9313","post","type-post","status-publish","format-standard","hentry","category-hirek"],"acf":[],"_links":{"self":[{"href":"https:\/\/semmelweis.hu\/szaknyelv\/wp-json\/wp\/v2\/posts\/9313","targetHints":{"allow":["GET"]}}],"collection":[{"href":"https:\/\/semmelweis.hu\/szaknyelv\/wp-json\/wp\/v2\/posts"}],"about":[{"href":"https:\/\/semmelweis.hu\/szaknyelv\/wp-json\/wp\/v2\/types\/post"}],"author":[{"embeddable":true,"href":"https:\/\/semmelweis.hu\/szaknyelv\/wp-json\/wp\/v2\/users\/118"}],"replies":[{"embeddable":true,"href":"https:\/\/semmelweis.hu\/szaknyelv\/wp-json\/wp\/v2\/comments?post=9313"}],"version-history":[{"count":2,"href":"https:\/\/semmelweis.hu\/szaknyelv\/wp-json\/wp\/v2\/posts\/9313\/revisions"}],"predecessor-version":[{"id":9315,"href":"https:\/\/semmelweis.hu\/szaknyelv\/wp-json\/wp\/v2\/posts\/9313\/revisions\/9315"}],"wp:attachment":[{"href":"https:\/\/semmelweis.hu\/szaknyelv\/wp-json\/wp\/v2\/media?parent=9313"}],"wp:term":[{"taxonomy":"category","embeddable":true,"href":"https:\/\/semmelweis.hu\/szaknyelv\/wp-json\/wp\/v2\/categories?post=9313"},{"taxonomy":"post_tag","embeddable":true,"href":"https:\/\/semmelweis.hu\/szaknyelv\/wp-json\/wp\/v2\/tags?post=9313"}],"curies":[{"name":"wp","href":"https:\/\/api.w.org\/{rel}","templated":true}]}}