{"id":9201,"date":"2023-02-14T13:50:07","date_gmt":"2023-02-14T12:50:07","guid":{"rendered":"https:\/\/semmelweis.hu\/szaknyelv\/?p=9201"},"modified":"2023-02-14T13:50:31","modified_gmt":"2023-02-14T12:50:31","slug":"online-egeszsegugyi-nemet-szaknyelvi-tanfolyam","status":"publish","type":"post","link":"https:\/\/semmelweis.hu\/szaknyelv\/2023\/02\/14\/online-egeszsegugyi-nemet-szaknyelvi-tanfolyam\/","title":{"rendered":"Online Eg\u00e9szs\u00e9g\u00fcgyi n\u00e9met szaknyelvi tanfolyam"},"content":{"rendered":"<p>\nONLINE EG\u00c9SZS\u00c9G\u00dcGYI N\u00c9MET SZAKNYELV tanfolyamot ind\u00edt a Semmelweis Egyetem Szaknyelvi Int\u00e9zete 2023. m\u00e1rcius 9-\u00e9n.<\/p>\n<p>\nA 48 \u00f3r\u00e1s, ONLINE k\u00e9pz\u00e9s<br \/>\n&#8211; betekint\u00e9st ny\u00fajt a legfontosabb orvosi szakter\u00fcletek terminol\u00f3gi\u00e1j\u00e1ba, <br \/>\n&#8211; orvosi szaksz\u00f3kincsen alapul\u00f3 nyelvtani rendszerez\u00e9st biztos\u00edt, <br \/>\n\u00a0&#8211; a szaknyelvi kommunik\u00e1ci\u00f3s \u00e9s dokument\u00e1ci\u00f3s k\u00e9szs\u00e9gek fejleszt\u00e9s\u00e9t seg\u00edti. <\/p>\n<p>V\u00e1rjuk azokat az \u00e9rdekl\u0151d\u0151ket, akik <br \/>\n&#8211; szeretn\u00e9nek szaknyelvi ismereteket szerezni, esetleg megl\u00e9v\u0151 tud\u00e1sukat szeretn\u00e9k felfriss\u00edteni, kieg\u00e9sz\u00edteni,<br \/>\n&#8211; az Eg\u00e9szs\u00e9gtudom\u00e1nyi szakford\u00edt\u00f3- \u00e9s tolm\u00e1cs szakir\u00e1ny\u00fa k\u00e9pz\u00e9s\u00fcnk ir\u00e1nt \u00e9rdekl\u0151dnek vagy m\u00e1r akt\u00edv hallgat\u00f3k.<\/p>\n<p><strong>Jelentkez\u00e9si-befizet\u00e9si hat\u00e1rid\u0151<\/strong>: 2023.02.28.<\/p>\n<p><strong>El\u00e9rhet\u0151s\u00e9g<\/strong>:<br \/>\nVas Zsuzsanna (koordin\u00e1tor) <br \/>\nvas.zsuzsanna@semmelweis-univ.hu<br \/>\n<span class=\"xv78j7m\">facebook.com\/szaknyelviintezet<\/span><\/p>\n<p><img loading=\"lazy\" decoding=\"async\" class=\"aligncenter wp-image-9159 size-large\" src=\"https:\/\/semmelweis.hu\/szaknyelv\/files\/2023\/02\/Eu-szaknyelv-final-724x1024.png\" alt=\"\" width=\"724\" height=\"1024\" srcset=\"https:\/\/semmelweis.hu\/szaknyelv\/files\/2023\/02\/Eu-szaknyelv-final-724x1024.png 724w, https:\/\/semmelweis.hu\/szaknyelv\/files\/2023\/02\/Eu-szaknyelv-final-283x400.png 283w, https:\/\/semmelweis.hu\/szaknyelv\/files\/2023\/02\/Eu-szaknyelv-final-768x1086.png 768w, https:\/\/semmelweis.hu\/szaknyelv\/files\/2023\/02\/Eu-szaknyelv-final-1086x1536.png 1086w, https:\/\/semmelweis.hu\/szaknyelv\/files\/2023\/02\/Eu-szaknyelv-final-1448x2048.png 1448w, https:\/\/semmelweis.hu\/szaknyelv\/files\/2023\/02\/Eu-szaknyelv-final-753x1065.png 753w, https:\/\/semmelweis.hu\/szaknyelv\/files\/2023\/02\/Eu-szaknyelv-final.png 1587w\" sizes=\"auto, (max-width: 724px) 100vw, 724px\" \/><\/p>\n","protected":false},"excerpt":{"rendered":"<p>ONLINE EG\u00c9SZS\u00c9G\u00dcGYI N\u00c9MET SZAKNYELV tanfolyamot ind\u00edt a Semmelweis Egyetem Szaknyelvi Int\u00e9zete 2023. m\u00e1rcius 9-\u00e9n. A 48 \u00f3r\u00e1s, ONLINE k\u00e9pz\u00e9s &#8211; betekint\u00e9st ny\u00fajt a legfontosabb orvosi szakter\u00fcletek terminol\u00f3gi\u00e1j\u00e1ba, &#8211; orvosi szaksz\u00f3kincsen alapul\u00f3 nyelvtani rendszerez\u00e9st biztos\u00edt, \u00a0&#8211; a szaknyelvi kommunik\u00e1ci\u00f3s \u00e9s dokument\u00e1ci\u00f3s k\u00e9szs\u00e9gek fejleszt\u00e9s\u00e9t seg\u00edti. V\u00e1rjuk azokat az \u00e9rdekl\u0151d\u0151ket, akik &#8211; szeretn\u00e9nek szaknyelvi ismereteket szerezni, esetleg megl\u00e9v\u0151 &hellip;<\/p>\n","protected":false},"author":118,"featured_media":0,"comment_status":"closed","ping_status":"closed","sticky":false,"template":"","format":"standard","meta":{"_acf_changed":false,"footnotes":""},"categories":[23],"tags":[],"class_list":["post-9201","post","type-post","status-publish","format-standard","hentry","category-hirek"],"acf":[],"_links":{"self":[{"href":"https:\/\/semmelweis.hu\/szaknyelv\/wp-json\/wp\/v2\/posts\/9201","targetHints":{"allow":["GET"]}}],"collection":[{"href":"https:\/\/semmelweis.hu\/szaknyelv\/wp-json\/wp\/v2\/posts"}],"about":[{"href":"https:\/\/semmelweis.hu\/szaknyelv\/wp-json\/wp\/v2\/types\/post"}],"author":[{"embeddable":true,"href":"https:\/\/semmelweis.hu\/szaknyelv\/wp-json\/wp\/v2\/users\/118"}],"replies":[{"embeddable":true,"href":"https:\/\/semmelweis.hu\/szaknyelv\/wp-json\/wp\/v2\/comments?post=9201"}],"version-history":[{"count":1,"href":"https:\/\/semmelweis.hu\/szaknyelv\/wp-json\/wp\/v2\/posts\/9201\/revisions"}],"predecessor-version":[{"id":9202,"href":"https:\/\/semmelweis.hu\/szaknyelv\/wp-json\/wp\/v2\/posts\/9201\/revisions\/9202"}],"wp:attachment":[{"href":"https:\/\/semmelweis.hu\/szaknyelv\/wp-json\/wp\/v2\/media?parent=9201"}],"wp:term":[{"taxonomy":"category","embeddable":true,"href":"https:\/\/semmelweis.hu\/szaknyelv\/wp-json\/wp\/v2\/categories?post=9201"},{"taxonomy":"post_tag","embeddable":true,"href":"https:\/\/semmelweis.hu\/szaknyelv\/wp-json\/wp\/v2\/tags?post=9201"}],"curies":[{"name":"wp","href":"https:\/\/api.w.org\/{rel}","templated":true}]}}