{"id":9196,"date":"2023-02-14T13:43:05","date_gmt":"2023-02-14T12:43:05","guid":{"rendered":"https:\/\/semmelweis.hu\/szaknyelv\/?p=9196"},"modified":"2023-02-14T13:43:05","modified_gmt":"2023-02-14T12:43:05","slug":"online-profex-orvosi-szaknyelvi-vizsgafelkeszito-tanfolyamok-nemet","status":"publish","type":"post","link":"https:\/\/semmelweis.hu\/szaknyelv\/2023\/02\/14\/online-profex-orvosi-szaknyelvi-vizsgafelkeszito-tanfolyamok-nemet\/","title":{"rendered":"Online PROFEX orvosi szaknyelvi vizsgafelk\u00e9sz\u00edt\u0151 tanfolyamok (n\u00e9met)"},"content":{"rendered":"<p>ONLINE PROFEX orvosi szaknyelvi vizsgafelk\u00e9sz\u00edt\u0151 tanfolyamokat ind\u00edt a Semmelweis Egyetem Szaknyelvi Int\u00e9zete 2023. febru\u00e1rj\u00e1ban.<\/p>\n<p>A 30 \u00f3r\u00e1s, ONLINE tanfolyamok c\u00e9lja:<br \/>\n\u2022 komplex felk\u00e9sz\u00edt\u00e9s az \u00edr\u00e1sbeli \u00e9s a sz\u00f3beli PROFEX vizsg\u00e1ra,<br \/>\n\u2022 pr\u00f3bavizsga sikeres teljes\u00edt\u00e9se a modul z\u00e1r\u00e1sak\u00e9nt, ahol a hallgat\u00f3 objekt\u00edv \u00e9rt\u00e9kel\u00e9st kap a vizsg\u00e1n el\u00e9rt eredm\u00e9ny\u00e9r\u0151l.<\/p>\n<p>Aj\u00e1nljuk<br \/>\n\u2022 a Semmelweis Egyetem hallgat\u00f3inak, dolgoz\u00f3inak, k\u00fcls\u0151s \u00e9rdekl\u0151d\u0151knek,<br \/>\n\u2022 azoknak, akik a 2023. \u00e1prilisi PROFEX vizsg\u00e1ra szeretn\u00e9nek jelentkezni.<\/p>\n<p>Ha a jelenlegi nyelvtud\u00e1sod<br \/>\n\u2022 B1 szint\u0171, jelentkezz a 2023.02.21-\u00e9n indul\u00f3 B2-es szintre felk\u00e9sz\u00edt\u0151 tanfolyamra,<br \/>\n\u2022 B2 szint\u0171, jelentkezz a 2023.02.23-\u00e1n indul\u00f3 C1-es szintre felk\u00e9sz\u00edt\u0151 tanfolyamra.<\/p>\n<p><strong>Jelentkez\u00e9si-befizet\u00e9si hat\u00e1rid\u0151<\/strong>: 2023.02.17.<\/p>\n<p><strong>El\u00e9rhet\u0151s\u00e9g:<\/strong><br \/>\nVas Zsuzsanna (koordin\u00e1tor)<br \/>\nvas.zsuzsanna@semmelweis-univ.hu<br \/>\n<span class=\"xv78j7m\">facebook.com\/szaknyelviintezet<\/span><\/p>\n<p><img loading=\"lazy\" decoding=\"async\" class=\"alignnone wp-image-9179 \" src=\"https:\/\/semmelweis.hu\/szaknyelv\/files\/2023\/02\/Profex-B1-B2--724x1024.png\" alt=\"\" width=\"391\" height=\"553\" srcset=\"https:\/\/semmelweis.hu\/szaknyelv\/files\/2023\/02\/Profex-B1-B2--724x1024.png 724w, https:\/\/semmelweis.hu\/szaknyelv\/files\/2023\/02\/Profex-B1-B2--283x400.png 283w, https:\/\/semmelweis.hu\/szaknyelv\/files\/2023\/02\/Profex-B1-B2--768x1086.png 768w, https:\/\/semmelweis.hu\/szaknyelv\/files\/2023\/02\/Profex-B1-B2--1086x1536.png 1086w, https:\/\/semmelweis.hu\/szaknyelv\/files\/2023\/02\/Profex-B1-B2--1448x2048.png 1448w, https:\/\/semmelweis.hu\/szaknyelv\/files\/2023\/02\/Profex-B1-B2--753x1065.png 753w, https:\/\/semmelweis.hu\/szaknyelv\/files\/2023\/02\/Profex-B1-B2-.png 1587w\" sizes=\"auto, (max-width: 391px) 100vw, 391px\" \/><img loading=\"lazy\" decoding=\"async\" class=\"alignnone  wp-image-9180\" src=\"https:\/\/semmelweis.hu\/szaknyelv\/files\/2023\/02\/Profex-B2-C1--283x400.png\" alt=\"\" width=\"394\" height=\"557\" srcset=\"https:\/\/semmelweis.hu\/szaknyelv\/files\/2023\/02\/Profex-B2-C1--283x400.png 283w, https:\/\/semmelweis.hu\/szaknyelv\/files\/2023\/02\/Profex-B2-C1--724x1024.png 724w, https:\/\/semmelweis.hu\/szaknyelv\/files\/2023\/02\/Profex-B2-C1--768x1086.png 768w, https:\/\/semmelweis.hu\/szaknyelv\/files\/2023\/02\/Profex-B2-C1--1086x1536.png 1086w, https:\/\/semmelweis.hu\/szaknyelv\/files\/2023\/02\/Profex-B2-C1--1448x2048.png 1448w, https:\/\/semmelweis.hu\/szaknyelv\/files\/2023\/02\/Profex-B2-C1--753x1065.png 753w, https:\/\/semmelweis.hu\/szaknyelv\/files\/2023\/02\/Profex-B2-C1-.png 1587w\" sizes=\"auto, (max-width: 394px) 100vw, 394px\" \/><\/p>\n","protected":false},"excerpt":{"rendered":"<p>ONLINE PROFEX orvosi szaknyelvi vizsgafelk\u00e9sz\u00edt\u0151 tanfolyamokat ind\u00edt a Semmelweis Egyetem Szaknyelvi Int\u00e9zete 2023. febru\u00e1rj\u00e1ban. A 30 \u00f3r\u00e1s, ONLINE tanfolyamok c\u00e9lja: \u2022 komplex felk\u00e9sz\u00edt\u00e9s az \u00edr\u00e1sbeli \u00e9s a sz\u00f3beli PROFEX vizsg\u00e1ra, \u2022 pr\u00f3bavizsga sikeres teljes\u00edt\u00e9se a modul z\u00e1r\u00e1sak\u00e9nt, ahol a hallgat\u00f3 objekt\u00edv \u00e9rt\u00e9kel\u00e9st kap a vizsg\u00e1n el\u00e9rt eredm\u00e9ny\u00e9r\u0151l. Aj\u00e1nljuk \u2022 a Semmelweis Egyetem hallgat\u00f3inak, dolgoz\u00f3inak, k\u00fcls\u0151s &hellip;<\/p>\n","protected":false},"author":118,"featured_media":0,"comment_status":"closed","ping_status":"closed","sticky":false,"template":"","format":"standard","meta":{"_acf_changed":false,"footnotes":""},"categories":[1],"tags":[],"class_list":["post-9196","post","type-post","status-publish","format-standard","hentry","category-egyeb"],"acf":[],"_links":{"self":[{"href":"https:\/\/semmelweis.hu\/szaknyelv\/wp-json\/wp\/v2\/posts\/9196","targetHints":{"allow":["GET"]}}],"collection":[{"href":"https:\/\/semmelweis.hu\/szaknyelv\/wp-json\/wp\/v2\/posts"}],"about":[{"href":"https:\/\/semmelweis.hu\/szaknyelv\/wp-json\/wp\/v2\/types\/post"}],"author":[{"embeddable":true,"href":"https:\/\/semmelweis.hu\/szaknyelv\/wp-json\/wp\/v2\/users\/118"}],"replies":[{"embeddable":true,"href":"https:\/\/semmelweis.hu\/szaknyelv\/wp-json\/wp\/v2\/comments?post=9196"}],"version-history":[{"count":3,"href":"https:\/\/semmelweis.hu\/szaknyelv\/wp-json\/wp\/v2\/posts\/9196\/revisions"}],"predecessor-version":[{"id":9199,"href":"https:\/\/semmelweis.hu\/szaknyelv\/wp-json\/wp\/v2\/posts\/9196\/revisions\/9199"}],"wp:attachment":[{"href":"https:\/\/semmelweis.hu\/szaknyelv\/wp-json\/wp\/v2\/media?parent=9196"}],"wp:term":[{"taxonomy":"category","embeddable":true,"href":"https:\/\/semmelweis.hu\/szaknyelv\/wp-json\/wp\/v2\/categories?post=9196"},{"taxonomy":"post_tag","embeddable":true,"href":"https:\/\/semmelweis.hu\/szaknyelv\/wp-json\/wp\/v2\/tags?post=9196"}],"curies":[{"name":"wp","href":"https:\/\/api.w.org\/{rel}","templated":true}]}}