{"id":7657,"date":"2022-10-21T06:07:44","date_gmt":"2022-10-21T04:07:44","guid":{"rendered":"https:\/\/semmelweis.hu\/szaknyelv\/?p=7657"},"modified":"2022-10-21T06:07:58","modified_gmt":"2022-10-21T04:07:58","slug":"egeszsegtudomanyi-szakfordito-es-tolmacskepzes-indul-ujra-2023-februarjatol","status":"publish","type":"post","link":"https:\/\/semmelweis.hu\/szaknyelv\/2022\/10\/21\/egeszsegtudomanyi-szakfordito-es-tolmacskepzes-indul-ujra-2023-februarjatol\/","title":{"rendered":"Eg\u00e9szs\u00e9gtudom\u00e1nyi szakford\u00edt\u00f3- \u00e9s tolm\u00e1csk\u00e9pz\u00e9s indul \u00daJRA 2023. febru\u00e1rj\u00e1t\u00f3l"},"content":{"rendered":"<p>Kedves \u00c9rdekl\u0151d\u0151k!<\/p>\n<p>2023. febru\u00e1rj\u00e1ban \u00fajra elind\u00edtjuk <strong>Eg\u00e9szs\u00e9gtudom\u00e1nyi szakford\u00edt\u00f3- \u00e9s tolm\u00e1csk\u00e9pz\u00e9s\u00fcnket<\/strong> MAGYAR-ANGOL nyelvp\u00e1rban, valamint MAGYAR-N\u00c9MET nyelvp\u00e1rban is.<\/p>\n<p>Az \u00faj tan\u00e9vben a k\u00e9pz\u00e9seket meg\u00fajult form\u00e1ban k\u00edn\u00e1ljuk, a hallgat\u00f3i ig\u00e9nyekre v\u00e1laszolva 80%-\u00e1t ONLINE biztos\u00edtjuk.<br \/>\nMindk\u00e9t k\u00e9pz\u00e9s\u00fcnkre <strong>2023. janu\u00e1r 20-ig lehet jelentkezni<\/strong>: szakfordito@semmelweis-univ.hu<\/p>\n<p>Tov\u00e1bbi inform\u00e1ci\u00f3\u00e9rt l\u00e1togassanak el honlapunkra:<br \/>\n<a href=\"https:\/\/semmelweis.hu\/szaknyelv\/kepzeseink\/posztgradualis-egeszsegtudomanyi-kepzeseink\/?fbclid=IwAR3aIoR1_Zbbx4MsDBO1QAxPGpoXXnA5t3jmCnGgj79bXFKO6n3wEXakrlQ\">https:\/\/semmelweis.hu\/&#8230;\/posztgradualis&#8230;\/<\/a><\/p>\n<p>V\u00e1runk mindenkit szeretettel!<\/p>\n<p><img loading=\"lazy\" decoding=\"async\" class=\"aligncenter wp-image-7658 size-full\" src=\"https:\/\/semmelweis.hu\/szaknyelv\/files\/2022\/10\/szakfordito-2023-1-scaled.jpg\" alt=\"\" width=\"1024\" height=\"2560\" srcset=\"https:\/\/semmelweis.hu\/szaknyelv\/files\/2022\/10\/szakfordito-2023-1-scaled.jpg 1024w, https:\/\/semmelweis.hu\/szaknyelv\/files\/2022\/10\/szakfordito-2023-1-160x400.jpg 160w, https:\/\/semmelweis.hu\/szaknyelv\/files\/2022\/10\/szakfordito-2023-1-410x1024.jpg 410w, https:\/\/semmelweis.hu\/szaknyelv\/files\/2022\/10\/szakfordito-2023-1-768x1920.jpg 768w, https:\/\/semmelweis.hu\/szaknyelv\/files\/2022\/10\/szakfordito-2023-1-614x1536.jpg 614w, https:\/\/semmelweis.hu\/szaknyelv\/files\/2022\/10\/szakfordito-2023-1-819x2048.jpg 819w, https:\/\/semmelweis.hu\/szaknyelv\/files\/2022\/10\/szakfordito-2023-1-753x1883.jpg 753w\" sizes=\"auto, (max-width: 1024px) 100vw, 1024px\" \/><\/p>\n","protected":false},"excerpt":{"rendered":"<p>Kedves \u00c9rdekl\u0151d\u0151k!<br \/>\n2023. febru\u00e1rj\u00e1ban \u00fajra elind\u00edtjuk Eg\u00e9szs\u00e9gtudom\u00e1nyi szakford\u00edt\u00f3- \u00e9s tolm\u00e1csk\u00e9pz\u00e9s\u00fcnket MAGYAR-ANGOL nyelvp\u00e1rban, valamint MAGYAR-N\u00c9MET nyelvp\u00e1rban is.<br \/>\nAz \u00faj tan\u00e9vben a k\u00e9pz\u00e9seket meg\u00fajult form\u00e1ban k\u00edn\u00e1ljuk, a hallgat\u00f3i ig\u00e9nyekre v\u00e1laszolva 80%-\u00e1t ONLINE biztos\u00edtjuk.<br \/>\nMindk\u00e9t k\u00e9pz\u00e9s\u00fcnkre 2023. janu\u00e1r 20-ig lehet jelentkezni: szakfordito@semmelweis-univ.hu<br \/>\nTov\u00e1bbi inform\u00e1ci\u00f3\u00e9rt l\u00e1togassanak el honlapunkra:<br \/>\n<a href=\"https:\/\/semmelweis.hu\/szaknyelv\/kepzeseink\/posztgradualis-egeszsegtudomanyi-kepzeseink\/?fbclid=IwAR3aIoR1_Zbbx4MsDBO1QAxPGpoXXnA5t3jmCnGgj79bXFKO6n3wEXakrlQ\">https:\/\/semmelweis.hu\/&#8230;\/posztgradualis&#8230;\/<\/a><br \/>\nV\u00e1runk mindenkit szeretettel!<\/p>\n","protected":false},"author":118,"featured_media":0,"comment_status":"closed","ping_status":"closed","sticky":false,"template":"","format":"standard","meta":{"_acf_changed":false,"footnotes":""},"categories":[23],"tags":[],"class_list":["post-7657","post","type-post","status-publish","format-standard","hentry","category-hirek"],"acf":[],"_links":{"self":[{"href":"https:\/\/semmelweis.hu\/szaknyelv\/wp-json\/wp\/v2\/posts\/7657","targetHints":{"allow":["GET"]}}],"collection":[{"href":"https:\/\/semmelweis.hu\/szaknyelv\/wp-json\/wp\/v2\/posts"}],"about":[{"href":"https:\/\/semmelweis.hu\/szaknyelv\/wp-json\/wp\/v2\/types\/post"}],"author":[{"embeddable":true,"href":"https:\/\/semmelweis.hu\/szaknyelv\/wp-json\/wp\/v2\/users\/118"}],"replies":[{"embeddable":true,"href":"https:\/\/semmelweis.hu\/szaknyelv\/wp-json\/wp\/v2\/comments?post=7657"}],"version-history":[{"count":1,"href":"https:\/\/semmelweis.hu\/szaknyelv\/wp-json\/wp\/v2\/posts\/7657\/revisions"}],"predecessor-version":[{"id":7659,"href":"https:\/\/semmelweis.hu\/szaknyelv\/wp-json\/wp\/v2\/posts\/7657\/revisions\/7659"}],"wp:attachment":[{"href":"https:\/\/semmelweis.hu\/szaknyelv\/wp-json\/wp\/v2\/media?parent=7657"}],"wp:term":[{"taxonomy":"category","embeddable":true,"href":"https:\/\/semmelweis.hu\/szaknyelv\/wp-json\/wp\/v2\/categories?post=7657"},{"taxonomy":"post_tag","embeddable":true,"href":"https:\/\/semmelweis.hu\/szaknyelv\/wp-json\/wp\/v2\/tags?post=7657"}],"curies":[{"name":"wp","href":"https:\/\/api.w.org\/{rel}","templated":true}]}}