{"id":7176,"date":"2022-09-09T12:53:51","date_gmt":"2022-09-09T10:53:51","guid":{"rendered":"https:\/\/semmelweis.hu\/szaknyelv\/?p=7176"},"modified":"2022-09-09T12:53:51","modified_gmt":"2022-09-09T10:53:51","slug":"uj-nyelvtanfolyamok-a-2022-23-1-felevben","status":"publish","type":"post","link":"https:\/\/semmelweis.hu\/szaknyelv\/2022\/09\/09\/uj-nyelvtanfolyamok-a-2022-23-1-felevben\/","title":{"rendered":"\u00daj nyelvtanfolyamok a 2022\/23\/1. f\u00e9l\u00e9vben"},"content":{"rendered":"<p>\u00daj nyelvtanfolyamokat ind\u00edt a Semmelweis Egyetem Szaknyelvi Int\u00e9zete angol, magyar, n\u00e9met, francia, olasz, orosz \u00e9s spanyol nyelveken!<\/p>\n<p>R\u00e9szletes tanfolyam inf\u00f3k:<br \/>\n<a href=\"https:\/\/semmelweis.hu\/szaknyelv\/uj-nyelvtanfolyamok\/\">https:\/\/semmelweis.hu\/szaknyelv\/uj-nyelvtanfolyamok\/<\/a><\/p>\n<p>El\u00e9rhet\u0151s\u00e9g:<\/p>\n<p><strong>Vas Zsuzsanna<\/strong> (<strong>koordin\u00e1tor) <\/strong><br \/>\n<strong>+20 6663424<br \/>\n<\/strong><strong>vas.zsuzsanna@semmelweis-univ.hu<br \/>\n<\/strong><strong>facebook.com\/Semmelweisszakfordito<\/strong><\/p>\n<p>Minden \u00e9rdekl\u0151d\u0151t szeretettel v\u00e1runk!<\/p>\n<p><img loading=\"lazy\" decoding=\"async\" class=\"aligncenter wp-image-7167 size-large\" src=\"https:\/\/semmelweis.hu\/szaknyelv\/files\/2022\/09\/HU-Nyelvtanfolyamok-uj-723x1024.png\" alt=\"\" width=\"723\" height=\"1024\" srcset=\"https:\/\/semmelweis.hu\/szaknyelv\/files\/2022\/09\/HU-Nyelvtanfolyamok-uj-723x1024.png 723w, https:\/\/semmelweis.hu\/szaknyelv\/files\/2022\/09\/HU-Nyelvtanfolyamok-uj-282x400.png 282w, https:\/\/semmelweis.hu\/szaknyelv\/files\/2022\/09\/HU-Nyelvtanfolyamok-uj-768x1088.png 768w, https:\/\/semmelweis.hu\/szaknyelv\/files\/2022\/09\/HU-Nyelvtanfolyamok-uj-753x1066.png 753w, https:\/\/semmelweis.hu\/szaknyelv\/files\/2022\/09\/HU-Nyelvtanfolyamok-uj.png 793w\" sizes=\"auto, (max-width: 723px) 100vw, 723px\" \/><\/p>\n","protected":false},"excerpt":{"rendered":"<p>\u00daj nyelvtanfolyamokat ind\u00edt a Semmelweis Egyetem Szaknyelvi Int\u00e9zete angol, magyar, n\u00e9met, francia, olasz, orosz \u00e9s spanyol nyelveken!<br \/>\nR\u00e9szletes tanfolyam inf\u00f3k:<br \/>\n<a href=\"https:\/\/semmelweis.hu\/szaknyelv\/uj-nyelvtanfolyamok\/\">https:\/\/semmelweis.hu\/szaknyelv\/uj-nyelvtanfolyamok\/<\/a><br \/>\nEl\u00e9rhet\u0151s\u00e9g:<br \/>\nVas Zsuzsanna (koordin\u00e1tor)<br \/>\n+20 6663424<br \/>\nvas.zsuzsanna@semmelweis-univ.hu<br \/>\nfacebook.com\/Semmelweisszakfordito<br \/>\nMinden \u00e9rdekl\u0151d\u0151t szeretettel v\u00e1runk!<\/p>\n","protected":false},"author":118,"featured_media":0,"comment_status":"closed","ping_status":"closed","sticky":false,"template":"","format":"standard","meta":{"_acf_changed":false,"footnotes":""},"categories":[23],"tags":[],"class_list":["post-7176","post","type-post","status-publish","format-standard","hentry","category-hirek"],"acf":[],"_links":{"self":[{"href":"https:\/\/semmelweis.hu\/szaknyelv\/wp-json\/wp\/v2\/posts\/7176","targetHints":{"allow":["GET"]}}],"collection":[{"href":"https:\/\/semmelweis.hu\/szaknyelv\/wp-json\/wp\/v2\/posts"}],"about":[{"href":"https:\/\/semmelweis.hu\/szaknyelv\/wp-json\/wp\/v2\/types\/post"}],"author":[{"embeddable":true,"href":"https:\/\/semmelweis.hu\/szaknyelv\/wp-json\/wp\/v2\/users\/118"}],"replies":[{"embeddable":true,"href":"https:\/\/semmelweis.hu\/szaknyelv\/wp-json\/wp\/v2\/comments?post=7176"}],"version-history":[{"count":1,"href":"https:\/\/semmelweis.hu\/szaknyelv\/wp-json\/wp\/v2\/posts\/7176\/revisions"}],"predecessor-version":[{"id":7177,"href":"https:\/\/semmelweis.hu\/szaknyelv\/wp-json\/wp\/v2\/posts\/7176\/revisions\/7177"}],"wp:attachment":[{"href":"https:\/\/semmelweis.hu\/szaknyelv\/wp-json\/wp\/v2\/media?parent=7176"}],"wp:term":[{"taxonomy":"category","embeddable":true,"href":"https:\/\/semmelweis.hu\/szaknyelv\/wp-json\/wp\/v2\/categories?post=7176"},{"taxonomy":"post_tag","embeddable":true,"href":"https:\/\/semmelweis.hu\/szaknyelv\/wp-json\/wp\/v2\/tags?post=7176"}],"curies":[{"name":"wp","href":"https:\/\/api.w.org\/{rel}","templated":true}]}}