{"id":6664,"date":"2022-04-12T10:24:38","date_gmt":"2022-04-12T08:24:38","guid":{"rendered":"https:\/\/semmelweis.hu\/szaknyelv\/?p=6664"},"modified":"2022-04-12T10:24:38","modified_gmt":"2022-04-12T08:24:38","slug":"egeszsegugyi-szaknyelvi-tanfolyamok-indulnak-ujra","status":"publish","type":"post","link":"https:\/\/semmelweis.hu\/szaknyelv\/2022\/04\/12\/egeszsegugyi-szaknyelvi-tanfolyamok-indulnak-ujra\/","title":{"rendered":"Eg\u00e9szs\u00e9g\u00fcgyi szaknyelvi tanfolyamok indulnak \u00daJRA!"},"content":{"rendered":"<p>A nagy \u00e9rdekl\u0151d\u00e9sre val\u00f3 tekintettel <strong>Eg\u00e9szs\u00e9g\u00fcgyi szaknyelvi<\/strong> tanfolyamokat ind\u00edt 2022. m\u00e1jus\u00e1ban, angol \u00e9s n\u00e9met nyelven a Semmelweis Egyetem Szaknyelvi Int\u00e9zete.<\/p>\n<p>A 48 \u00f3r\u00e1s, ONLINE k\u00e9pz\u00e9s betekint\u00e9st ny\u00fajt majd a legfontosabb orvosi szakter\u00fcletek sz\u00f3kincs\u00e9be, b\u0151v\u00edti a terminol\u00f3giai ismereteket, \u00e9s megismertet a szaksz\u00f3kincsen alapul\u00f3 nyelvtani rendszerez\u00e9s alapjaival.<\/p>\n<p>Az int\u00e9zet munkat\u00e1rsai szeretettel v\u00e1rj\u00e1k az \u00e9rdekl\u0151d\u0151ket, akik szeretn\u00e9nek szaknyelvi ismereteket szerezni, esetleg megl\u00e9v\u0151 tud\u00e1sukat felfriss\u00edteni, kieg\u00e9sz\u00edteni!<\/p>\n<p>Jelentkez\u00e9si-befizet\u00e9si hat\u00e1rid\u0151: 2022.05.12.<\/p>\n<p><img loading=\"lazy\" decoding=\"async\" class=\"aligncenter wp-image-6358 size-large\" src=\"https:\/\/semmelweis.hu\/szaknyelv\/files\/2022\/03\/Eu-szaknyelv-1-723x1024.png\" alt=\"\" width=\"723\" height=\"1024\" srcset=\"https:\/\/semmelweis.hu\/szaknyelv\/files\/2022\/03\/Eu-szaknyelv-1-723x1024.png 723w, https:\/\/semmelweis.hu\/szaknyelv\/files\/2022\/03\/Eu-szaknyelv-1-282x400.png 282w, https:\/\/semmelweis.hu\/szaknyelv\/files\/2022\/03\/Eu-szaknyelv-1-768x1088.png 768w, https:\/\/semmelweis.hu\/szaknyelv\/files\/2022\/03\/Eu-szaknyelv-1-753x1066.png 753w, https:\/\/semmelweis.hu\/szaknyelv\/files\/2022\/03\/Eu-szaknyelv-1.png 793w\" sizes=\"auto, (max-width: 723px) 100vw, 723px\" \/><\/p>\n","protected":false},"excerpt":{"rendered":"<p>A nagy \u00e9rdekl\u0151d\u00e9sre val\u00f3 tekintettel Eg\u00e9szs\u00e9g\u00fcgyi szaknyelvi tanfolyamokat ind\u00edt 2022. m\u00e1jus\u00e1ban, angol \u00e9s n\u00e9met nyelven a Semmelweis Egyetem Szaknyelvi Int\u00e9zete. A 48 \u00f3r\u00e1s, ONLINE k\u00e9pz\u00e9s betekint\u00e9st ny\u00fajt majd a legfontosabb orvosi szakter\u00fcletek sz\u00f3kincs\u00e9be, b\u0151v\u00edti a terminol\u00f3giai ismereteket, \u00e9s megismertet a szaksz\u00f3kincsen alapul\u00f3 nyelvtani rendszerez\u00e9s alapjaival. Az int\u00e9zet munkat\u00e1rsai szeretettel v\u00e1rj\u00e1k az \u00e9rdekl\u0151d\u0151ket, akik szeretn\u00e9nek szaknyelvi &hellip;<\/p>\n","protected":false},"author":118,"featured_media":0,"comment_status":"closed","ping_status":"closed","sticky":false,"template":"","format":"standard","meta":{"_acf_changed":false,"footnotes":""},"categories":[23],"tags":[],"class_list":["post-6664","post","type-post","status-publish","format-standard","hentry","category-hirek"],"acf":[],"_links":{"self":[{"href":"https:\/\/semmelweis.hu\/szaknyelv\/wp-json\/wp\/v2\/posts\/6664","targetHints":{"allow":["GET"]}}],"collection":[{"href":"https:\/\/semmelweis.hu\/szaknyelv\/wp-json\/wp\/v2\/posts"}],"about":[{"href":"https:\/\/semmelweis.hu\/szaknyelv\/wp-json\/wp\/v2\/types\/post"}],"author":[{"embeddable":true,"href":"https:\/\/semmelweis.hu\/szaknyelv\/wp-json\/wp\/v2\/users\/118"}],"replies":[{"embeddable":true,"href":"https:\/\/semmelweis.hu\/szaknyelv\/wp-json\/wp\/v2\/comments?post=6664"}],"version-history":[{"count":1,"href":"https:\/\/semmelweis.hu\/szaknyelv\/wp-json\/wp\/v2\/posts\/6664\/revisions"}],"predecessor-version":[{"id":6665,"href":"https:\/\/semmelweis.hu\/szaknyelv\/wp-json\/wp\/v2\/posts\/6664\/revisions\/6665"}],"wp:attachment":[{"href":"https:\/\/semmelweis.hu\/szaknyelv\/wp-json\/wp\/v2\/media?parent=6664"}],"wp:term":[{"taxonomy":"category","embeddable":true,"href":"https:\/\/semmelweis.hu\/szaknyelv\/wp-json\/wp\/v2\/categories?post=6664"},{"taxonomy":"post_tag","embeddable":true,"href":"https:\/\/semmelweis.hu\/szaknyelv\/wp-json\/wp\/v2\/tags?post=6664"}],"curies":[{"name":"wp","href":"https:\/\/api.w.org\/{rel}","templated":true}]}}