{"id":6609,"date":"2022-04-01T09:45:35","date_gmt":"2022-04-01T07:45:35","guid":{"rendered":"https:\/\/semmelweis.hu\/szaknyelv\/?p=6609"},"modified":"2022-04-01T09:45:35","modified_gmt":"2022-04-01T07:45:35","slug":"intezetunk-elso-szakdolgozat-vedese","status":"publish","type":"post","link":"https:\/\/semmelweis.hu\/szaknyelv\/2022\/04\/01\/intezetunk-elso-szakdolgozat-vedese\/","title":{"rendered":"Int\u00e9zet\u00fcnk els\u0151 szakdolgozat v\u00e9d\u00e9se"},"content":{"rendered":"<p>A Szaknyelvi Int\u00e9zet t\u00f6rt\u00e9net\u00e9ben els\u0151 alkalommal zajlott orvosi szakdolgozat v\u00e9d\u00e9se 2022.03.28-\u00e1n. <strong>Tat\u00e1r Blanka<\/strong> hatod\u00e9ves orvostanhallgat\u00f3 dolgozat\u00e1nak c\u00edme: S\u00e9r\u00fcl\u00e9sek magyar \u00e9s n\u00e9met nyelv\u0171 orvosi dokument\u00e1ci\u00f3j\u00e1nak kontraszt\u00edv terminol\u00f3giai vizsg\u00e1lata.<\/p>\n<p>T\u00e9mavezet\u0151: Dr. Fogarasi Katalin, egyetemi docens<\/p>\n<p>T\u00e1rst\u00e9mavezet\u0151: Dr. Patonai Zolt\u00e1n PhD egyetemi tan\u00e1rseg\u00e9d, PTE KK, Traumatol\u00f3giai \u00e9s K\u00e9zseb\u00e9szeti Klinika<\/p>\n<p>Az \u00c1OK r\u00e9sz\u00e9r\u0151l befogad\u00f3 konzulens: Dr. D\u00f3sa \u00c1gnes egyetemi docens, SE AOK, Magatart\u00e1studom\u00e1nyi Int\u00e9zet<\/p>\n<p><img loading=\"lazy\" decoding=\"async\" class=\"alignnone size-medium wp-image-6610\" src=\"https:\/\/semmelweis.hu\/szaknyelv\/files\/2022\/04\/IMG_20220328_165126-2-377x400.jpg\" alt=\"\" width=\"377\" height=\"400\" srcset=\"https:\/\/semmelweis.hu\/szaknyelv\/files\/2022\/04\/IMG_20220328_165126-2-377x400.jpg 377w, https:\/\/semmelweis.hu\/szaknyelv\/files\/2022\/04\/IMG_20220328_165126-2-964x1024.jpg 964w, https:\/\/semmelweis.hu\/szaknyelv\/files\/2022\/04\/IMG_20220328_165126-2-768x816.jpg 768w, https:\/\/semmelweis.hu\/szaknyelv\/files\/2022\/04\/IMG_20220328_165126-2-1446x1536.jpg 1446w, https:\/\/semmelweis.hu\/szaknyelv\/files\/2022\/04\/IMG_20220328_165126-2-1929x2048.jpg 1929w, https:\/\/semmelweis.hu\/szaknyelv\/files\/2022\/04\/IMG_20220328_165126-2-753x800.jpg 753w\" sizes=\"auto, (max-width: 377px) 100vw, 377px\" \/> <img loading=\"lazy\" decoding=\"async\" class=\"alignnone size-medium wp-image-6611\" src=\"https:\/\/semmelweis.hu\/szaknyelv\/files\/2022\/04\/IMG-0234-225x400.jpg\" alt=\"\" width=\"225\" height=\"400\" srcset=\"https:\/\/semmelweis.hu\/szaknyelv\/files\/2022\/04\/IMG-0234-225x400.jpg 225w, https:\/\/semmelweis.hu\/szaknyelv\/files\/2022\/04\/IMG-0234-576x1024.jpg 576w, https:\/\/semmelweis.hu\/szaknyelv\/files\/2022\/04\/IMG-0234-768x1365.jpg 768w, https:\/\/semmelweis.hu\/szaknyelv\/files\/2022\/04\/IMG-0234-864x1536.jpg 864w, https:\/\/semmelweis.hu\/szaknyelv\/files\/2022\/04\/IMG-0234-1152x2048.jpg 1152w, https:\/\/semmelweis.hu\/szaknyelv\/files\/2022\/04\/IMG-0234-753x1339.jpg 753w, https:\/\/semmelweis.hu\/szaknyelv\/files\/2022\/04\/IMG-0234-scaled.jpg 1440w\" sizes=\"auto, (max-width: 225px) 100vw, 225px\" \/><\/p>\n<p>Gratul\u00e1lunk hallgat\u00f3nknak \u00e9s tov\u00e1bbi sok sikert k\u00edv\u00e1nunk!<\/p>\n<p>Szaknyelvi Int\u00e9zet<\/p>\n","protected":false},"excerpt":{"rendered":"<p>A Szaknyelvi Int\u00e9zet t\u00f6rt\u00e9net\u00e9ben els\u0151 alkalommal zajlott orvosi szakdolgozat v\u00e9d\u00e9se 2022.03.28-\u00e1n. Tat\u00e1r Blanka hatod\u00e9ves orvostanhallgat\u00f3 dolgozat\u00e1nak c\u00edme: S\u00e9r\u00fcl\u00e9sek magyar \u00e9s n\u00e9met nyelv\u0171 orvosi dokument\u00e1ci\u00f3j\u00e1nak kontraszt\u00edv terminol\u00f3giai vizsg\u00e1lata. T\u00e9mavezet\u0151: Dr. Fogarasi Katalin, egyetemi docens T\u00e1rst\u00e9mavezet\u0151: Dr. Patonai Zolt\u00e1n PhD egyetemi tan\u00e1rseg\u00e9d, PTE KK, Traumatol\u00f3giai \u00e9s K\u00e9zseb\u00e9szeti Klinika Az \u00c1OK r\u00e9sz\u00e9r\u0151l befogad\u00f3 konzulens: Dr. D\u00f3sa \u00c1gnes egyetemi &hellip;<\/p>\n","protected":false},"author":118,"featured_media":0,"comment_status":"closed","ping_status":"closed","sticky":false,"template":"","format":"standard","meta":{"_acf_changed":false,"footnotes":""},"categories":[23],"tags":[],"class_list":["post-6609","post","type-post","status-publish","format-standard","hentry","category-hirek"],"acf":[],"_links":{"self":[{"href":"https:\/\/semmelweis.hu\/szaknyelv\/wp-json\/wp\/v2\/posts\/6609","targetHints":{"allow":["GET"]}}],"collection":[{"href":"https:\/\/semmelweis.hu\/szaknyelv\/wp-json\/wp\/v2\/posts"}],"about":[{"href":"https:\/\/semmelweis.hu\/szaknyelv\/wp-json\/wp\/v2\/types\/post"}],"author":[{"embeddable":true,"href":"https:\/\/semmelweis.hu\/szaknyelv\/wp-json\/wp\/v2\/users\/118"}],"replies":[{"embeddable":true,"href":"https:\/\/semmelweis.hu\/szaknyelv\/wp-json\/wp\/v2\/comments?post=6609"}],"version-history":[{"count":2,"href":"https:\/\/semmelweis.hu\/szaknyelv\/wp-json\/wp\/v2\/posts\/6609\/revisions"}],"predecessor-version":[{"id":6613,"href":"https:\/\/semmelweis.hu\/szaknyelv\/wp-json\/wp\/v2\/posts\/6609\/revisions\/6613"}],"wp:attachment":[{"href":"https:\/\/semmelweis.hu\/szaknyelv\/wp-json\/wp\/v2\/media?parent=6609"}],"wp:term":[{"taxonomy":"category","embeddable":true,"href":"https:\/\/semmelweis.hu\/szaknyelv\/wp-json\/wp\/v2\/categories?post=6609"},{"taxonomy":"post_tag","embeddable":true,"href":"https:\/\/semmelweis.hu\/szaknyelv\/wp-json\/wp\/v2\/tags?post=6609"}],"curies":[{"name":"wp","href":"https:\/\/api.w.org\/{rel}","templated":true}]}}