{"id":5920,"date":"2021-12-22T11:56:10","date_gmt":"2021-12-22T10:56:10","guid":{"rendered":"https:\/\/semmelweis.hu\/szaknyelv\/?p=5920"},"modified":"2021-12-22T11:56:10","modified_gmt":"2021-12-22T10:56:10","slug":"budapest-maratonon-hetesy-szilvia-kepviselte-intezetunket","status":"publish","type":"post","link":"https:\/\/semmelweis.hu\/szaknyelv\/2021\/12\/22\/budapest-maratonon-hetesy-szilvia-kepviselte-intezetunket\/","title":{"rendered":"Budapest Maratonon Hetesy Szilvia k\u00e9pviselte int\u00e9zet\u00fcnket"},"content":{"rendered":"<div class=\"fontos_div\">\n<p><span style=\"font-size: 18pt\">Budapest Maratonon 40 egyetemi fut\u00f3 indult a Semmelweis Egyetem sz\u00edneiben.<\/span><br \/>\n<span style=\"font-size: 18pt\">A Szaknyelvi Int\u00e9zetet <strong>Hetesy Szilvia<\/strong> koll\u00e9gan\u0151nk k\u00e9pviselte. <br \/>\nGratul\u00e1lunk!<\/span><\/p>\n<\/div>\n<p>&nbsp;<\/p>\n<blockquote class=\"wp-embedded-content\" data-secret=\"lWBPyBkJvY\"><p><a href=\"https:\/\/semmelweis.hu\/hirek\/2021\/10\/13\/a-sport-klub-egisze-alatt-kozel-40-egyetemi-resztvevo-indult-az-idei-budapest-maratonon\/\">A Sport Klub \u00e9gisze alatt k\u00f6zel 40 egyetemi r\u00e9sztvev\u0151 indult az idei Budapest Maratonon<\/a><\/p><\/blockquote>\n<p><iframe loading=\"lazy\" class=\"wp-embedded-content\" sandbox=\"allow-scripts\" security=\"restricted\" style=\"position: absolute; clip: rect(1px, 1px, 1px, 1px);\" title=\"&#8220;A Sport Klub \u00e9gisze alatt k\u00f6zel 40 egyetemi r\u00e9sztvev\u0151 indult az idei Budapest Maratonon&#8221; &#8212; Semmelweis H\u00edrek\" src=\"https:\/\/semmelweis.hu\/hirek\/2021\/10\/13\/a-sport-klub-egisze-alatt-kozel-40-egyetemi-resztvevo-indult-az-idei-budapest-maratonon\/embed\/#?secret=lWBPyBkJvY\" data-secret=\"lWBPyBkJvY\" width=\"600\" height=\"338\" frameborder=\"0\" marginwidth=\"0\" marginheight=\"0\" scrolling=\"no\"><\/iframe><\/p>\n","protected":false},"excerpt":{"rendered":"<p>A Budapest Maratonon id\u00e9n k\u00f6zel 40 egyetemi fut\u00f3 \u00e9lt a Semmelweis Egyetem Sport Klub szabadid\u0151sport szakoszt\u00e1lya \u00e1ltal biztos\u00edtott nevez\u00e9si kedvezm\u00e9nnyel.<\/p>\n","protected":false},"author":118,"featured_media":0,"comment_status":"closed","ping_status":"closed","sticky":false,"template":"","format":"standard","meta":{"_acf_changed":false,"footnotes":""},"categories":[23],"tags":[],"class_list":["post-5920","post","type-post","status-publish","format-standard","hentry","category-hirek"],"acf":[],"_links":{"self":[{"href":"https:\/\/semmelweis.hu\/szaknyelv\/wp-json\/wp\/v2\/posts\/5920","targetHints":{"allow":["GET"]}}],"collection":[{"href":"https:\/\/semmelweis.hu\/szaknyelv\/wp-json\/wp\/v2\/posts"}],"about":[{"href":"https:\/\/semmelweis.hu\/szaknyelv\/wp-json\/wp\/v2\/types\/post"}],"author":[{"embeddable":true,"href":"https:\/\/semmelweis.hu\/szaknyelv\/wp-json\/wp\/v2\/users\/118"}],"replies":[{"embeddable":true,"href":"https:\/\/semmelweis.hu\/szaknyelv\/wp-json\/wp\/v2\/comments?post=5920"}],"version-history":[{"count":3,"href":"https:\/\/semmelweis.hu\/szaknyelv\/wp-json\/wp\/v2\/posts\/5920\/revisions"}],"predecessor-version":[{"id":5923,"href":"https:\/\/semmelweis.hu\/szaknyelv\/wp-json\/wp\/v2\/posts\/5920\/revisions\/5923"}],"wp:attachment":[{"href":"https:\/\/semmelweis.hu\/szaknyelv\/wp-json\/wp\/v2\/media?parent=5920"}],"wp:term":[{"taxonomy":"category","embeddable":true,"href":"https:\/\/semmelweis.hu\/szaknyelv\/wp-json\/wp\/v2\/categories?post=5920"},{"taxonomy":"post_tag","embeddable":true,"href":"https:\/\/semmelweis.hu\/szaknyelv\/wp-json\/wp\/v2\/tags?post=5920"}],"curies":[{"name":"wp","href":"https:\/\/api.w.org\/{rel}","templated":true}]}}