{"id":5678,"date":"2022-01-05T13:00:27","date_gmt":"2022-01-05T12:00:27","guid":{"rendered":"https:\/\/semmelweis.hu\/szaknyelv\/?p=5678"},"modified":"2022-01-05T13:49:17","modified_gmt":"2022-01-05T12:49:17","slug":"teriteses-nyelvtanfolyamok-indulnak","status":"publish","type":"post","link":"https:\/\/semmelweis.hu\/szaknyelv\/2022\/01\/05\/teriteses-nyelvtanfolyamok-indulnak\/","title":{"rendered":"T\u00e9r\u00edt\u00e9ses nyelvtanfolyamok indulnak"},"content":{"rendered":"<h3 style=\"text-align: center\"><a href=\"https:\/\/semmelweis.hu\/szaknyelv\/szolgaltatasok\/teriteses-nyelvtanfolyamok\/\"><img loading=\"lazy\" decoding=\"async\" class=\"aligncenter wp-image-5656 size-large\" src=\"https:\/\/semmelweis.hu\/szaknyelv\/files\/2021\/09\/Plak\u00e1t-magyar-page-001-724x1024.jpg\" alt=\"\" width=\"724\" height=\"1024\" \/><\/a>Jelentkez\u00e9s: \u00a0 <br \/>\n<a href=\"https:\/\/forms.gle\/HXfSfxUdWw586bka7\">https:\/\/forms.gle\/HXfSfxUdWw586bka7 <\/a><\/h3>\n<h5 style=\"text-align: center\">Tov\u00e1bbi inform\u00e1ci\u00f3k: <a href=\"mailto:biro-szabo.angelika@semmelweis-univ.hu\">biro-szabo.angelika@semmelweis-univ.hu<\/a><\/h5>\n<p><strong>Jelentkez\u00e9si felt\u00e9telek, tudnival\u00f3k a t\u00e9r\u00edt\u00e9ses nyelvtanfolyamainkhoz<\/strong><\/p>\n<p>A tanfolyam id\u0151tartama: 10 h\u00e9t.<br \/>\nTanfolyami d\u00edjak:<br \/>\n10 X 2 \u00f3r\u00e1s tanfolyam: 24.000.-<br \/>\n10 X 4 \u00f3r\u00e1s tanfolyam: 48.000.-<\/p>\n<p>\u00c1tutal\u00e1s:<br \/>\nSemmelweis Egyetem sz\u00e1mlasz\u00e1ma: 11784009-22236665<br \/>\nn\u00e9v: Semmelweis Egyetem<br \/>\na k\u00f6zlem\u00e9nyben szerepeljen: jelentkez\u0151 neve, Szaknyelvi Int\u00e9zet, T\u00e9r\u00edt\u00e9ses nyelvtanfolyam<\/p>\n<p>A Szaknyelvi Int\u00e9zet a fenti nyelvi k\u00e9pz\u00e9st a saj\u00e1t k\u00e9pz\u00e9si programja szerint biztos\u00edtja.<br \/>\nAmennyiben a tanul\u00f3 az \u00f3r\u00e1k l\u00e1togat\u00e1s\u00e1t elmulasztja, az nem jelent mentess\u00e9get a tanfolyamd\u00edj megfizet\u00e9se al\u00f3l, \u00e9s ez nem ad lehet\u0151s\u00e9get a m\u00e1r befizetett tanfolyamd\u00edj visszafizet\u00e9s\u00e9re.<br \/>\nAmennyiben a jelentkez\u0151 a tanfolyamot kezd\u00e9si napj\u00e1hoz k\u00e9pest 10 munkanappal kor\u00e1bban visszamondja, \u00fagy a befizetett tanfolyami d\u00edj 5.000.- Ft regisztr\u00e1ci\u00f3s k\u00f6lts\u00e9g levon\u00e1s\u00e1val ker\u00fcl visszafizet\u00e9sre. 10 munkanapon bel\u00fcli tanfolyamlemond\u00e1s eset\u00e9n a befizetett \u00f6sszeg nem j\u00e1r vissza. A tanfolyamkezd\u00e9si id\u0151pont \u00e9s a tanfolyamt\u00edpus m\u00f3dos\u00edt\u00e1sa nem min\u0151s\u00fcl visszamond\u00e1snak.<br \/>\nHa a hallgat\u00f3 nem l\u00e1togatja rendszeresen a tanfolyam \u00f3r\u00e1it, a tand\u00edj nem cs\u00f6kken. A hallgat\u00f3 tanfolyamr\u00f3l val\u00f3 kimarad\u00e1sa eset\u00e9n m\u00e1sik csoportot biztos\u00edtani, vagy a tand\u00edjat visszafizetni nem \u00e1ll m\u00f3dunkban.<br \/>\nAmennyiben a nyelvtanfolyam a meghirdetett id\u0151pontban nem indul, a Szaknyelvi Int\u00e9zet fenntartja a jogot, hogy tanfolyamait legk\u00e9s\u0151bb 11 munkanapon bel\u00fcl \u2013 v\u00e1ltozatlan felt\u00e9telek mellett \u2013 elind\u00edtsa. A befizetett \u00f6sszeget csak abban az esetben fizetj\u00fck vissza, ha 11 munkanapon bel\u00fcl nem indul el a tanfolyam. Erre csak azokban az esetekben ker\u00fcl sor, ha a megadott id\u0151pontra nem jelentkezik a tanfolyam elind\u00edt\u00e1s\u00e1hoz sz\u00fcks\u00e9ges minim\u00e1lis l\u00e9tsz\u00e1m\u00fa hallgat\u00f3.<br \/>\nAz esetlegesen el\u0151fordul\u00f3 id\u0151pont-m\u00f3dos\u00edt\u00e1s\u00e9rt hallgat\u00f3ink sz\u00edves eln\u00e9z\u00e9s\u00e9t k\u00e9rj\u00fck.<\/p>\n","protected":false},"excerpt":{"rendered":"<p>T\u00e9r\u00edt\u00e9ses nyelvtanfolyamok a Szaknyelvi Int\u00e9zetben.<br \/>\nHeti 1&#215;2, illetve 1&#215;4 \u00f3r\u00e1s, 10 hetes nyelvtanfolyamok, virtu\u00e1lis tanteremben (online).<\/p>\n","protected":false},"author":118,"featured_media":0,"comment_status":"closed","ping_status":"closed","sticky":false,"template":"","format":"standard","meta":{"_acf_changed":false,"footnotes":""},"categories":[23],"tags":[],"class_list":["post-5678","post","type-post","status-publish","format-standard","hentry","category-hirek"],"acf":[],"_links":{"self":[{"href":"https:\/\/semmelweis.hu\/szaknyelv\/wp-json\/wp\/v2\/posts\/5678","targetHints":{"allow":["GET"]}}],"collection":[{"href":"https:\/\/semmelweis.hu\/szaknyelv\/wp-json\/wp\/v2\/posts"}],"about":[{"href":"https:\/\/semmelweis.hu\/szaknyelv\/wp-json\/wp\/v2\/types\/post"}],"author":[{"embeddable":true,"href":"https:\/\/semmelweis.hu\/szaknyelv\/wp-json\/wp\/v2\/users\/118"}],"replies":[{"embeddable":true,"href":"https:\/\/semmelweis.hu\/szaknyelv\/wp-json\/wp\/v2\/comments?post=5678"}],"version-history":[{"count":6,"href":"https:\/\/semmelweis.hu\/szaknyelv\/wp-json\/wp\/v2\/posts\/5678\/revisions"}],"predecessor-version":[{"id":5937,"href":"https:\/\/semmelweis.hu\/szaknyelv\/wp-json\/wp\/v2\/posts\/5678\/revisions\/5937"}],"wp:attachment":[{"href":"https:\/\/semmelweis.hu\/szaknyelv\/wp-json\/wp\/v2\/media?parent=5678"}],"wp:term":[{"taxonomy":"category","embeddable":true,"href":"https:\/\/semmelweis.hu\/szaknyelv\/wp-json\/wp\/v2\/categories?post=5678"},{"taxonomy":"post_tag","embeddable":true,"href":"https:\/\/semmelweis.hu\/szaknyelv\/wp-json\/wp\/v2\/tags?post=5678"}],"curies":[{"name":"wp","href":"https:\/\/api.w.org\/{rel}","templated":true}]}}