{"id":5561,"date":"2021-09-02T09:53:37","date_gmt":"2021-09-02T07:53:37","guid":{"rendered":"https:\/\/semmelweis.hu\/szaknyelv\/?p=5561"},"modified":"2021-09-02T10:02:40","modified_gmt":"2021-09-02T08:02:40","slug":"demonstrator-hallgatokat-keresunk","status":"publish","type":"post","link":"https:\/\/semmelweis.hu\/szaknyelv\/2021\/09\/02\/demonstrator-hallgatokat-keresunk\/","title":{"rendered":"Demonstr\u00e1tor hallgat\u00f3kat keres\u00fcnk betegszimul\u00e1ci\u00f3ra \u00e9s szaknyelvi tananyagfejleszt\u00e9shez"},"content":{"rendered":"<div class=\"fontos_div\">\n<p><span style=\"text-decoration: underline\">Demonstr\u00e1tor hallgat\u00f3kat keres\u00fcnk betegszimul\u00e1ci\u00f3ra \u00e9s szaknyelvi tananyagfejleszt\u00e9shez:\u00a0<\/span><\/p>\n<\/div>\n<div dir=\"auto\" style=\"text-align: left\">&#8211; magyar hallgat\u00f3k terminol\u00f3gia-oktat\u00e1s\u00e1hoz\u00a0<\/div>\n<div dir=\"auto\" style=\"text-align: left\">\u00a0 (betegk\u00f6zpont\u00fa diagn\u00f3zisk\u00f6zl\u00e9s, csak 2 szombati napon 9-15 h, szept. 18. \u00e9s okt. 16., el\u0151tte 2 \u00f3r\u00e1s szimul\u00e1lt beteg k\u00e9pz\u00e9s (minden online)<\/div>\n<div style=\"text-align: left\">&#8211; k\u00fclf\u00f6ldi hallgat\u00f3k magyaroktat\u00e1s\u00e1hoz<\/div>\n<div dir=\"auto\" style=\"text-align: left\">&#8211; els\u0151sorban olasz \u00e9s spanyol, de b\u00e1rmely m\u00e1s szaknyelvi kurzusokhoz is<\/div>\n<div dir=\"auto\">\u00a0<\/div>\n<div>Jelentkez\u00e9s: <a href=\"mailto:zimonyi.akos@semmelweis-univ.hu\" target=\"_blank\" rel=\"noopener noreferrer\">zimonyi.akos@semmelweis-univ.hu<\/a><\/div>\n","protected":false},"excerpt":{"rendered":"<p>Demonstr\u00e1tor hallgat\u00f3kat keres\u00fcnk betegszimul\u00e1ci\u00f3ra \u00e9s szaknyelvi tananyagfejleszt\u00e9shez<\/p>\n","protected":false},"author":118,"featured_media":0,"comment_status":"closed","ping_status":"closed","sticky":false,"template":"","format":"standard","meta":{"_acf_changed":false,"footnotes":""},"categories":[23],"tags":[],"class_list":["post-5561","post","type-post","status-publish","format-standard","hentry","category-hirek"],"acf":[],"_links":{"self":[{"href":"https:\/\/semmelweis.hu\/szaknyelv\/wp-json\/wp\/v2\/posts\/5561","targetHints":{"allow":["GET"]}}],"collection":[{"href":"https:\/\/semmelweis.hu\/szaknyelv\/wp-json\/wp\/v2\/posts"}],"about":[{"href":"https:\/\/semmelweis.hu\/szaknyelv\/wp-json\/wp\/v2\/types\/post"}],"author":[{"embeddable":true,"href":"https:\/\/semmelweis.hu\/szaknyelv\/wp-json\/wp\/v2\/users\/118"}],"replies":[{"embeddable":true,"href":"https:\/\/semmelweis.hu\/szaknyelv\/wp-json\/wp\/v2\/comments?post=5561"}],"version-history":[{"count":1,"href":"https:\/\/semmelweis.hu\/szaknyelv\/wp-json\/wp\/v2\/posts\/5561\/revisions"}],"predecessor-version":[{"id":5562,"href":"https:\/\/semmelweis.hu\/szaknyelv\/wp-json\/wp\/v2\/posts\/5561\/revisions\/5562"}],"wp:attachment":[{"href":"https:\/\/semmelweis.hu\/szaknyelv\/wp-json\/wp\/v2\/media?parent=5561"}],"wp:term":[{"taxonomy":"category","embeddable":true,"href":"https:\/\/semmelweis.hu\/szaknyelv\/wp-json\/wp\/v2\/categories?post=5561"},{"taxonomy":"post_tag","embeddable":true,"href":"https:\/\/semmelweis.hu\/szaknyelv\/wp-json\/wp\/v2\/tags?post=5561"}],"curies":[{"name":"wp","href":"https:\/\/api.w.org\/{rel}","templated":true}]}}