{"id":4696,"date":"2020-05-05T17:30:17","date_gmt":"2020-05-05T15:30:17","guid":{"rendered":"https:\/\/semmelweis.hu\/szaknyelv\/?p=4696"},"modified":"2020-05-05T20:16:34","modified_gmt":"2020-05-05T18:16:34","slug":"reprezentativ-koronavirus-szurovizsgalat","status":"publish","type":"post","link":"https:\/\/semmelweis.hu\/szaknyelv\/2020\/05\/05\/reprezentativ-koronavirus-szurovizsgalat\/","title":{"rendered":"Reprezentat\u00edv koronav\u00edrus-sz\u0171r\u0151vizsg\u00e1lat"},"content":{"rendered":"<p>Tisztelt Semmelweis Polg\u00e1rok!<a href=\"https:\/\/semmelweis.hu\/szaknyelv\/files\/2020\/05\/covid_szures_rollup_plakat-02.png\"><img loading=\"lazy\" decoding=\"async\" class=\"alignright wp-image-4698 size-medium\" src=\"https:\/\/semmelweis.hu\/szaknyelv\/files\/2020\/05\/covid_szures_rollup_plakat-02-286x400.png\" alt=\"\" width=\"286\" height=\"400\" \/><\/a><br \/>\nMell\u00e9kelt levelemben t\u00e1j\u00e9koztatom \u00d6n\u00f6ket a Semmelweis Egyetem vezet\u00e9s\u00e9vel ind\u00edtott reprezentat\u00edv koronav\u00edrus-sz\u0171r\u0151vizsg\u00e1lattal kapcsolatos legfontosabb tudnival\u00f3kr\u00f3l.<br \/>\nK\u00e9rem egy\u00fcttm\u0171k\u00f6d\u00e9s\u00fcket, hogy min\u00e9l t\u00f6bben \u00e9rtes\u00fcljenek a sz\u0171r\u0151vizsg\u00e1latr\u00f3l \u00e9s a vizsg\u00e1latba bev\u00e1logatott szem\u00e9lyek min\u00e9l nagyobb ar\u00e1nyban r\u00e9szt vegyenek a sz\u0171r\u00e9sen.<\/p>\n<p>Tisztelettel:<\/p>\n<div><strong><span style=\"font-family: Franklin Gothic Medium;font-size: medium\">Prof. Dr. Merkely B\u00e9la <br \/>\n<\/span><\/strong><strong>rektor<\/strong><\/div>\n<div>\u00a0<\/div>\n<div><strong><span style=\"color: #ff0000\">A t\u00e1j\u00e9koztat\u00f3 b\u0151vebben itt olvashat\u00f3:<\/span> <br \/>\n<\/strong><a href=\"https:\/\/semmelweis.hu\/szaknyelv\/files\/2020\/05\/korlevel_corona_pdf.pdf\"><span style=\"text-decoration: underline\"><strong><span style=\"font-size: 18pt;color: #ff0000;text-decoration: underline\">korlevel_corona_pdf<\/span><\/strong><\/span><\/a><\/div>\n<div><a href=\"https:\/\/semmelweis.hu\/hirek\/2020\/04\/28\/kozlemeny-orszagos-vizsgalatsorozatba-kezdenek-a-semmelweis-egyetem-vezetesevel-a-hazai-orvoskepzok\/\"><strong>https:\/\/semmelweis.hu\/hirek\/2020\/04\/28\/kozlemeny-orszagos-vizsgalatsorozatba-kezdenek-a-semmelweis-egyetem-vezetesevel-a-hazai-orvoskepzok\/<\/strong><\/a><\/div>\n","protected":false},"excerpt":{"rendered":"<p>A Semmelweis Egyetem vezet\u00e9s\u00e9vel a n\u00e9gy hazai orvosk\u00e9pz\u0151 orsz\u00e1gos, reprezentat\u00edv koronav\u00edrus-sz\u0171r\u0151vizsg\u00e1latot ind\u00edtott annak \u00e9rdek\u00e9ben, hogy pontos k\u00e9p alakuljon ki a j\u00e1rv\u00e1ny kiterjed\u00e9s\u00e9r\u0151l, dinamik\u00e1j\u00e1r\u00f3l, a fert\u0151z\u00f6ttek \u00e9s az \u00e1tfert\u0151z\u00f6ttek val\u00f3s sz\u00e1m\u00e1r\u00f3l.<\/p>\n","protected":false},"author":118,"featured_media":0,"comment_status":"closed","ping_status":"closed","sticky":false,"template":"","format":"standard","meta":{"_acf_changed":false,"footnotes":""},"categories":[23],"tags":[],"class_list":["post-4696","post","type-post","status-publish","format-standard","hentry","category-hirek"],"acf":[],"_links":{"self":[{"href":"https:\/\/semmelweis.hu\/szaknyelv\/wp-json\/wp\/v2\/posts\/4696","targetHints":{"allow":["GET"]}}],"collection":[{"href":"https:\/\/semmelweis.hu\/szaknyelv\/wp-json\/wp\/v2\/posts"}],"about":[{"href":"https:\/\/semmelweis.hu\/szaknyelv\/wp-json\/wp\/v2\/types\/post"}],"author":[{"embeddable":true,"href":"https:\/\/semmelweis.hu\/szaknyelv\/wp-json\/wp\/v2\/users\/118"}],"replies":[{"embeddable":true,"href":"https:\/\/semmelweis.hu\/szaknyelv\/wp-json\/wp\/v2\/comments?post=4696"}],"version-history":[{"count":7,"href":"https:\/\/semmelweis.hu\/szaknyelv\/wp-json\/wp\/v2\/posts\/4696\/revisions"}],"predecessor-version":[{"id":4707,"href":"https:\/\/semmelweis.hu\/szaknyelv\/wp-json\/wp\/v2\/posts\/4696\/revisions\/4707"}],"wp:attachment":[{"href":"https:\/\/semmelweis.hu\/szaknyelv\/wp-json\/wp\/v2\/media?parent=4696"}],"wp:term":[{"taxonomy":"category","embeddable":true,"href":"https:\/\/semmelweis.hu\/szaknyelv\/wp-json\/wp\/v2\/categories?post=4696"},{"taxonomy":"post_tag","embeddable":true,"href":"https:\/\/semmelweis.hu\/szaknyelv\/wp-json\/wp\/v2\/tags?post=4696"}],"curies":[{"name":"wp","href":"https:\/\/api.w.org\/{rel}","templated":true}]}}