{"id":4688,"date":"2020-04-24T17:49:42","date_gmt":"2020-04-24T15:49:42","guid":{"rendered":"http:\/\/semmelweis.hu\/szaknyelv\/?p=4688"},"modified":"2020-04-25T17:52:43","modified_gmt":"2020-04-25T15:52:43","slug":"az-egyetemi-szaknyelvi-zarovizsga-lebonyolitasa-a-veszelyhelyzet-alatt","status":"publish","type":"post","link":"https:\/\/semmelweis.hu\/szaknyelv\/2020\/04\/24\/az-egyetemi-szaknyelvi-zarovizsga-lebonyolitasa-a-veszelyhelyzet-alatt\/","title":{"rendered":"Az egyetemi szaknyelvi z\u00e1r\u00f3vizsga lebonyol\u00edt\u00e1sa a vesz\u00e9lyhelyzet alatt"},"content":{"rendered":"<div style=\"text-align: center\"><span style=\"color: #ff0000\"><em><strong>T\u00e1j\u00e9koztat\u00f3 gy\u00f3gyszer\u00e9szhallgat\u00f3k r\u00e9sz\u00e9re <br \/>\naz egyetemi szaknyelvi z\u00e1r\u00f3vizsga lebonyol\u00edt\u00e1s\u00e1r\u00f3l <br \/>\na vesz\u00e9lyhelyzet alatt<\/strong><\/em><\/span><\/div>\n<div>\u00a0<\/div>\n<div><em>Kedves Hallgat\u00f3k!<\/em><\/div>\n<div><em>Az egyetemi szaknyelvi z\u00e1r\u00f3vizsg\u00e1t a vesz\u00e9lyhelyzetre tekintettel a t\u00e1voktat\u00e1s eszk\u00f6zeivel fogjuk lebonyol\u00edtani. K\u00e9rj\u00fck, hogy mihamarabb a szok\u00e1sos m\u00f3don, <strong>e-mailben jelentkezzenek<\/strong> B\u00edr\u00f3-Szab\u00f3 Angelika nyelvvizsga-koordin\u00e1torn\u00e1l a<span style=\"text-decoration: underline\"> <strong><a href=\"mailto:biro-szabo.angelika@semmelweis-univ.hu\">biro-szabo.angelika@semmelweis-univ.hu<\/a><\/strong> <\/span>e-mail c\u00edmen.<\/em><\/div>\n<div><em>\u00a0 <\/em><\/div>\n<div><em>A vizsga <strong>\u00edr\u00e1sbeli r\u00e9sz\u00e9t 2020. m\u00e1jus 15-\u00e9n, a Moodle<\/strong> rendszeren kereszt\u00fcl fogjuk megtartani. Az \u00edr\u00e1sbeli vizsga feleletv\u00e1laszt\u00f3s tesztet \u00e9s lyukas sz\u00f6veget tartalmaz. Ehhez a Moodle-ben 2020. m\u00e1jus 4-t\u0151l el\u00e9rhet\u0151 lesz egy mintateszt, ennek pontos el\u00e9rhet\u0151s\u00e9g\u00e9r\u0151l tov\u00e1bbi inform\u00e1ci\u00f3t fogunk k\u00fcldeni. <\/em><\/div>\n<div><em>A <strong>sz\u00f3beli vizsg\u00e1t el\u0151re egyeztetett id\u0151pontokban a Zoom-on<\/strong> kereszt\u00fcl fogjuk megtartani. A sz\u00f3beli vizsga a szok\u00e1sos, el\u0151re megadott szaknyelvi t\u00e9mak\u00f6r\u00f6k alapj\u00e1n folytatott besz\u00e9lget\u00e9sb\u0151l, valamint idegen nyelv\u0171 szaksz\u00f6veg magyar nyelv\u0171 \u00f6sszefoglal\u00e1s\u00e1b\u00f3l fog \u00e1llni. <\/em><\/div>\n<div>\u00a0<\/div>\n<div><em>Tov\u00e1bbi k\u00e9rd\u00e9s eset\u00e9n forduljanak B\u00edr\u00f3-Szab\u00f3 Angelik\u00e1hoz, vagy az illet\u00e9kes szaknyelvoktat\u00f3hoz. <br \/>\n<\/em><\/div>\n<div><em>Sikeres felk\u00e9sz\u00fcl\u00e9st k\u00edv\u00e1nunk! <\/em><\/div>\n<div><em>Szaknyelvi Int\u00e9zet<\/em><\/div>\n","protected":false},"excerpt":{"rendered":"<p>Az egyetemi szaknyelvi z\u00e1r\u00f3vizsg\u00e1t a vesz\u00e9lyhelyzetre tekintettel a t\u00e1voktat\u00e1s eszk\u00f6zeivel fogjuk lebonyol\u00edtani.<\/p>\n","protected":false},"author":118,"featured_media":0,"comment_status":"closed","ping_status":"closed","sticky":false,"template":"","format":"standard","meta":{"_acf_changed":false,"footnotes":""},"categories":[23],"tags":[],"class_list":["post-4688","post","type-post","status-publish","format-standard","hentry","category-hirek"],"acf":[],"_links":{"self":[{"href":"https:\/\/semmelweis.hu\/szaknyelv\/wp-json\/wp\/v2\/posts\/4688","targetHints":{"allow":["GET"]}}],"collection":[{"href":"https:\/\/semmelweis.hu\/szaknyelv\/wp-json\/wp\/v2\/posts"}],"about":[{"href":"https:\/\/semmelweis.hu\/szaknyelv\/wp-json\/wp\/v2\/types\/post"}],"author":[{"embeddable":true,"href":"https:\/\/semmelweis.hu\/szaknyelv\/wp-json\/wp\/v2\/users\/118"}],"replies":[{"embeddable":true,"href":"https:\/\/semmelweis.hu\/szaknyelv\/wp-json\/wp\/v2\/comments?post=4688"}],"version-history":[{"count":1,"href":"https:\/\/semmelweis.hu\/szaknyelv\/wp-json\/wp\/v2\/posts\/4688\/revisions"}],"predecessor-version":[{"id":4689,"href":"https:\/\/semmelweis.hu\/szaknyelv\/wp-json\/wp\/v2\/posts\/4688\/revisions\/4689"}],"wp:attachment":[{"href":"https:\/\/semmelweis.hu\/szaknyelv\/wp-json\/wp\/v2\/media?parent=4688"}],"wp:term":[{"taxonomy":"category","embeddable":true,"href":"https:\/\/semmelweis.hu\/szaknyelv\/wp-json\/wp\/v2\/categories?post=4688"},{"taxonomy":"post_tag","embeddable":true,"href":"https:\/\/semmelweis.hu\/szaknyelv\/wp-json\/wp\/v2\/tags?post=4688"}],"curies":[{"name":"wp","href":"https:\/\/api.w.org\/{rel}","templated":true}]}}