{"id":4685,"date":"2020-04-23T17:41:03","date_gmt":"2020-04-23T15:41:03","guid":{"rendered":"http:\/\/semmelweis.hu\/szaknyelv\/?p=4685"},"modified":"2020-04-25T17:47:44","modified_gmt":"2020-04-25T15:47:44","slug":"angol-nemet-szaknyelvi-alapvizsga-menete-a-veszelyhelyzetben-tartott-vizsgaidoszakban","status":"publish","type":"post","link":"https:\/\/semmelweis.hu\/szaknyelv\/2020\/04\/23\/angol-nemet-szaknyelvi-alapvizsga-menete-a-veszelyhelyzetben-tartott-vizsgaidoszakban\/","title":{"rendered":"Angol\/ N\u00e9met Szaknyelvi Alapvizsga menete a vesz\u00e9lyhelyzetben tartott vizsgaid\u0151szakban"},"content":{"rendered":"<div style=\"text-align: center\"><span style=\"color: #ff0000\"><strong>T\u00e1j\u00e9koztat\u00e1s az Angol\/ N\u00e9met Szaknyelvi Alapvizsga menet\u00e9r\u0151l <br \/>\na vesz\u00e9lyhelyzetben tartott vizsgaid\u0151szakban<\/strong><\/span><\/div>\n<div>\u00a0<\/div>\n<div>Tisztelt Hallgat\u00f3k!<\/div>\n<div>A Szaknyelvi Alapvizsg\u00e1t angol \u00e9s n\u00e9met nyelvb\u0151l a vesz\u00e9lyhelyzetre tekintettel a t\u00e1voktat\u00e1s sor\u00e1n alkalmazott vizsg\u00e1ztat\u00e1si m\u00f3dszerekkel tartjuk meg.<\/div>\n<div>Az <strong>\u00edr\u00e1sbeli \u00e9s a sz\u00f3beli vizsg\u00e1ra a Neptun<\/strong> rendszerben meghirdetett vizsganapokon, egym\u00e1s ut\u00e1n ker\u00fcl sor. A vizsga a hall\u00e1s ut\u00e1ni sz\u00f6veg\u00e9rt\u00e9ssel kezd\u0151dik, amelyet a <strong>Zoom<\/strong> applik\u00e1ci\u00f3n kereszt\u00fcl bonyol\u00edtunk le, majd ezt k\u00f6veti az \u00edr\u00e1sbeli vizsga a <strong>Moodle<\/strong> rendszerben, \u00e9s a sz\u00f3beli szint\u00e9n a Zoom rendszeren kereszt\u00fcl.<\/div>\n<div>A Moodle-ben az Angol \u00e9s N\u00e9met Szaknyelvi alapvizsga t\u00e1rgy alatt tal\u00e1lnak felk\u00e9sz\u00edt\u0151 anyagot, valamint a Moodle pr\u00f3batesztet is itt \u00e9rhetik el 04.24-\u00e9t\u0151l.<\/div>\n<div>\u00a0<\/div>\n<div>Amennyiben k\u00e9rd\u00e9s\u00fck van, \u00c9des \u00c9va tan\u00e1rn\u0151t\u0151l kaphatnak felvil\u00e1gos\u00edt\u00e1st <br \/>\naz<strong> <a href=\"mailto:edes.eva@semmelweis-univ.hu\" target=\"_blank\" rel=\"noopener noreferrer\">edes.eva@semmelweis-univ.hu<\/a> <\/strong>e-mail c\u00edmen.<\/div>\n<div>\u00a0<\/div>\n<div>Eredm\u00e9nyes felk\u00e9sz\u00fcl\u00e9st k\u00edv\u00e1nunk!<\/div>\n<div>Szaknyelvi Int\u00e9zet<\/p>\n<div class=\"yj6qo\">\u00a0<\/div>\n<\/div>\n","protected":false},"excerpt":{"rendered":"<p>A Szaknyelvi Alapvizsg\u00e1t angol \u00e9s n\u00e9met nyelvb\u0151l a vesz\u00e9lyhelyzetre tekintettel a t\u00e1voktat\u00e1s sor\u00e1n alkalmazott vizsg\u00e1ztat\u00e1si m\u00f3dszerekkel tartjuk meg.<\/p>\n","protected":false},"author":118,"featured_media":0,"comment_status":"closed","ping_status":"closed","sticky":false,"template":"","format":"standard","meta":{"_acf_changed":false,"footnotes":""},"categories":[23],"tags":[],"class_list":["post-4685","post","type-post","status-publish","format-standard","hentry","category-hirek"],"acf":[],"_links":{"self":[{"href":"https:\/\/semmelweis.hu\/szaknyelv\/wp-json\/wp\/v2\/posts\/4685","targetHints":{"allow":["GET"]}}],"collection":[{"href":"https:\/\/semmelweis.hu\/szaknyelv\/wp-json\/wp\/v2\/posts"}],"about":[{"href":"https:\/\/semmelweis.hu\/szaknyelv\/wp-json\/wp\/v2\/types\/post"}],"author":[{"embeddable":true,"href":"https:\/\/semmelweis.hu\/szaknyelv\/wp-json\/wp\/v2\/users\/118"}],"replies":[{"embeddable":true,"href":"https:\/\/semmelweis.hu\/szaknyelv\/wp-json\/wp\/v2\/comments?post=4685"}],"version-history":[{"count":2,"href":"https:\/\/semmelweis.hu\/szaknyelv\/wp-json\/wp\/v2\/posts\/4685\/revisions"}],"predecessor-version":[{"id":4687,"href":"https:\/\/semmelweis.hu\/szaknyelv\/wp-json\/wp\/v2\/posts\/4685\/revisions\/4687"}],"wp:attachment":[{"href":"https:\/\/semmelweis.hu\/szaknyelv\/wp-json\/wp\/v2\/media?parent=4685"}],"wp:term":[{"taxonomy":"category","embeddable":true,"href":"https:\/\/semmelweis.hu\/szaknyelv\/wp-json\/wp\/v2\/categories?post=4685"},{"taxonomy":"post_tag","embeddable":true,"href":"https:\/\/semmelweis.hu\/szaknyelv\/wp-json\/wp\/v2\/tags?post=4685"}],"curies":[{"name":"wp","href":"https:\/\/api.w.org\/{rel}","templated":true}]}}