{"id":4683,"date":"2020-04-25T17:28:00","date_gmt":"2020-04-25T15:28:00","guid":{"rendered":"http:\/\/semmelweis.hu\/szaknyelv\/?p=4683"},"modified":"2020-04-25T17:28:00","modified_gmt":"2020-04-25T15:28:00","slug":"terminologia","status":"publish","type":"post","link":"https:\/\/semmelweis.hu\/szaknyelv\/2020\/04\/25\/terminologia\/","title":{"rendered":"F\u00e9l\u00e9vz\u00e1r\u00f3 dolgozatok terminol\u00f3gi\u00e1b\u00f3l"},"content":{"rendered":"<div dir=\"ltr\">\n<div><i><strong><u>F\u00e9l\u00e9vz\u00e1r\u00f3 dolgozatok terminol\u00f3gi\u00e1b\u00f3l<\/u><\/strong><\/p>\n<p>Kedves Hallgat\u00f3k!<\/p>\n<p>A terminol\u00f3giakurzusokat z\u00e1r\u00f3 dolgozatok az egyetemi <strong>Moodle-rendszerben<\/strong> lesznek el\u00e9rhet\u0151k a k\u00f6vetkez\u0151 id\u0151pontokban:<\/p>\n<p><strong>\u00c1OK<\/strong> hallgat\u00f3k sz\u00e1m\u00e1ra: <span style=\"text-decoration: underline\">2020. m\u00e1jus 8. p\u00e9ntek 15:30-16:20<\/span><br \/>\n<strong>FOK<\/strong> hallgat\u00f3k sz\u00e1m\u00e1ra: <span style=\"text-decoration: underline\">2020. m\u00e1jus 8. p\u00e9ntek 17:15-18:05<\/span><br \/>\n<strong>GYTK<\/strong> hallgat\u00f3k sz\u00e1m\u00e1ra: <span style=\"text-decoration: underline\">2020. m\u00e1jus 13. szerda 10:45-11:35<\/span><br \/>\nA <strong>halad\u00f3<\/strong> csoport sz\u00e1m\u00e1ra: <span style=\"text-decoration: underline\">2020. m\u00e1jus 12. kedd 17:20-18:10<\/span><\/p>\n<p>A dolgozat kit\u00f6lt\u00e9s\u00e9re a megadott id\u0151k\u00f6zben 40 perc \u00e1ll rendelkez\u00e9sre.<\/p>\n<p>Tov\u00e1bbi r\u00e9szletek a Moodle-ben tal\u00e1lhat\u00f3k. K\u00e9rd\u00e9seikkel, k\u00e9rj\u00fck, forduljanak a szemin\u00e1riumvezet\u0151ikhez.<\/i><\/div>\n<\/div>\n","protected":false},"excerpt":{"rendered":"<p>A terminol\u00f3giakurzusokat z\u00e1r\u00f3 dolgozatok az egyetemi Moodle-rendszerben lesznek el\u00e9rhet\u0151k az itt tal\u00e1lhat\u00f3 id\u0151pontokban<\/p>\n","protected":false},"author":118,"featured_media":0,"comment_status":"closed","ping_status":"closed","sticky":false,"template":"","format":"standard","meta":{"_acf_changed":false,"footnotes":""},"categories":[23],"tags":[],"class_list":["post-4683","post","type-post","status-publish","format-standard","hentry","category-hirek"],"acf":[],"_links":{"self":[{"href":"https:\/\/semmelweis.hu\/szaknyelv\/wp-json\/wp\/v2\/posts\/4683","targetHints":{"allow":["GET"]}}],"collection":[{"href":"https:\/\/semmelweis.hu\/szaknyelv\/wp-json\/wp\/v2\/posts"}],"about":[{"href":"https:\/\/semmelweis.hu\/szaknyelv\/wp-json\/wp\/v2\/types\/post"}],"author":[{"embeddable":true,"href":"https:\/\/semmelweis.hu\/szaknyelv\/wp-json\/wp\/v2\/users\/118"}],"replies":[{"embeddable":true,"href":"https:\/\/semmelweis.hu\/szaknyelv\/wp-json\/wp\/v2\/comments?post=4683"}],"version-history":[{"count":1,"href":"https:\/\/semmelweis.hu\/szaknyelv\/wp-json\/wp\/v2\/posts\/4683\/revisions"}],"predecessor-version":[{"id":4684,"href":"https:\/\/semmelweis.hu\/szaknyelv\/wp-json\/wp\/v2\/posts\/4683\/revisions\/4684"}],"wp:attachment":[{"href":"https:\/\/semmelweis.hu\/szaknyelv\/wp-json\/wp\/v2\/media?parent=4683"}],"wp:term":[{"taxonomy":"category","embeddable":true,"href":"https:\/\/semmelweis.hu\/szaknyelv\/wp-json\/wp\/v2\/categories?post=4683"},{"taxonomy":"post_tag","embeddable":true,"href":"https:\/\/semmelweis.hu\/szaknyelv\/wp-json\/wp\/v2\/tags?post=4683"}],"curies":[{"name":"wp","href":"https:\/\/api.w.org\/{rel}","templated":true}]}}