{"id":4594,"date":"2020-02-14T11:36:58","date_gmt":"2020-02-14T10:36:58","guid":{"rendered":"http:\/\/semmelweis.hu\/szaknyelv\/?p=4594"},"modified":"2020-02-14T11:37:30","modified_gmt":"2020-02-14T10:37:30","slug":"francia-nagykovetseg-osztondijprogramja","status":"publish","type":"post","link":"https:\/\/semmelweis.hu\/szaknyelv\/2020\/02\/14\/francia-nagykovetseg-osztondijprogramja\/","title":{"rendered":"Francia Nagyk\u00f6vets\u00e9g \u00f6szt\u00f6nd\u00edjprogramja"},"content":{"rendered":"<p>A Magyarorsz\u00e1gi Francia Nagyk\u00f6vets\u00e9g a 2020-2021-es tan\u00e9vben ism\u00e9t \u00f6szt\u00f6nd\u00edjprogramot ind\u00edt azon magyar egyetemi hallgat\u00f3k \u00e9s kutat\u00f3k sz\u00e1m\u00e1ra, akik mester, doktori fokozat\u00fa tanulm\u00e1nyokat vagy kutat\u00e1si munk\u00e1t szeretn\u00e9nek folytatni Franciaorsz\u00e1gban.<\/p>\n<p>Legyenek sz\u00edvesek a mell\u00e9kelt plak\u00e1tot megtekinteni, \u00edgy a k\u00fcl\u00f6nb\u00f6z\u0151 tudom\u00e1ny\u00e1gakban tanul\u00f3 \u00e9s tev\u00e9kenyked\u0151 \u00e9rdekl\u0151d\u0151k \u00e9rtes\u00fclhessenek az \u00f6szt\u00f6nd\u00edjprogram ir\u00e1nyvonalair\u00f3l, a tanulm\u00e1nyi \u00e9s a doktori vagy posztdoktori kutat\u00f3i \u00f6szt\u00f6nd\u00edjakra val\u00f3 jelentkez\u00e9s felt\u00e9teleir\u0151l, valamint a francia fels\u0151oktat\u00e1sban tanulhat\u00f3 szakokr\u00f3l.<\/p>\n<p>Bob Kaba Loemba, az \u00f6szt\u00f6nd\u00edjiroda \u00e9s a Magyarorsz\u00e1gi Campus France iroda vezet\u0151je <br \/>\n( <a href=\"mailto:bk.loemba@inst-france.hu\">bk.loemba@inst-france.hu<\/a> ) \u00e1ll az \u00e9rdekl\u0151d\u0151k rendelkez\u00e9s\u00e9re.<\/p>\n<p><a href=\"https:\/\/semmelweis.hu\/szaknyelv\/files\/2020\/02\/Bourses-2020-HU.png\"><img loading=\"lazy\" decoding=\"async\" class=\"size-medium wp-image-4595 aligncenter\" src=\"https:\/\/semmelweis.hu\/szaknyelv\/files\/2020\/02\/Bourses-2020-HU-282x400.png\" alt=\"\" width=\"282\" height=\"400\" srcset=\"https:\/\/semmelweis.hu\/szaknyelv\/files\/2020\/02\/Bourses-2020-HU-282x400.png 282w, https:\/\/semmelweis.hu\/szaknyelv\/files\/2020\/02\/Bourses-2020-HU.png 559w\" sizes=\"auto, (max-width: 282px) 100vw, 282px\" \/><\/a><\/p>\n","protected":false},"excerpt":{"rendered":"<p>A Magyarorsz\u00e1gi Francia Nagyk\u00f6vets\u00e9g a 2020-2021-es tan\u00e9vben ism\u00e9t \u00f6szt\u00f6nd\u00edjprogramot ind\u00edt azon magyar egyetemi hallgat\u00f3k \u00e9s kutat\u00f3k sz\u00e1m\u00e1ra, akik mester, doktori fokozat\u00fa tanulm\u00e1nyokat vagy kutat\u00e1si munk\u00e1t szeretn\u00e9nek folytatni Franciaorsz\u00e1gban.<\/p>\n","protected":false},"author":118,"featured_media":4595,"comment_status":"closed","ping_status":"closed","sticky":false,"template":"","format":"image","meta":{"_acf_changed":false,"footnotes":""},"categories":[23],"tags":[],"class_list":["post-4594","post","type-post","status-publish","format-image","has-post-thumbnail","hentry","category-hirek","post_format-post-format-image"],"acf":[],"_links":{"self":[{"href":"https:\/\/semmelweis.hu\/szaknyelv\/wp-json\/wp\/v2\/posts\/4594","targetHints":{"allow":["GET"]}}],"collection":[{"href":"https:\/\/semmelweis.hu\/szaknyelv\/wp-json\/wp\/v2\/posts"}],"about":[{"href":"https:\/\/semmelweis.hu\/szaknyelv\/wp-json\/wp\/v2\/types\/post"}],"author":[{"embeddable":true,"href":"https:\/\/semmelweis.hu\/szaknyelv\/wp-json\/wp\/v2\/users\/118"}],"replies":[{"embeddable":true,"href":"https:\/\/semmelweis.hu\/szaknyelv\/wp-json\/wp\/v2\/comments?post=4594"}],"version-history":[{"count":3,"href":"https:\/\/semmelweis.hu\/szaknyelv\/wp-json\/wp\/v2\/posts\/4594\/revisions"}],"predecessor-version":[{"id":4599,"href":"https:\/\/semmelweis.hu\/szaknyelv\/wp-json\/wp\/v2\/posts\/4594\/revisions\/4599"}],"wp:featuredmedia":[{"embeddable":true,"href":"https:\/\/semmelweis.hu\/szaknyelv\/wp-json\/wp\/v2\/media\/4595"}],"wp:attachment":[{"href":"https:\/\/semmelweis.hu\/szaknyelv\/wp-json\/wp\/v2\/media?parent=4594"}],"wp:term":[{"taxonomy":"category","embeddable":true,"href":"https:\/\/semmelweis.hu\/szaknyelv\/wp-json\/wp\/v2\/categories?post=4594"},{"taxonomy":"post_tag","embeddable":true,"href":"https:\/\/semmelweis.hu\/szaknyelv\/wp-json\/wp\/v2\/tags?post=4594"}],"curies":[{"name":"wp","href":"https:\/\/api.w.org\/{rel}","templated":true}]}}