{"id":4494,"date":"2020-01-27T23:13:40","date_gmt":"2020-01-27T22:13:40","guid":{"rendered":"http:\/\/semmelweis.hu\/szaknyelv\/?p=4494"},"modified":"2020-02-14T11:39:59","modified_gmt":"2020-02-14T10:39:59","slug":"benedikt-buhler-berlini-parlamenti-meghallgatasa","status":"publish","type":"post","link":"https:\/\/semmelweis.hu\/szaknyelv\/2020\/01\/27\/benedikt-buhler-berlini-parlamenti-meghallgatasa\/","title":{"rendered":"Benedikt B\u00fchler berlini parlamenti meghallgat\u00e1sa"},"content":{"rendered":"<div dir=\"auto\">A Szaknyelvi Int\u00e9zet k\u00e9pviselete is r\u00e9szt vett m\u00e1sod\u00e9ves gy\u00f3gyszer\u00e9szhallgat\u00f3nk, <b>Benedikt B\u00fchler<\/b> 2020. janu\u00e1r 27-i berlini parlamenti meghallgat\u00e1s\u00e1n, mely sor\u00e1n Benedikt B\u00fchler a n\u00e9met \u00e1llam legfiatalabb pet\u00edci\u00f3t beny\u00fajt\u00f3 polg\u00e1rak\u00e9nt szem\u00e9lyesen t\u00e1rta Jens Spahn eg\u00e9szs\u00e9g\u00fcgyi miniszter, valamint a parlamenti p\u00e1rtok k\u00e9pvisel\u0151i el\u00e9 a v\u00e9nyk\u00f6teles gy\u00f3gyszerek interneten t\u00f6rt\u00e9n\u0151 megrendel\u00e9s\u00e9nek betilt\u00e1s\u00e1ra ir\u00e1nyul\u00f3 k\u00e9relm\u00e9t. A pet\u00edci\u00f3hoz\u00a0N\u00e9metorsz\u00e1g-szerte\u00a0402 080 al\u00e1\u00edr\u00e1st gy\u0171jt\u00f6tt, c\u00e9lja a gy\u00f3gyszer\u00e9sz szakma t\u00e1j\u00e9koztat\u00f3 \u00e9s tan\u00e1csad\u00f3 szerep\u00e9nek megtart\u00e1sa a betegek biztons\u00e1ga \u00e9rdek\u00e9ben.\u00a0<\/div>\n<div dir=\"auto\">\u00a0<\/div>\n<div dir=\"auto\">\u00a0<a href=\"https:\/\/www.deutsche-apotheker-zeitung.de\/themen\/thema\/benedikt-buehler\" target=\"_blank\" rel=\"noopener noreferrer\">https:\/\/www.deutsche-apotheker-zeitung.de\/themen\/thema\/benedikt-buehler<\/a><\/div>\n<div dir=\"auto\">\n<p><a href=\"https:\/\/semmelweis.hu\/szaknyelv\/files\/2020\/01\/IMG_20200127_112538.jpg\"><img loading=\"lazy\" decoding=\"async\" class=\"size-medium wp-image-4496\" src=\"https:\/\/semmelweis.hu\/szaknyelv\/files\/2020\/01\/IMG_20200127_112538-400x226.jpg\" alt=\"\" width=\"400\" height=\"226\" srcset=\"https:\/\/semmelweis.hu\/szaknyelv\/files\/2020\/01\/IMG_20200127_112538-400x226.jpg 400w, https:\/\/semmelweis.hu\/szaknyelv\/files\/2020\/01\/IMG_20200127_112538-768x434.jpg 768w, https:\/\/semmelweis.hu\/szaknyelv\/files\/2020\/01\/IMG_20200127_112538-1024x578.jpg 1024w, https:\/\/semmelweis.hu\/szaknyelv\/files\/2020\/01\/IMG_20200127_112538-753x425.jpg 753w\" sizes=\"auto, (max-width: 400px) 100vw, 400px\" \/><\/a><\/p>\n<p><a href=\"https:\/\/semmelweis.hu\/szaknyelv\/files\/2020\/01\/IMG_20200127_120341.jpg\"><img loading=\"lazy\" decoding=\"async\" class=\"size-medium wp-image-4495\" src=\"https:\/\/semmelweis.hu\/szaknyelv\/files\/2020\/01\/IMG_20200127_120341-400x226.jpg\" alt=\"\" width=\"400\" height=\"226\" \/><\/a><\/p>\n<\/div>\n","protected":false},"excerpt":{"rendered":"<p>A Szaknyelvi Int\u00e9zet k\u00e9pviselete is r\u00e9szt vett m\u00e1sod\u00e9ves gy\u00f3gyszer\u00e9szhallgat\u00f3nk, Benedikt B\u00fchler 2020. janu\u00e1r 27-i berlini parlamenti meghallgat\u00e1s\u00e1n.<\/p>\n","protected":false},"author":118,"featured_media":0,"comment_status":"closed","ping_status":"closed","sticky":false,"template":"","format":"standard","meta":{"_acf_changed":false,"footnotes":""},"categories":[23],"tags":[],"class_list":["post-4494","post","type-post","status-publish","format-standard","hentry","category-hirek"],"acf":[],"_links":{"self":[{"href":"https:\/\/semmelweis.hu\/szaknyelv\/wp-json\/wp\/v2\/posts\/4494","targetHints":{"allow":["GET"]}}],"collection":[{"href":"https:\/\/semmelweis.hu\/szaknyelv\/wp-json\/wp\/v2\/posts"}],"about":[{"href":"https:\/\/semmelweis.hu\/szaknyelv\/wp-json\/wp\/v2\/types\/post"}],"author":[{"embeddable":true,"href":"https:\/\/semmelweis.hu\/szaknyelv\/wp-json\/wp\/v2\/users\/118"}],"replies":[{"embeddable":true,"href":"https:\/\/semmelweis.hu\/szaknyelv\/wp-json\/wp\/v2\/comments?post=4494"}],"version-history":[{"count":3,"href":"https:\/\/semmelweis.hu\/szaknyelv\/wp-json\/wp\/v2\/posts\/4494\/revisions"}],"predecessor-version":[{"id":4601,"href":"https:\/\/semmelweis.hu\/szaknyelv\/wp-json\/wp\/v2\/posts\/4494\/revisions\/4601"}],"wp:attachment":[{"href":"https:\/\/semmelweis.hu\/szaknyelv\/wp-json\/wp\/v2\/media?parent=4494"}],"wp:term":[{"taxonomy":"category","embeddable":true,"href":"https:\/\/semmelweis.hu\/szaknyelv\/wp-json\/wp\/v2\/categories?post=4494"},{"taxonomy":"post_tag","embeddable":true,"href":"https:\/\/semmelweis.hu\/szaknyelv\/wp-json\/wp\/v2\/tags?post=4494"}],"curies":[{"name":"wp","href":"https:\/\/api.w.org\/{rel}","templated":true}]}}