{"id":4440,"date":"2019-12-19T23:05:11","date_gmt":"2019-12-19T22:05:11","guid":{"rendered":"http:\/\/semmelweis.hu\/szaknyelv\/?p=4440"},"modified":"2019-12-19T23:11:42","modified_gmt":"2019-12-19T22:11:42","slug":"4440","status":"publish","type":"post","link":"https:\/\/semmelweis.hu\/szaknyelv\/2019\/12\/19\/4440\/","title":{"rendered":"Konrad-Adenauer-Stiftung\u00a0 \u00f6szt\u00f6nd\u00edj-p\u00e1ly\u00e1zat"},"content":{"rendered":"<div id=\"m_3104944665558211497GroupWiseSection_1576789306000_fogarasi-nuber.katalin@semmelweis-univ.hu_C29FB58117EB0000B4706F6437396132_\">Kedves Hallgat\u00f3k!\u00a0<\/div>\n<div id=\"m_3104944665558211497GroupWiseSection_1576789306000_fogarasi-nuber.katalin@semmelweis-univ.hu_C29FB58117EB0000B4706F6437396132_\">\u00a0<\/div>\n<div id=\"m_3104944665558211497GroupWiseSection_1576789306000_fogarasi-nuber.katalin@semmelweis-univ.hu_C29FB58117EB0000B4706F6437396132_\">A <strong>Konrad-Adenauer-Stiftung<\/strong>\u00a0 \u00f6szt\u00f6nd\u00edj-p\u00e1ly\u00e1zatot hirdet\u00a0n\u00e9metorsz\u00e1gi mester- \u00e9s doktori k\u00e9pz\u00e9sre, a 2020\/21-es tan\u00e9v \u0151szi szemeszter\u00e9t\u0151l.\u00a0<\/div>\n<div>A p\u00e1ly\u00e1zat beny\u00fajt\u00e1s\u00e1nak hat\u00e1rideje <b>2020. 02.15.\u00a0\u00a0<\/b><\/div>\n<div id=\"m_3104944665558211497GroupWiseSection_1576789306000_fogarasi-nuber.katalin@semmelweis-univ.hu_C29FB58117EB0000B4706F6437396132_\">2020. 01. 15-\u00e9n 15-18 \u00f3ra k\u00f6z\u00f6tt szem\u00e9lyes konzult\u00e1ci\u00f3t is ig\u00e9nybe vehetnek a Konrad-Adenauer-Stiftung budapesti irod\u00e1j\u00e1ban, amelyre a <span style=\"font-size: 14pt\">in<a href=\"mailto:fo.budapest@kas.de\" target=\"_blank\" rel=\"noopener noreferrer\">fo.budapest@kas.de<\/a> <\/span>e-mail c\u00edmen lehet jelentkezni.\u00a0<\/div>\n<div id=\"m_3104944665558211497GroupWiseSection_1576789306000_fogarasi-nuber.katalin@semmelweis-univ.hu_C29FB58117EB0000B4706F6437396132_\">Tov\u00e1bbi inform\u00e1ci\u00f3:\u00a0<a href=\"https:\/\/www.kas.de\/web\/ungarn\/stipendien\" target=\"_blank\" rel=\"noopener noreferrer\">https:\/\/www.kas.de\/web\/ungarn\/stipendien<\/a>\u00a0<\/div>\n<div><a href=\"https:\/\/semmelweis.hu\/szaknyelv\/files\/2019\/12\/Vorlage_Ausschreibung_AWT-KAS-Ungarn.pdf\">pdf inf\u00f3<\/a><\/div>\n<div>\u00a0<\/div>\n<div>Liebe Studierende!<\/div>\n<div>\u00a0<\/div>\n<div>im Jahre 2020 vergibt die <strong>Konrad-Adenauer-Stiftung<\/strong> an talentierte junge Ungarn Stipendien f\u00fcr ein Deutschlandstudium (Master oder Promotion) ab dem WS 2020\/2021.<\/div>\n<div>Bewerbungsfrist ist der <strong>15.2.2020<\/strong>, das Bewerbungsverfahren findet durchg\u00e4ngig in Budapest statt. Es besteht die M\u00f6glichkeit einer pers\u00f6nlichen Konsultation im B\u00fcro des Auslandsb\u00fcros Ungarn der Konrad-Adenauer-Stiftung, Termin; 15.1.2020, 15-18 Uhr, Anmeldung erforderlich: <a href=\"mailto:info.budapest@kas.de\" target=\"_blank\" rel=\"noopener noreferrer\">info.budapest@kas.de<\/a> .<\/div>\n<div>Die entsprechende Ausschreibung finden Sie hier: <a href=\"https:\/\/www.kas.de\/web\/ungarn\/stipendien\" target=\"_blank\" rel=\"noopener noreferrer\">https:\/\/www.kas.de\/web\/ungarn\/stipendien<\/a><\/div>\n<div><a href=\"https:\/\/semmelweis.hu\/szaknyelv\/files\/2019\/12\/Vorlage_Ausschreibung_AWT-KAS-Ungarn.pdf\">pdf info<\/a><\/div>\n","protected":false},"excerpt":{"rendered":"<p>A Konrad-Adenauer-Stiftung\u00a0 \u00f6szt\u00f6nd\u00edj-p\u00e1ly\u00e1zatot hirdet\u00a0n\u00e9metorsz\u00e1gi mester- \u00e9s doktori k\u00e9pz\u00e9sre, a 2020\/21-es tan\u00e9v \u0151szi szemeszter\u00e9t\u0151l.\u00a0<\/p>\n","protected":false},"author":118,"featured_media":0,"comment_status":"closed","ping_status":"closed","sticky":false,"template":"","format":"standard","meta":{"_acf_changed":false,"footnotes":""},"categories":[1,23],"tags":[],"class_list":["post-4440","post","type-post","status-publish","format-standard","hentry","category-egyeb","category-hirek"],"acf":[],"_links":{"self":[{"href":"https:\/\/semmelweis.hu\/szaknyelv\/wp-json\/wp\/v2\/posts\/4440","targetHints":{"allow":["GET"]}}],"collection":[{"href":"https:\/\/semmelweis.hu\/szaknyelv\/wp-json\/wp\/v2\/posts"}],"about":[{"href":"https:\/\/semmelweis.hu\/szaknyelv\/wp-json\/wp\/v2\/types\/post"}],"author":[{"embeddable":true,"href":"https:\/\/semmelweis.hu\/szaknyelv\/wp-json\/wp\/v2\/users\/118"}],"replies":[{"embeddable":true,"href":"https:\/\/semmelweis.hu\/szaknyelv\/wp-json\/wp\/v2\/comments?post=4440"}],"version-history":[{"count":6,"href":"https:\/\/semmelweis.hu\/szaknyelv\/wp-json\/wp\/v2\/posts\/4440\/revisions"}],"predecessor-version":[{"id":4447,"href":"https:\/\/semmelweis.hu\/szaknyelv\/wp-json\/wp\/v2\/posts\/4440\/revisions\/4447"}],"wp:attachment":[{"href":"https:\/\/semmelweis.hu\/szaknyelv\/wp-json\/wp\/v2\/media?parent=4440"}],"wp:term":[{"taxonomy":"category","embeddable":true,"href":"https:\/\/semmelweis.hu\/szaknyelv\/wp-json\/wp\/v2\/categories?post=4440"},{"taxonomy":"post_tag","embeddable":true,"href":"https:\/\/semmelweis.hu\/szaknyelv\/wp-json\/wp\/v2\/tags?post=4440"}],"curies":[{"name":"wp","href":"https:\/\/api.w.org\/{rel}","templated":true}]}}